{"id":10504,"date":"2018-05-12T13:45:12","date_gmt":"2018-05-12T11:45:12","guid":{"rendered":"http:\/\/nszzp.wroclaw.pl\/?p=10504"},"modified":"2018-05-12T13:47:23","modified_gmt":"2018-05-12T11:47:23","slug":"rannego-policjanta-odwiedzili-komendanci-policji","status":"publish","type":"post","link":"http:\/\/nszzp.wroclaw.pl\/index.php\/2018\/05\/12\/rannego-policjanta-odwiedzili-komendanci-policji\/","title":{"rendered":"Rannego policjanta odwiedzili Komendanci Policji"},"content":{"rendered":"<div class=\"head\">\n<h5><b>Dzi\u015b w szpitalu rannego policjanta odwiedzili Zast\u0119pca Komendanta G\u0142\u00f3wnego Policji nadinsp. Jan Lach wraz z Komendantem Wojew\u00f3dzkim Policji w Bydgoszczy insp. Paw\u0142em Spycha\u0142\u0105. Najwa\u017cniejsze, \u017ce \u017cycie policjanta w tej chwili nie jest zagro\u017cone.<\/b><\/h5>\n<\/div>\n<p>Popo\u0142udniu do Pa\u0142uckiego Centrum Zdrowia w \u017bninie, gdzie przebywa dzielnicowy zaatakowany i raniony podczas interwencji, przyjechali Szefowie Policji. Zast\u0119pca Komendanta G\u0142\u00f3wnego Policji nadinsp. Jan Lach wraz z Komendantem Wojew\u00f3dzkim Policji w Bydgoszczy insp. Paw\u0142em Spycha\u0142\u0105 rozmawiali z lekarzami o stanie zdrowia funkcjonariusza. Najwa\u017cniejsze informacje, kt\u00f3re uspakajaj\u0105, s\u0105 takie, \u017ce stan zdrowia policjanta jest stabilny. Komendanci rozmawiali z lekarzami, dzi\u0119kuj\u0105c im za fachow\u0105 opiek\u0119. Kr\u00f3tko rozmawiali te\u017c z policjantem.<\/p>\n<p><img loading=\"lazy\" decoding=\"async\" class=\"blazy aligncenter size-large wp-image-10506\" src=\"http:\/\/nszzp.wroclaw.pl\/wp-content\/themes\/newsmag-pro\/assets\/images\/picture_placeholder_list.jpg\" data-src=\"http:\/\/nszzp.wroclaw.pl\/wp-content\/uploads\/2018\/05\/136-209177-1024x685.jpg\" alt=\"\" width=\"1024\" height=\"685\" \/><noscript><img loading=\"lazy\" decoding=\"async\" class=\"aligncenter size-large wp-image-10506\" src=\"http:\/\/nszzp.wroclaw.pl\/wp-content\/uploads\/2018\/05\/136-209177-1024x685.jpg\" alt=\"\" width=\"1024\" height=\"685\" srcset=\"http:\/\/nszzp.wroclaw.pl\/wp-content\/uploads\/2018\/05\/136-209177-1024x685.jpg 1024w, http:\/\/nszzp.wroclaw.pl\/wp-content\/uploads\/2018\/05\/136-209177-300x201.jpg 300w, http:\/\/nszzp.wroclaw.pl\/wp-content\/uploads\/2018\/05\/136-209177-768x514.jpg 768w, http:\/\/nszzp.wroclaw.pl\/wp-content\/uploads\/2018\/05\/136-209177.jpg 1200w\" sizes=\"auto, (max-width: 1024px) 100vw, 1024px\" \/><\/noscript><\/p>\n<p><strong>Wszyscy \u017cyczymy Policjantowi szybkiego powrotu do pe\u0142ni zdrowia. Trzymamy kciuki za Karola! Zdrowiej!!!<\/strong><\/p>\n<p>Przypomnijmy: w pi\u0105tek (11.05.18) oko\u0142o godziny 5.30 dzielnicowi z Komendy Powiatowej Policji w \u017bninie otrzymali zg\u0142oszenie o w\u0142amaniu do domu na terenie gminy G\u0105sawa. Poinformowali o tym fakcie dy\u017curnego i pojechali na miejsce.<\/p>\n<p>B\u0119d\u0105c ju\u017c na posesji zg\u0142aszaj\u0105cego us\u0142yszeli krzyki kobiety dochodz\u0105ce z mieszkania. Poniewa\u017c drzwi by\u0142y zabarykadowane, policjanci zdecydowali si\u0119 na si\u0142owe wej\u015bcie. W budynku znajdowa\u0142 si\u0119 36-letni m\u0119\u017cczyzna, kt\u00f3ry jednego z interweniuj\u0105cych funkcjonariuszy ugodzi\u0142 no\u017cem. Napastnik zosta\u0142 zatrzymany i obezw\u0142adniony przez drugiego policjanta.<\/p>\n<p>Ranny funkcjonariusz zosta\u0142 przewieziony do Pa\u0142uckiego Centrum Zdrowia w \u017bninie, gdzie udzielono mu pomocy medycznej.<\/p>\n<p><span style=\"color: #339966;\">Czytaj : <a style=\"color: #339966;\" href=\"http:\/\/www.pomorska.pl\/wiadomosci\/znin\/a\/policjant-ze-znina-podczas-interwencji-w-biskupinie-zostal-ugodzony-nozem-przebywa-w-szpitalu-wideo,13167248\/\" target=\"_blank\" rel=\"noopener noreferrer\">Policjant ze \u017bnina podczas interwencji w Biskupinie zosta\u0142 ugodzony no\u017cem, przebywa w szpitalu<\/a><\/span><\/p>\n<p>&nbsp;<\/p>\n<p>\u017ar\u00f3d\u0142o: <a href=\"http:\/\/policja.pl\/pol\/aktualnosci\/158556,Rannego-policjanta-odwiedzili-Komendanci-Policji.html\" target=\"_blank\" rel=\"noopener noreferrer\">http:\/\/policja.pl\/pol\/aktualnosci\/158556,Rannego-policjanta-odwiedzili-Komendanci-Policji.html<\/a><\/p>\n","protected":false},"excerpt":{"rendered":"<p>Dzi\u015b w szpitalu rannego policjanta odwiedzili Zast\u0119pca Komendanta G\u0142\u00f3wnego Policji nadinsp. Jan Lach wraz z Komendantem Wojew\u00f3dzkim Policji w Bydgoszczy insp. Paw\u0142em Spycha\u0142\u0105. Najwa\u017cniejsze, \u017ce \u017cycie policjanta w tej chwili nie jest zagro\u017cone. Popo\u0142udniu do Pa\u0142uckiego Centrum Zdrowia w \u017bninie, gdzie przebywa dzielnicowy zaatakowany i raniony podczas interwencji, przyjechali Szefowie Policji. Zast\u0119pca Komendanta G\u0142\u00f3wnego Policji [&hellip;]<\/p>\n","protected":false},"author":2,"featured_media":10507,"comment_status":"closed","ping_status":"closed","sticky":false,"template":"","format":"standard","meta":{"footnotes":""},"categories":[8,28,1],"tags":[],"class_list":["post-10504","post","type-post","status-publish","format-standard","has-post-thumbnail","hentry","category-kolumna-3","category-baner","category-bez-kategorii"],"_links":{"self":[{"href":"http:\/\/nszzp.wroclaw.pl\/index.php\/wp-json\/wp\/v2\/posts\/10504","targetHints":{"allow":["GET"]}}],"collection":[{"href":"http:\/\/nszzp.wroclaw.pl\/index.php\/wp-json\/wp\/v2\/posts"}],"about":[{"href":"http:\/\/nszzp.wroclaw.pl\/index.php\/wp-json\/wp\/v2\/types\/post"}],"author":[{"embeddable":true,"href":"http:\/\/nszzp.wroclaw.pl\/index.php\/wp-json\/wp\/v2\/users\/2"}],"replies":[{"embeddable":true,"href":"http:\/\/nszzp.wroclaw.pl\/index.php\/wp-json\/wp\/v2\/comments?post=10504"}],"version-history":[{"count":3,"href":"http:\/\/nszzp.wroclaw.pl\/index.php\/wp-json\/wp\/v2\/posts\/10504\/revisions"}],"predecessor-version":[{"id":10509,"href":"http:\/\/nszzp.wroclaw.pl\/index.php\/wp-json\/wp\/v2\/posts\/10504\/revisions\/10509"}],"wp:featuredmedia":[{"embeddable":true,"href":"http:\/\/nszzp.wroclaw.pl\/index.php\/wp-json\/wp\/v2\/media\/10507"}],"wp:attachment":[{"href":"http:\/\/nszzp.wroclaw.pl\/index.php\/wp-json\/wp\/v2\/media?parent=10504"}],"wp:term":[{"taxonomy":"category","embeddable":true,"href":"http:\/\/nszzp.wroclaw.pl\/index.php\/wp-json\/wp\/v2\/categories?post=10504"},{"taxonomy":"post_tag","embeddable":true,"href":"http:\/\/nszzp.wroclaw.pl\/index.php\/wp-json\/wp\/v2\/tags?post=10504"}],"curies":[{"name":"wp","href":"https:\/\/api.w.org\/{rel}","templated":true}]}}