{"id":1232,"date":"2017-02-16T22:13:18","date_gmt":"2017-02-16T21:13:18","guid":{"rendered":"http:\/\/nszzp.wroclaw.pl\/?p=1232"},"modified":"2017-02-16T23:24:44","modified_gmt":"2017-02-16T22:24:44","slug":"wystapienie-do-komisji-europejskiej-w-sprawie-naruszenia-praw-podstawowych-europejski-trybunal-praw-czlowieka","status":"publish","type":"post","link":"http:\/\/nszzp.wroclaw.pl\/index.php\/2017\/02\/16\/wystapienie-do-komisji-europejskiej-w-sprawie-naruszenia-praw-podstawowych-europejski-trybunal-praw-czlowieka\/","title":{"rendered":"Wyst\u0105pienie do Komisji Europejskiej w sprawie naruszenia praw podstawowych. Europejski Trybuna\u0142 Praw Cz\u0142owieka"},"content":{"rendered":"<p><strong>1. Bruksela 7.02.2017<\/strong><br \/>\n<img loading=\"lazy\" decoding=\"async\" class=\"blazy alignleft size-full wp-image-1246\" src=\"http:\/\/nszzp.wroclaw.pl\/wp-content\/themes\/newsmag-pro\/assets\/images\/picture_placeholder_list.jpg\" data-src=\"http:\/\/nszzp.wroclaw.pl\/wp-content\/uploads\/2017\/02\/zemkelogoflash2-e1487282339971.png\" alt=\"\" width=\"216\" height=\"232\" \/><noscript><img loading=\"lazy\" decoding=\"async\" class=\"alignleft size-full wp-image-1246\" src=\"http:\/\/nszzp.wroclaw.pl\/wp-content\/uploads\/2017\/02\/zemkelogoflash2-e1487282339971.png\" alt=\"\" width=\"216\" height=\"232\" \/><\/noscript>Janusz Zemke, Pose\u0142 do Parlamentu\u00a0Europejskiego wyst\u0105pi\u0142 do Fransa\u00a0Timmermans, Pierwszego\u00a0wiceprzewodnicz\u0105cego Komisji\u00a0Europejskiej w sprawie naruszenia\u00a0praw podstawowych przez nowe prawo\u00a0emerytalno-rentowe, dotycz\u0105ce s\u0142u\u017cb\u00a0mundurowych s\u0142u\u017c\u0105cych Polsce przed\u00a01990 rokiem<\/p>\n<p><strong><span style=\"color: #0000ff;\"><a style=\"color: #0000ff;\" href=\"http:\/\/www.seirp.pl\/ckfinder_pliki\/files\/Archiwum\/List%20J.Zemke%20do%20F.Timmermans.pdf\" target=\"_blank\">Czytaj Tutaj Tre\u015b\u0107<\/a><\/span><\/strong><\/p>\n<p><strong>2.\u00a0Europejski Trybuna\u0142 Praw Cz\u0142owieka.\u00a0Przewodnik<\/strong><\/p>\n<p>Trybuna\u0142 mo\u017ce przyjmowa\u0107 skargi\u00a0ka\u017cdej osoby, organizacji\u00a0pozarz\u0105dowej lub grupy jednostek,\u00a0kt\u00f3ra uwa\u017ca, \u017ce sta\u0142a si\u0119 ofiar\u0105\u00a0naruszenia przez jedn\u0105 z Wysokich\u00a0Uk\u0142adaj\u0105cych si\u0119 Stron praw zawartych\u00a0w niniejszej &#8222;Konwencji Praw\u00a0Cz\u0142owieka&#8221; (Artyku\u0142 34 Konwencji)<\/p>\n<p><span style=\"color: #0000ff;\"><a style=\"color: #0000ff;\" href=\"http:\/\/www.seirp.pl\/ckfinder_pliki\/files\/Archiwum\/Admissibility_guide_POL%20(1).pdf\" target=\"_blank\">Czytaj Tutaj Poradnik<\/a><\/span><\/p>\n<p>\u017ar\u00f3d\u0142o : <a href=\"http:\/\/www.seirp.pl\/7_02_2017_-wystapienie-do-komisji-europejskiej-w-sprawie-naruszenia-praw_-europejski-trybunal-praw-czlowieka\">http:\/\/www.seirp.pl\/7_02_2017_-wystapienie-do-komisji-europejskiej-w-sprawie-naruszenia-praw_-europejski-trybunal-praw-czlowieka<\/a><\/p>\n<p>foto za : <a href=\"http:\/\/zemke.pl\/\">http:\/\/zemke.pl\/<\/a><\/p>\n<p><img loading=\"lazy\" decoding=\"async\" class=\"blazy alignleft size-full wp-image-1233\" src=\"http:\/\/nszzp.wroclaw.pl\/wp-content\/themes\/newsmag-pro\/assets\/images\/picture_placeholder_list.jpg\" data-src=\"http:\/\/nszzp.wroclaw.pl\/wp-content\/uploads\/2017\/02\/logo-1.png\" alt=\"\" width=\"315\" height=\"96\" \/><noscript><img loading=\"lazy\" decoding=\"async\" class=\"alignleft size-full wp-image-1233\" src=\"http:\/\/nszzp.wroclaw.pl\/wp-content\/uploads\/2017\/02\/logo-1.png\" alt=\"\" width=\"315\" height=\"96\" srcset=\"http:\/\/nszzp.wroclaw.pl\/wp-content\/uploads\/2017\/02\/logo-1.png 315w, http:\/\/nszzp.wroclaw.pl\/wp-content\/uploads\/2017\/02\/logo-1-300x91.png 300w\" sizes=\"auto, (max-width: 315px) 100vw, 315px\" \/><\/noscript><\/p>\n","protected":false},"excerpt":{"rendered":"<p>1. Bruksela 7.02.2017 Janusz Zemke, Pose\u0142 do Parlamentu\u00a0Europejskiego wyst\u0105pi\u0142 do Fransa\u00a0Timmermans, Pierwszego\u00a0wiceprzewodnicz\u0105cego Komisji\u00a0Europejskiej w sprawie naruszenia\u00a0praw podstawowych przez nowe prawo\u00a0emerytalno-rentowe, dotycz\u0105ce s\u0142u\u017cb\u00a0mundurowych s\u0142u\u017c\u0105cych Polsce przed\u00a01990 rokiem Czytaj Tutaj Tre\u015b\u0107 2.\u00a0Europejski Trybuna\u0142 Praw Cz\u0142owieka.\u00a0Przewodnik Trybuna\u0142 mo\u017ce przyjmowa\u0107 skargi\u00a0ka\u017cdej osoby, organizacji\u00a0pozarz\u0105dowej lub grupy jednostek,\u00a0kt\u00f3ra uwa\u017ca, \u017ce sta\u0142a si\u0119 ofiar\u0105\u00a0naruszenia przez jedn\u0105 z Wysokich\u00a0Uk\u0142adaj\u0105cych si\u0119 Stron praw zawartych\u00a0w [&hellip;]<\/p>\n","protected":false},"author":2,"featured_media":1233,"comment_status":"closed","ping_status":"closed","sticky":false,"template":"","format":"standard","meta":{"footnotes":""},"categories":[8,28,1],"tags":[],"class_list":["post-1232","post","type-post","status-publish","format-standard","has-post-thumbnail","hentry","category-kolumna-3","category-baner","category-bez-kategorii"],"_links":{"self":[{"href":"http:\/\/nszzp.wroclaw.pl\/index.php\/wp-json\/wp\/v2\/posts\/1232","targetHints":{"allow":["GET"]}}],"collection":[{"href":"http:\/\/nszzp.wroclaw.pl\/index.php\/wp-json\/wp\/v2\/posts"}],"about":[{"href":"http:\/\/nszzp.wroclaw.pl\/index.php\/wp-json\/wp\/v2\/types\/post"}],"author":[{"embeddable":true,"href":"http:\/\/nszzp.wroclaw.pl\/index.php\/wp-json\/wp\/v2\/users\/2"}],"replies":[{"embeddable":true,"href":"http:\/\/nszzp.wroclaw.pl\/index.php\/wp-json\/wp\/v2\/comments?post=1232"}],"version-history":[{"count":5,"href":"http:\/\/nszzp.wroclaw.pl\/index.php\/wp-json\/wp\/v2\/posts\/1232\/revisions"}],"predecessor-version":[{"id":1258,"href":"http:\/\/nszzp.wroclaw.pl\/index.php\/wp-json\/wp\/v2\/posts\/1232\/revisions\/1258"}],"wp:featuredmedia":[{"embeddable":true,"href":"http:\/\/nszzp.wroclaw.pl\/index.php\/wp-json\/wp\/v2\/media\/1233"}],"wp:attachment":[{"href":"http:\/\/nszzp.wroclaw.pl\/index.php\/wp-json\/wp\/v2\/media?parent=1232"}],"wp:term":[{"taxonomy":"category","embeddable":true,"href":"http:\/\/nszzp.wroclaw.pl\/index.php\/wp-json\/wp\/v2\/categories?post=1232"},{"taxonomy":"post_tag","embeddable":true,"href":"http:\/\/nszzp.wroclaw.pl\/index.php\/wp-json\/wp\/v2\/tags?post=1232"}],"curies":[{"name":"wp","href":"https:\/\/api.w.org\/{rel}","templated":true}]}}