{"id":1542,"date":"2018-07-23T11:54:14","date_gmt":"2018-07-23T09:54:14","guid":{"rendered":"http:\/\/nszzp.wroclaw.pl\/?p=1542"},"modified":"2020-04-02T15:37:05","modified_gmt":"2020-04-02T13:37:05","slug":"program-ubezpieczen-grupowych-dla-funkcjonariuszy-i-pracownikow-policji","status":"publish","type":"post","link":"http:\/\/nszzp.wroclaw.pl\/index.php\/2018\/07\/23\/program-ubezpieczen-grupowych-dla-funkcjonariuszy-i-pracownikow-policji\/","title":{"rendered":"PZU Policjant\/Emeryt"},"content":{"rendered":"\n<figure class=\"wp-block-image size-large is-resized\"><img loading=\"lazy\" decoding=\"async\" src=\"http:\/\/nszzp.wroclaw.pl\/wp-content\/themes\/newsmag-pro\/assets\/images\/picture_placeholder_list.jpg\" data-src=\"http:\/\/nszzp.wroclaw.pl\/wp-content\/uploads\/2018\/07\/ban-1-e1515756719842-1024x337.jpg\" alt=\"\" class=\"blazy wp-image-67537\" width=\"672\" height=\"220\"\/><noscript><img loading=\"lazy\" decoding=\"async\" src=\"http:\/\/nszzp.wroclaw.pl\/wp-content\/uploads\/2018\/07\/ban-1-e1515756719842-1024x337.jpg\" alt=\"\" class=\"wp-image-67537\" width=\"672\" height=\"220\" srcset=\"http:\/\/nszzp.wroclaw.pl\/wp-content\/uploads\/2018\/07\/ban-1-e1515756719842-1024x337.jpg 1024w, http:\/\/nszzp.wroclaw.pl\/wp-content\/uploads\/2018\/07\/ban-1-e1515756719842-300x99.jpg 300w, http:\/\/nszzp.wroclaw.pl\/wp-content\/uploads\/2018\/07\/ban-1-e1515756719842-768x253.jpg 768w, http:\/\/nszzp.wroclaw.pl\/wp-content\/uploads\/2018\/07\/ban-1-e1515756719842-1536x505.jpg 1536w, http:\/\/nszzp.wroclaw.pl\/wp-content\/uploads\/2018\/07\/ban-1-e1515756719842.jpg 1818w\" sizes=\"auto, (max-width: 672px) 100vw, 672px\" \/><\/noscript><\/figure>\n\n\n<p class=\"mb20\">\u00a0<\/p>\n<h4 class=\"mb20\"><span style=\"color: #0000ff;\"><a style=\"color: #0000ff;\" href=\"http:\/\/nszzp.wroclaw.pl\/index.php\/2017\/03\/04\/program-ubezpieczen-grupowych-dla-funkcjonariuszy-i-pracownikow-policji\/policja-2015-deklaracja-przystapienia-funkcjonariusz-i-pracownik\/\" target=\"_blank\" rel=\"attachment wp-att-6362 noopener noreferrer\">Policja 2015 deklaracja przyst\u0105pienia &#8211; Funkcjonariusz i Pracownik<\/a><\/span><\/h4>\n<h4 class=\"mb20\"><span style=\"color: #0000ff;\"> <a style=\"color: #0000ff;\" href=\"http:\/\/nszzp.wroclaw.pl\/index.php\/2017\/03\/04\/program-ubezpieczen-grupowych-dla-funkcjonariuszy-i-pracownikow-policji\/program-policja-2015\/\" target=\"_blank\" rel=\"attachment wp-att-6363 noopener noreferrer\">Program Policja 2015 Informacja<\/a><\/span><\/h4>\n<p><span style=\"color: #3366ff;\"><a style=\"color: #3366ff;\" href=\"http:\/\/nszzp.wroclaw.pl\/wp-content\/uploads\/2018\/07\/KLAUZULA-SPRZEDA\u017bOWA-PZU-\u017bycie.pdf\" target=\"_blank\" rel=\"noopener noreferrer\"><strong>KLAUZULA SPRZEDA\u017bOWA PZU \u017bycie<\/strong><\/a><\/span><\/p>\n<p class=\"mb20\">Mi\u0142o nam poinformowa\u0107, o przygotowaniu kolejnej edycji Programu Ubezpieczeniowego dla funkcjonariuszy i pracownik\u00f3w Policji oraz cz\u0142onk\u00f3w ich rodzin \u2013<em><strong> \u201ePolicja 2015\u201d. &#8221; Policja Emeryt&#8221;<\/strong><\/em><\/p>\n<p class=\"mb20\">W wyniku przeprowadzonego konkursu ofert, po szczeg\u00f3\u0142owej analizie nades\u0142anych propozycji, jako najbardziej kompleksow\u0105 i spe\u0142niaj\u0105c\u0105 oczekiwania \u015brodowiska uznano ofert\u0119 Grupy PZU.Ubezpieczaj\u0105cym, a wi\u0119c stron\u0105 umowy z Ubezpieczycielem s\u0105 <strong>Zwi\u0105zki Zawodowe dzia\u0142aj\u0105ce w Policji<\/strong>, kt\u00f3re w opracowaniu Programu oraz negocjacjach wspomaga\u0142o do\u015bwiadczone <strong>konsorcjum brokerskie Mentor SA \u2013 PWS Konstanta SA<\/strong>.<\/p>\n<p class=\"mb20\">W rezultacie wielomiesi\u0119cznych i \u017cmudnych prac zespo\u0142u uda\u0142o nam si\u0119 uzyska\u0107 bardzo atrakcyjne warunki modyfikacji Programu. Na szczeg\u00f3ln\u0105 uwag\u0119 zas\u0142uguje <strong>w\u0142\u0105czenie prywatnej opieki lekarskiej<\/strong> do wariant\u00f3w ubezpieczenia na \u017cycie. Dzi\u0119ki temu m.in. mo\u017cliwo\u015b\u0107 szybkiego um\u00f3wienia wizyty u lekarza specjalisty czy wykonania bada\u0144 lekarskich b\u0119dzie dost\u0119pna wszystkim ubezpieczonym bezp\u0142atnie, ju\u017c w ramach sk\u0142adki za ubezpieczenie pracownicze.<\/p>\n<p><strong>Zapraszamy do zapoznania si\u0119 z programem ubezpiecze\u0144!<br \/><\/strong><\/p>\n<h5 style=\"text-align: center;\"><span style=\"color: #ff0000;\"><strong><a style=\"color: #ff0000;\" href=\"http:\/\/nszzp.wroclaw.pl\/wp-content\/uploads\/2018\/07\/Policja-2015-deklaracja-ub-na-\u017cycie-i-OMS-Emeryt_RODO.pdf\" target=\"_blank\" rel=\"noopener noreferrer\">Policja 2015 deklaracja ub na \u017cycie i OMS &#8211; Emeryt_RODO<\/a><\/strong><\/span><\/h5>\n<h5 style=\"text-align: center;\"><span style=\"color: #ff0000;\"><a style=\"color: #ff0000;\" href=\"http:\/\/nszzp.wroclaw.pl\/wp-content\/uploads\/2018\/07\/PZU-Emeryt-Informator.pdf\" target=\"_blank\" rel=\"noopener noreferrer\">PZU Emeryt Informator Jak przyst\u0105pi\u0107, Jak zg\u0142osi\u0107 roszczenie<\/a><\/span><\/h5>\n<h4><a href=\"https:\/\/policja-ubezpieczenia.pl\/\" target=\"_blank\" rel=\"noopener noreferrer\">Wi\u0119cej informacji tutaj. <\/a><\/h4>","protected":false},"excerpt":{"rendered":"<p>\u00a0 Policja 2015 deklaracja przyst\u0105pienia &#8211; Funkcjonariusz i Pracownik Program Policja 2015 Informacja KLAUZULA SPRZEDA\u017bOWA PZU \u017bycie Mi\u0142o nam poinformowa\u0107, o przygotowaniu kolejnej edycji Programu Ubezpieczeniowego dla funkcjonariuszy i pracownik\u00f3w Policji oraz cz\u0142onk\u00f3w ich rodzin \u2013 \u201ePolicja 2015\u201d. &#8221; Policja Emeryt&#8221; W wyniku przeprowadzonego konkursu ofert, po szczeg\u00f3\u0142owej analizie nades\u0142anych propozycji, jako najbardziej kompleksow\u0105 i [&hellip;]<\/p>\n","protected":false},"author":2,"featured_media":67537,"comment_status":"closed","ping_status":"closed","sticky":false,"template":"","format":"standard","meta":{"footnotes":""},"categories":[1,101],"tags":[237,234,236,240,233,238,241,235,242,239],"class_list":["post-1542","post","type-post","status-publish","format-standard","has-post-thumbnail","hentry","category-bez-kategorii","category-do-pobrania","tag-broker-mentor","tag-emeryt-2015","tag-mentor","tag-oferta-dla-policji","tag-policja-2015","tag-policja-ubezpieczenie","tag-pzu-polisa-policja","tag-ubezpieczenie-policja","tag-ubezpieczenie-pzu-policja","tag-ubezpieczenie-zdrowotne-policja"],"_links":{"self":[{"href":"http:\/\/nszzp.wroclaw.pl\/index.php\/wp-json\/wp\/v2\/posts\/1542","targetHints":{"allow":["GET"]}}],"collection":[{"href":"http:\/\/nszzp.wroclaw.pl\/index.php\/wp-json\/wp\/v2\/posts"}],"about":[{"href":"http:\/\/nszzp.wroclaw.pl\/index.php\/wp-json\/wp\/v2\/types\/post"}],"author":[{"embeddable":true,"href":"http:\/\/nszzp.wroclaw.pl\/index.php\/wp-json\/wp\/v2\/users\/2"}],"replies":[{"embeddable":true,"href":"http:\/\/nszzp.wroclaw.pl\/index.php\/wp-json\/wp\/v2\/comments?post=1542"}],"version-history":[{"count":15,"href":"http:\/\/nszzp.wroclaw.pl\/index.php\/wp-json\/wp\/v2\/posts\/1542\/revisions"}],"predecessor-version":[{"id":67538,"href":"http:\/\/nszzp.wroclaw.pl\/index.php\/wp-json\/wp\/v2\/posts\/1542\/revisions\/67538"}],"wp:featuredmedia":[{"embeddable":true,"href":"http:\/\/nszzp.wroclaw.pl\/index.php\/wp-json\/wp\/v2\/media\/67537"}],"wp:attachment":[{"href":"http:\/\/nszzp.wroclaw.pl\/index.php\/wp-json\/wp\/v2\/media?parent=1542"}],"wp:term":[{"taxonomy":"category","embeddable":true,"href":"http:\/\/nszzp.wroclaw.pl\/index.php\/wp-json\/wp\/v2\/categories?post=1542"},{"taxonomy":"post_tag","embeddable":true,"href":"http:\/\/nszzp.wroclaw.pl\/index.php\/wp-json\/wp\/v2\/tags?post=1542"}],"curies":[{"name":"wp","href":"https:\/\/api.w.org\/{rel}","templated":true}]}}