{"id":20376,"date":"2018-07-02T10:34:32","date_gmt":"2018-07-02T08:34:32","guid":{"rendered":"http:\/\/nszzp.wroclaw.pl\/?p=20376"},"modified":"2018-07-02T10:34:32","modified_gmt":"2018-07-02T08:34:32","slug":"j-zielinski-zapraszam-policyjnych-zwiazkowcow-do-wspolpracy-zadbajmy-o-etos-zawodu-policjanta","status":"publish","type":"post","link":"http:\/\/nszzp.wroclaw.pl\/index.php\/2018\/07\/02\/j-zielinski-zapraszam-policyjnych-zwiazkowcow-do-wspolpracy-zadbajmy-o-etos-zawodu-policjanta\/","title":{"rendered":"J. ZIELI\u0143SKI &#8211; ZAPRASZAM POLICYJNYCH ZWI\u0104ZKOWC\u00d3W DO WSP\u00d3\u0141PRACY. ZADBAJMY O ETOS ZAWODU POLICJANTA"},"content":{"rendered":"<h4 class=\"title style-scope ytd-video-primary-info-renderer\">J. ZIELI\u0143SKI &#8211; ZAPRASZAM POLICYJNYCH ZWI\u0104ZKOWC\u00d3W DO WSP\u00d3\u0141PRACY. ZADBAJMY O ETOS ZAWODU POLICJANTA<\/h4>\n<p><iframe loading=\"lazy\" src=\"https:\/\/www.youtube.com\/embed\/Af96VgGB7Pg\" width=\"854\" height=\"480\" frameborder=\"0\" allowfullscreen=\"allowfullscreen\"><\/iframe><\/p>\n<p>Pan Minister &#8221; nie rozumie postawy policyjnych zwi\u0105zkowc\u00f3w&#8221; i sugeruje, ze nasze dzia\u0142anie,\u00a0 mo\u017ce by\u0107 motywowane z innych bli\u017cej nieokre\u015blonych powod\u00f3w.<\/p>\n<p>SZANOWNY PANIE MINISTRZE. PO RAZ KOLEJNY PROSIMY O NIE SUGEROWANIE I DORABIANIE IDEOLOGII DO NASZEJ POSTAWY!!! \u00a0\u00a0 POW\u00d3D AKCJI PROTESTACYJNEJ JEST JEST JEDEN:\u00a0 BRAK REALIZACJI NASZYCH POSTULAT\u00d3W Z MARCA 2018r.<\/p>\n<p>Prosimy o ich realizacje a wtedy zrozumie Pan nie tylko zwi\u0105zkowc\u00f3w, ale przede wszystkim armie 100 tys. policjant\u00f3w,\u00a0 albowiem s\u0105 to ich postulaty, a zwi\u0105zek zawodowy\u00a0 jest tylko ich reprezentantem. Spe\u0142nienie naszych postulat\u00f3w doprowadzi do zmniejszenia liczby wakat\u00f3w i podniesienia etosu naszej ci\u0119\u017ckiej s\u0142u\u017cby.<\/p>\n<p>&nbsp;<\/p>\n<p>Panie Ministrze zapraszamy do rozm\u00f3w nie przez telewizje,\u00a0 ale osobi\u015bcie\u00a0 przy stole negocjacyjnym, bo o ile nas pami\u0119\u0107 nie myli ostatni raz spotka\u0142 si\u0119 Pan z nami prawie dwa lata temu!!!!<\/p>\n","protected":false},"excerpt":{"rendered":"<p>J. ZIELI\u0143SKI &#8211; ZAPRASZAM POLICYJNYCH ZWI\u0104ZKOWC\u00d3W DO WSP\u00d3\u0141PRACY. ZADBAJMY O ETOS ZAWODU POLICJANTA Pan Minister &#8221; nie rozumie postawy policyjnych zwi\u0105zkowc\u00f3w&#8221; i sugeruje, ze nasze dzia\u0142anie,\u00a0 mo\u017ce by\u0107 motywowane z innych bli\u017cej nieokre\u015blonych powod\u00f3w. SZANOWNY PANIE MINISTRZE. PO RAZ KOLEJNY PROSIMY O NIE SUGEROWANIE I DORABIANIE IDEOLOGII DO NASZEJ POSTAWY!!! \u00a0\u00a0 POW\u00d3D AKCJI PROTESTACYJNEJ JEST [&hellip;]<\/p>\n","protected":false},"author":2,"featured_media":20377,"comment_status":"closed","ping_status":"closed","sticky":false,"template":"","format":"standard","meta":{"footnotes":""},"categories":[8,28,1],"tags":[],"class_list":["post-20376","post","type-post","status-publish","format-standard","has-post-thumbnail","hentry","category-kolumna-3","category-baner","category-bez-kategorii"],"_links":{"self":[{"href":"http:\/\/nszzp.wroclaw.pl\/index.php\/wp-json\/wp\/v2\/posts\/20376","targetHints":{"allow":["GET"]}}],"collection":[{"href":"http:\/\/nszzp.wroclaw.pl\/index.php\/wp-json\/wp\/v2\/posts"}],"about":[{"href":"http:\/\/nszzp.wroclaw.pl\/index.php\/wp-json\/wp\/v2\/types\/post"}],"author":[{"embeddable":true,"href":"http:\/\/nszzp.wroclaw.pl\/index.php\/wp-json\/wp\/v2\/users\/2"}],"replies":[{"embeddable":true,"href":"http:\/\/nszzp.wroclaw.pl\/index.php\/wp-json\/wp\/v2\/comments?post=20376"}],"version-history":[{"count":1,"href":"http:\/\/nszzp.wroclaw.pl\/index.php\/wp-json\/wp\/v2\/posts\/20376\/revisions"}],"predecessor-version":[{"id":20378,"href":"http:\/\/nszzp.wroclaw.pl\/index.php\/wp-json\/wp\/v2\/posts\/20376\/revisions\/20378"}],"wp:featuredmedia":[{"embeddable":true,"href":"http:\/\/nszzp.wroclaw.pl\/index.php\/wp-json\/wp\/v2\/media\/20377"}],"wp:attachment":[{"href":"http:\/\/nszzp.wroclaw.pl\/index.php\/wp-json\/wp\/v2\/media?parent=20376"}],"wp:term":[{"taxonomy":"category","embeddable":true,"href":"http:\/\/nszzp.wroclaw.pl\/index.php\/wp-json\/wp\/v2\/categories?post=20376"},{"taxonomy":"post_tag","embeddable":true,"href":"http:\/\/nszzp.wroclaw.pl\/index.php\/wp-json\/wp\/v2\/tags?post=20376"}],"curies":[{"name":"wp","href":"https:\/\/api.w.org\/{rel}","templated":true}]}}