{"id":22792,"date":"2018-07-11T20:55:34","date_gmt":"2018-07-11T18:55:34","guid":{"rendered":"http:\/\/nszzp.wroclaw.pl\/?p=22792"},"modified":"2018-07-11T20:55:34","modified_gmt":"2018-07-11T18:55:34","slug":"do-protestu-policjantow-dolaczaja-pozostale-sluzby-mundurowe","status":"publish","type":"post","link":"http:\/\/nszzp.wroclaw.pl\/index.php\/2018\/07\/11\/do-protestu-policjantow-dolaczaja-pozostale-sluzby-mundurowe\/","title":{"rendered":"do protestu policjant\u00f3w do\u0142\u0105czaj\u0105 pozosta\u0142e s\u0142u\u017cby mundurowe."},"content":{"rendered":"<h1 class=\"entry-title\">Do\u00a0protestu policjant\u00f3w do\u0142\u0105czaj\u0105 pozosta\u0142e s\u0142u\u017cby mundurowe.<\/h1>\n<p><img loading=\"lazy\" decoding=\"async\" class=\"blazy aligncenter size-full wp-image-22793\" src=\"http:\/\/nszzp.wroclaw.pl\/wp-content\/themes\/newsmag-pro\/assets\/images\/picture_placeholder_list.jpg\" data-src=\"http:\/\/nszzp.wroclaw.pl\/wp-content\/uploads\/2018\/07\/fzzsm_koalicja_dpn.jpg\" alt=\"\" width=\"730\" height=\"426\" \/><noscript><img loading=\"lazy\" decoding=\"async\" class=\"aligncenter size-full wp-image-22793\" src=\"http:\/\/nszzp.wroclaw.pl\/wp-content\/uploads\/2018\/07\/fzzsm_koalicja_dpn.jpg\" alt=\"\" width=\"730\" height=\"426\" \/><\/noscript><\/p>\n<div class=\"entry-content\">\n<p>Protest s\u0142u\u017cb mundurowych rozszerzy si\u0119 o\u00a0funkcjonariuszy Stra\u017cy Granicznej, S\u0142u\u017cby Wi\u0119ziennej, Pa\u0144stwowej Stra\u017cy Po\u017carnej i\u00a0S\u0142u\u017cby Celno-Skarbowej \u2013 poinformowa\u0142 w\u00a0\u015brod\u0119 przewodnicz\u0105cy Federacji Zwi\u0105zk\u00f3w Zawodowych S\u0142u\u017cb Mundurowych Marcin Kolasa.<\/p>\n<p>Decyzj\u0119 o\u00a0rozpocz\u0119ciu og\u00f3lnopolskiej akcji protestacyjnej podj\u0119\u0142a Rada Federacji Zwi\u0105zk\u00f3w Zawodowych S\u0142u\u017cb Mundurowych na\u00a0swoim \u015brodowym (11 lipca) posiedzeniu. Protest rozpocznie si\u0119 16 lipca i\u00a0obejmie wszystkie s\u0142u\u017cby reprezentowane przez\u00a0Federacj\u0119 Zwi\u0105zk\u00f3w Zawodowych S\u0142u\u017cb Mundurowych, a\u00a0wi\u0119c\u00a0opr\u00f3cz Policji r\u00f3wnie\u017c S\u0142u\u017cb\u0119 Wi\u0119zienn\u0105, Stra\u017c Graniczn\u0105, Pa\u0144stwow\u0105 Stra\u017c Po\u017carn\u0105 i\u00a0S\u0142u\u017cb\u0119 Celno-Skarbow\u0105.<\/p>\n<p>Decyzja ta jest podyktowana brakiem podpisania porozumienia z\u00a0ministrem spraw wewn\u0119trznych i\u00a0administracji, porozumienia, kt\u00f3re gwarantuje realizacj\u0119 \u017c\u0105da\u0144 skierowanych przez\u00a0Federacj\u0119 do\u00a0pana ministra 12 marca 2018 roku \u2013 powiedzia\u0142 przewodnicz\u0105cy FZZSM Marcin Kolasa.<\/p>\n<p>Decyzj\u0119 o\u00a0rozpocz\u0119ciu og\u00f3lnopolskiej akcji protestacyjnej podj\u0119\u0142a Rada Federacji Zwi\u0105zk\u00f3w Zawodowych S\u0142u\u017cb Mundurowych na\u00a0swoim \u015brodowym posiedzeniu. Protest rozpocznie si\u0119 16 lipca i\u00a0obejmie wszystkie s\u0142u\u017cby reprezentowane przez\u00a0Federacj\u0119 Zwi\u0105zk\u00f3w Zawodowych S\u0142u\u017cb Mundurowych, a\u00a0wi\u0119c\u00a0opr\u00f3cz Policji r\u00f3wnie\u017c S\u0142u\u017cb\u0119 Wi\u0119zienn\u0105, Stra\u017c Graniczn\u0105, Pa\u0144stwow\u0105 Stra\u017c Po\u017carn\u0105 i\u00a0S\u0142u\u017cb\u0119 Celno-Skarbow\u0105.<\/p>\n<p>Decyzja ta jest podyktowana brakiem podpisania porozumienia z\u00a0ministrem spraw wewn\u0119trznych i\u00a0administracji, porozumienia, kt\u00f3re gwarantuje realizacj\u0119 \u017c\u0105da\u0144 skierowanych przez\u00a0Federacj\u0119 do\u00a0pana ministra 12 marca 2018 roku \u2013 powiedzia\u0142 przewodnicz\u0105cy FZZSM Marcin Kolasa.<\/p>\n<p><strong>Jednostki b\u0119d\u0105 oflagowane<\/strong><\/p>\n<p>Zaznaczy\u0142, \u017ce\u00a0Rada Federacji zarekomendowa\u0142a funkcjonariuszom przede wszystkim oflagowanie jednostek, a\u00a0tak\u017ce \u201estosowanie poucze\u0144 w\u00a0zwi\u0105zku z\u00a0ujawnieniem wykrocze\u0144, za\u00a0kt\u00f3re mo\u017cna nak\u0142ada\u0107 mandaty karne\u201d.<\/p>\n<p>W\u00a0nast\u0119pnej kolejno\u015bci, je\u017celi\u00a0te rozmowy nie przynios\u0105 spodziewanych efekt\u00f3w, przygotowujemy og\u00f3lnopolsk\u0105 manifestacj\u0119 \u2013 zapowiedzia\u0142 Kolasa. Doda\u0142, \u017ce\u00a0mo\u017cliwe s\u0105 tak\u017ce inne dzia\u0142ania, ale\u00a0decyzj\u0119 o\u00a0nich b\u0119dzie podejmowa\u0142 komitet protestacyjny.<\/p>\n<p>Liczymy na\u00a0to, \u017ce\u00a0dojdzie do\u00a0porozumienia z\u00a0ministerstwem i\u00a0nie b\u0119dzie potrzeby uruchamiania tego, co zosta\u0142o przygotowane \u2013 zaznaczy\u0142 Kolasa. Przypomnia\u0142, \u017ce\u00a04 lipca Federacja wys\u0142a\u0142a do\u00a0MSWiA projekt porozumienia, ale\u00a0\u201ejak dot\u0105d nie otrzyma\u0142a odpowiedzi\u201d.<\/p>\n<p>To\u00a0jest\u00a0bardzo kompromisowy projekt, kt\u00f3ry jest owocem wielu spotka\u0144, jakie do\u00a0tej pory w\u00a0ministerstwie prowadzili\u015bmy, i\u00a0to\u00a0jest\u00a0projekt, kt\u00f3ry b\u0119dzie gwarantowa\u0142 nam realizacj\u0119 tych wszystkich postulat\u00f3w i\u00a0\u017c\u0105da\u0144, z\u00a0jakimi si\u0119 zwr\u00f3cili\u015bmy \u2013 powiedzia\u0142 Kolasa.<\/p>\n<p><strong>Czego oczekuj\u0105 zwi\u0105zkowcy?<\/strong><\/p>\n<p>Pocz\u0105tkowo zwi\u0105zkowcy domagali si\u0119 podwy\u017cek o\u00a0650 z\u0142, powrotu do\u00a0poprzedniego systemu emerytalnego i\u00a0odmro\u017cenia waloryzacji pensji. 12 marca br. wys\u0142ali swoje postulaty do\u00a0szef\u00f3w ministerstw: Spraw Wewn\u0119trznych i\u00a0Administracji, Finans\u00f3w i\u00a0Sprawiedliwo\u015bci. Jeszcze w\u00a0marcu Federacja Zwi\u0105zk\u00f3w Zawodowych S\u0142u\u017cb Mundurowych informowa\u0142a, \u017ce\u00a0je\u015bli postulaty nie zostan\u0105 spe\u0142nione, odb\u0119d\u0105 si\u0119 protesty.<\/p>\n<p>P\u00f3\u017aniej Niezale\u017cny Samorz\u0105dny Zwi\u0105zek Zawodowy Policjant\u00f3w poinformowa\u0142 o\u00a0gotowo\u015bci do\u00a0ust\u0119pstw, m.in. w\u00a0sprawie powrotu do\u00a0poprzedniego systemu emerytalnego. Zapowiedziano r\u00f3wnie\u017c zgod\u0119 na\u00a0pozostawienie 25-letniego okresu s\u0142u\u017cby, ale\u00a0podkre\u015blono \u017c\u0105danie likwidacji zapisu okre\u015blaj\u0105cego wiek, od kt\u00f3rego funkcjonariusze mog\u0105 przechodzi\u0107 na\u00a0emerytur\u0119. Obecnie jest to 55 rok \u017cycia.<\/p>\n<p>MSWiA zapewni\u0142o we wtorek w\u00a0komunikacie, \u017ce\u00a0resortowi \u201ezale\u017cy, aby\u00a0funkcjonariusze otrzymywali za\u00a0swoj\u0105 s\u0142u\u017cb\u0119 godne wynagrodzenie\u201d, ale\u00a0\u201ew tej kwestii mamy do\u00a0czynienia z\u00a0wieloletnimi zaniedbaniami\u201d.<\/p>\n<p>Natomiast\u00a0we wpisie na\u00a0Twitterze szef MSWiA Joachim Brudzi\u0144ski zapewni\u0142, \u017ce\u00a0drzwi do\u00a0jego gabinetu \u201es\u0105 zawsze szeroko otwarte dla\u00a0strony spo\u0142ecznej\u201d. Rozmawiamy szczerze i\u00a0na argumenty, wiele z\u00a0tych argument\u00f3w przedstawianych przez\u00a0przedstawicieli zwi\u0105zk\u00f3w zawodowych uwa\u017cam za\u00a0zasadne. Licz\u0119, \u017ce\u00a0znajdziemy drog\u0119 do\u00a0racjonalnego porozumienia \u2013 napisa\u0142 minister.<\/p>\n<\/div>\n<div class=\"zroodloBox\"><span class=\"zrodlo\">\u017ar\u00f3d\u0142o:<\/span> <a title=\"Czytaj wi\u0119cej na\u00a0http:\/\/www.rmf24.pl\/fakty\/polska\/news-nie-tylko-policjanci-do-protestu-dolacza-m-in-straz-pozarna-,nId,2605332#utm_source=paste&amp;utm_medium=paste&amp;utm_campaign=chrome\" href=\"http:\/\/nszzp.pl\/aktualnosci\/jest-decyzja-fzzsm-do-protestu-policjantow-dolaczaja-pozostale-sluzby-mundurowe\/Czytaj wi\u0119cej na\u00a0http:\/\/www.rmf24.pl\/fakty\/polska\/news-nie-tylko-policjanci-do-protestu-dolacza-m-in-straz-pozarna-,nId,2605332#utm_source=paste&amp;utm_medium=paste&amp;utm_campaign=chrome\" target=\"_blank\" rel=\"noopener noreferrer\">Czytaj wi\u0119cej na\u00a0http:\/\/www.rmf24.pl\/fakty\/polska\/news-nie-tylko-policjanci-do-protestu-dolacza-m-in-straz-pozarna-,nId,2605332#utm_source=paste&amp;utm_medium=paste&amp;utm_campaign=chrome<\/a> <span class=\"date\">2018.07.11<\/span><\/div>\n","protected":false},"excerpt":{"rendered":"<p>Do\u00a0protestu policjant\u00f3w do\u0142\u0105czaj\u0105 pozosta\u0142e s\u0142u\u017cby mundurowe. Protest s\u0142u\u017cb mundurowych rozszerzy si\u0119 o\u00a0funkcjonariuszy Stra\u017cy Granicznej, S\u0142u\u017cby Wi\u0119ziennej, Pa\u0144stwowej Stra\u017cy Po\u017carnej i\u00a0S\u0142u\u017cby Celno-Skarbowej \u2013 poinformowa\u0142 w\u00a0\u015brod\u0119 przewodnicz\u0105cy Federacji Zwi\u0105zk\u00f3w Zawodowych S\u0142u\u017cb Mundurowych Marcin Kolasa. Decyzj\u0119 o\u00a0rozpocz\u0119ciu og\u00f3lnopolskiej akcji protestacyjnej podj\u0119\u0142a Rada Federacji Zwi\u0105zk\u00f3w Zawodowych S\u0142u\u017cb Mundurowych na\u00a0swoim \u015brodowym (11 lipca) posiedzeniu. Protest rozpocznie si\u0119 16 lipca i\u00a0obejmie [&hellip;]<\/p>\n","protected":false},"author":2,"featured_media":22793,"comment_status":"closed","ping_status":"closed","sticky":false,"template":"","format":"standard","meta":{"footnotes":""},"categories":[8,28,1,446],"tags":[],"class_list":["post-22792","post","type-post","status-publish","format-standard","has-post-thumbnail","hentry","category-kolumna-3","category-baner","category-bez-kategorii","category-przeglad"],"_links":{"self":[{"href":"http:\/\/nszzp.wroclaw.pl\/index.php\/wp-json\/wp\/v2\/posts\/22792","targetHints":{"allow":["GET"]}}],"collection":[{"href":"http:\/\/nszzp.wroclaw.pl\/index.php\/wp-json\/wp\/v2\/posts"}],"about":[{"href":"http:\/\/nszzp.wroclaw.pl\/index.php\/wp-json\/wp\/v2\/types\/post"}],"author":[{"embeddable":true,"href":"http:\/\/nszzp.wroclaw.pl\/index.php\/wp-json\/wp\/v2\/users\/2"}],"replies":[{"embeddable":true,"href":"http:\/\/nszzp.wroclaw.pl\/index.php\/wp-json\/wp\/v2\/comments?post=22792"}],"version-history":[{"count":1,"href":"http:\/\/nszzp.wroclaw.pl\/index.php\/wp-json\/wp\/v2\/posts\/22792\/revisions"}],"predecessor-version":[{"id":22794,"href":"http:\/\/nszzp.wroclaw.pl\/index.php\/wp-json\/wp\/v2\/posts\/22792\/revisions\/22794"}],"wp:featuredmedia":[{"embeddable":true,"href":"http:\/\/nszzp.wroclaw.pl\/index.php\/wp-json\/wp\/v2\/media\/22793"}],"wp:attachment":[{"href":"http:\/\/nszzp.wroclaw.pl\/index.php\/wp-json\/wp\/v2\/media?parent=22792"}],"wp:term":[{"taxonomy":"category","embeddable":true,"href":"http:\/\/nszzp.wroclaw.pl\/index.php\/wp-json\/wp\/v2\/categories?post=22792"},{"taxonomy":"post_tag","embeddable":true,"href":"http:\/\/nszzp.wroclaw.pl\/index.php\/wp-json\/wp\/v2\/tags?post=22792"}],"curies":[{"name":"wp","href":"https:\/\/api.w.org\/{rel}","templated":true}]}}