{"id":24991,"date":"2018-07-21T17:30:38","date_gmt":"2018-07-21T15:30:38","guid":{"rendered":"http:\/\/nszzp.wroclaw.pl\/?p=24991"},"modified":"2018-07-21T17:30:38","modified_gmt":"2018-07-21T15:30:38","slug":"dokad-zmierzasz-policjo-jak-podaje-wirtualna-polska-wstyd-zenada-na-waciki","status":"publish","type":"post","link":"http:\/\/nszzp.wroclaw.pl\/index.php\/2018\/07\/21\/dokad-zmierzasz-policjo-jak-podaje-wirtualna-polska-wstyd-zenada-na-waciki\/","title":{"rendered":"Dok\u0105d zmierzasz Policjo? Jak podaje Wirtualna Polska &#8222;Wstyd&#8221;, &#8222;\u017cenada&#8221;, &#8222;na waciki&#8221;"},"content":{"rendered":"<h4 class=\"article--title _1xAmRvR\" data-reactid=\"415\"><em>Jak powiedzia\u0142 mi jeden z policjant\u00f3w jego \u017cona w biedronce dosta\u0142a 500 z\u0142 premii na r\u0119k\u0119, a on 100 z\u0142 brutto. Okazuje si\u0119, \u017ce to nie jest odosobniony przypadek. Wydaje si\u0119, \u017ce to taka norma. Trudno si\u0119 potem dziwi\u0107, \u017ce do \u015bwi\u0119towania w \u015awi\u0119to Policji ch\u0119tnych brak. Do defilady i uroczysto\u015bci ludzie brani s\u0105 na si\u0142\u0119.\u00a0 Takie to nasza policje \u015bwi\u0119to. Wstyd i \u017cenada. \u015amiej\u0105 si\u0119 z nas ludzie. Tak nie zbudujemy od nowa etosu s\u0142u\u017cby.\u00a0 Poni\u017cej teks z wp.pl. Odsy\u0142am do komentarzy pod tekstem.\u00a0<\/em><\/h4>\n<figure id=\"attachment_24994\" aria-describedby=\"caption-attachment-24994\" style=\"width: 1899px\" class=\"wp-caption aligncenter\"><img loading=\"lazy\" decoding=\"async\" class=\"blazy wp-image-24994 size-full\" src=\"http:\/\/nszzp.wroclaw.pl\/wp-content\/themes\/newsmag-pro\/assets\/images\/picture_placeholder_list.jpg\" data-src=\"http:\/\/nszzp.wroclaw.pl\/wp-content\/uploads\/2018\/07\/DSC_1025.jpg\" alt=\"\" width=\"1899\" height=\"595\" \/><figcaption id=\"caption-attachment-24994\" class=\"wp-caption-text\"><noscript><img loading=\"lazy\" decoding=\"async\" class=\"wp-image-24994 size-full\" src=\"http:\/\/nszzp.wroclaw.pl\/wp-content\/uploads\/2018\/07\/DSC_1025.jpg\" alt=\"\" width=\"1899\" height=\"595\" srcset=\"http:\/\/nszzp.wroclaw.pl\/wp-content\/uploads\/2018\/07\/DSC_1025.jpg 1899w, http:\/\/nszzp.wroclaw.pl\/wp-content\/uploads\/2018\/07\/DSC_1025-300x94.jpg 300w, http:\/\/nszzp.wroclaw.pl\/wp-content\/uploads\/2018\/07\/DSC_1025-768x241.jpg 768w, http:\/\/nszzp.wroclaw.pl\/wp-content\/uploads\/2018\/07\/DSC_1025-1024x321.jpg 1024w\" sizes=\"auto, (max-width: 1899px) 100vw, 1899px\" \/><\/noscript> Dok\u0105d zmierzasz Policjo ?<\/figcaption><\/figure>\n<h4 class=\"article--title _1xAmRvR\" data-reactid=\"415\">Policjanci dostali premie przy okazji \u015awi\u0119ta Policji. &#8222;Wstyd&#8221;, &#8222;\u017cenada&#8221;, &#8222;na waciki&#8221;<\/h4>\n<p>Policjanci pochwalili si\u0119, jakie premie motywacyjne otrzymali w\u0142a\u015bnie na konta. Na jednym z przelew\u00f3w widnieje kwota 41 z\u0142. &#8222;Wstyd&#8221;, &#8222;\u017cenada&#8221;, &#8222;na waciki&#8221; \u2013 komentuj\u0105 funkcjonariusze nagrody, kt\u00f3re otrzymali od prze\u0142o\u017conych w dniu \u015awi\u0119ta Policji. &#8222;Dzisiaj odby\u0142y si\u0119 oficjalne obchody \u015awi\u0119ta Policji. Niekt\u00f3rym oficjalne podzi\u0119kowania za rok s\u0142u\u017cby zacz\u0119\u0142y sp\u0142ywa\u0107 na konto. Nadszed\u0142 w ko\u0144cu ten dzie\u0144 w roku, kiedy z <a href=\"https:\/\/radar.wp.pl\/\">okazji<\/a> swojego \u015bwi\u0119ta mo\u017cna zaszale\u0107 do syta i bez grzechu&#8221; \u2013 czytamy na profilu Zarz\u0105du G\u0142\u00f3wnego NSZZ Policjant\u00f3w na Facebooku.<\/p>\n<p>Obok widnieje screen przelewu zatytu\u0142owany &#8222;premia motywacyjna&#8221;. Nadawc\u0105 przelewu jest jedna z komend wojew\u00f3dzkich policji. Kwota przelewu to 123 z\u0142. Kolejny przelew to&#8230; 41 z\u0142otych. Pod postem policjanci w ostrych s\u0142owach komentuj\u0105 premie. &#8222;Dzi\u0119kuj\u0119, na wczasach w \u0141ebie w jeden dzie\u0144 300 z\u0142&#8221; \u2013 pisze Andrzej. &#8222;Wstyd&#8221;, &#8222;\u017cenada&#8221;, &#8222;na waciki&#8221; \u2013 dodaj\u0105 kolejni.<\/p>\n<p><img loading=\"lazy\" decoding=\"async\" class=\"blazy aligncenter size-full wp-image-24993\" src=\"http:\/\/nszzp.wroclaw.pl\/wp-content\/themes\/newsmag-pro\/assets\/images\/picture_placeholder_list.jpg\" data-src=\"http:\/\/nszzp.wroclaw.pl\/wp-content\/uploads\/2018\/07\/37425848_276714346217271_5912465732158881792_n.jpg\" alt=\"\" width=\"679\" height=\"960\" \/><noscript><img loading=\"lazy\" decoding=\"async\" class=\"aligncenter size-full wp-image-24993\" src=\"http:\/\/nszzp.wroclaw.pl\/wp-content\/uploads\/2018\/07\/37425848_276714346217271_5912465732158881792_n.jpg\" alt=\"\" width=\"679\" height=\"960\" \/><\/noscript><\/p>\n<p>&nbsp;<\/p>\n<p>\u017ar\u00f3d\u0142o: <a href=\"https:\/\/wiadomosci.wp.pl\/policjanci-dostali-premie-przy-okazji-swieta-policji-wstyd-zenada-na-waciki-6275702856390273a\" target=\"_blank\" rel=\"noopener noreferrer\">https:\/\/wiadomosci.wp.pl\/policjanci-dostali-premie-przy-okazji-swieta-policji-wstyd-zenada-na-waciki-6275702856390273a<\/a><\/p>\n<p>&nbsp;<\/p>\n","protected":false},"excerpt":{"rendered":"<p>Jak powiedzia\u0142 mi jeden z policjant\u00f3w jego \u017cona w biedronce dosta\u0142a 500 z\u0142 premii na r\u0119k\u0119, a on 100 z\u0142 brutto. Okazuje si\u0119, \u017ce to nie jest odosobniony przypadek. Wydaje si\u0119, \u017ce to taka norma. Trudno si\u0119 potem dziwi\u0107, \u017ce do \u015bwi\u0119towania w \u015awi\u0119to Policji ch\u0119tnych brak. Do defilady i uroczysto\u015bci ludzie brani s\u0105 na [&hellip;]<\/p>\n","protected":false},"author":2,"featured_media":24994,"comment_status":"closed","ping_status":"closed","sticky":false,"template":"","format":"standard","meta":{"footnotes":""},"categories":[8,28,1,446],"tags":[],"class_list":["post-24991","post","type-post","status-publish","format-standard","has-post-thumbnail","hentry","category-kolumna-3","category-baner","category-bez-kategorii","category-przeglad"],"_links":{"self":[{"href":"http:\/\/nszzp.wroclaw.pl\/index.php\/wp-json\/wp\/v2\/posts\/24991","targetHints":{"allow":["GET"]}}],"collection":[{"href":"http:\/\/nszzp.wroclaw.pl\/index.php\/wp-json\/wp\/v2\/posts"}],"about":[{"href":"http:\/\/nszzp.wroclaw.pl\/index.php\/wp-json\/wp\/v2\/types\/post"}],"author":[{"embeddable":true,"href":"http:\/\/nszzp.wroclaw.pl\/index.php\/wp-json\/wp\/v2\/users\/2"}],"replies":[{"embeddable":true,"href":"http:\/\/nszzp.wroclaw.pl\/index.php\/wp-json\/wp\/v2\/comments?post=24991"}],"version-history":[{"count":1,"href":"http:\/\/nszzp.wroclaw.pl\/index.php\/wp-json\/wp\/v2\/posts\/24991\/revisions"}],"predecessor-version":[{"id":24995,"href":"http:\/\/nszzp.wroclaw.pl\/index.php\/wp-json\/wp\/v2\/posts\/24991\/revisions\/24995"}],"wp:featuredmedia":[{"embeddable":true,"href":"http:\/\/nszzp.wroclaw.pl\/index.php\/wp-json\/wp\/v2\/media\/24994"}],"wp:attachment":[{"href":"http:\/\/nszzp.wroclaw.pl\/index.php\/wp-json\/wp\/v2\/media?parent=24991"}],"wp:term":[{"taxonomy":"category","embeddable":true,"href":"http:\/\/nszzp.wroclaw.pl\/index.php\/wp-json\/wp\/v2\/categories?post=24991"},{"taxonomy":"post_tag","embeddable":true,"href":"http:\/\/nszzp.wroclaw.pl\/index.php\/wp-json\/wp\/v2\/tags?post=24991"}],"curies":[{"name":"wp","href":"https:\/\/api.w.org\/{rel}","templated":true}]}}