{"id":29316,"date":"2018-08-06T23:12:52","date_gmt":"2018-08-06T21:12:52","guid":{"rendered":"http:\/\/nszzp.wroclaw.pl\/?p=29316"},"modified":"2018-08-06T23:12:52","modified_gmt":"2018-08-06T21:12:52","slug":"powrot-bieda-bohaterow-dumny-minister-brudzinski-przywital-najbiedniejszych-strazakow-w-europie-wp-pl","status":"publish","type":"post","link":"http:\/\/nszzp.wroclaw.pl\/index.php\/2018\/08\/06\/powrot-bieda-bohaterow-dumny-minister-brudzinski-przywital-najbiedniejszych-strazakow-w-europie-wp-pl\/","title":{"rendered":"Powr\u00f3t bieda-bohater\u00f3w. Dumny minister Brudzi\u0144ski przywita\u0142 najbiedniejszych stra\u017cak\u00f3w w Europie &#8211; wp.pl"},"content":{"rendered":"<h1 class=\"article--title _1xAmRvR\" data-reactid=\"411\">Powr\u00f3t bieda-bohater\u00f3w. Dumny minister Brudzi\u0144ski przywita\u0142 najbiedniejszych stra\u017cak\u00f3w w Europie<\/h1>\n<p><img loading=\"lazy\" decoding=\"async\" class=\"blazy aligncenter size-full wp-image-29317\" src=\"http:\/\/nszzp.wroclaw.pl\/wp-content\/themes\/newsmag-pro\/assets\/images\/picture_placeholder_list.jpg\" data-src=\"http:\/\/nszzp.wroclaw.pl\/wp-content\/uploads\/2018\/08\/NjcxNTI1JwNMN2FifQU2XlFOYTBnRj4DDh9gJCUef1JUSXdnfAV_Uk5JemJ5BnpcUU18ezleIhkAAWMnPUMvEAIbN3k-HD0QFB0tPiAfJBoE.jpg\" alt=\"\" width=\"644\" height=\"426\" \/><noscript><img loading=\"lazy\" decoding=\"async\" class=\"aligncenter size-full wp-image-29317\" src=\"http:\/\/nszzp.wroclaw.pl\/wp-content\/uploads\/2018\/08\/NjcxNTI1JwNMN2FifQU2XlFOYTBnRj4DDh9gJCUef1JUSXdnfAV_Uk5JemJ5BnpcUU18ezleIhkAAWMnPUMvEAIbN3k-HD0QFB0tPiAfJBoE.jpg\" alt=\"\" width=\"644\" height=\"426\" \/><\/noscript><\/p>\n<p>Ale\u017c byli dumni premier Mateusz Morawiecki i szef MSWiA Joachim Brudzi\u0144ski witaj\u0105cy dzi\u015b stra\u017cak\u00f3w powracaj\u0105cych z akcji gaszenia las\u00f3w w Szwecji. Prze\u015bcigali si\u0119 w komplementowaniu bohater\u00f3w. Tymczasem Stra\u017c Po\u017carna to najbiedniejsza i najgorzej op\u0142acana ze s\u0142u\u017cb podleg\u0142ych ministrowi.<\/p>\n<div class=\"article--text FQN8OU2 YwaUr3X\">\n<p>&#8211; Mogli\u015bmy dzisiaj zaprezentowa\u0107 \u015bwiatu widok polskiego stra\u017caka wyposa\u017conego w odpowiedni sprz\u0119t, wyszkolonego tak, \u017ce mamy powody do dumy &#8211; m\u00f3wi\u0142 w \u015awinouj\u015bciu Joachim Brudzi\u0144ski, szef Ministerstwa Spraw Wewn\u0119trznych i Administracji. Obieca\u0142 uczestnikom akcji nagrody finansowe.<\/p>\n<\/div>\n<div class=\"article--text FQN8OU2 YwaUr3X\">\n<p>&#8211; Mam nadziej\u0119, a nawet jestem pewien, \u017ce spotka was mi\u0142a niespodzianka, gdy ju\u017c po tych wszystkich rado\u015bciach zwi\u0105zanych z powrotem do domu, zerkniecie na swoje konta &#8211; doda\u0142. Ile dok\u0142adnie wyniesie ta niespodzianka, tego ju\u017c nie wiadomo. MSWiA odm\u00f3wi\u0142o podania konkretnych sum. Komendant G\u0142\u00f3wny Stra\u017cy Po\u017carnej przyzna\u0142 uczestnikom akcji trzy dni urlopu.<\/p>\n<p>(&#8230;) Podkre\u015bla, \u017ce stra\u017cak przychodz\u0105cy do s\u0142u\u017cby zarabia oko\u0142o 2200 z\u0142otych brutto miesi\u0119cznie. Ci bardziej do\u015bwiadczeni powy\u017cej 3000 z\u0142. Przy zagranicznych akcjach pomocy zawsze pojawiaj\u0105 si\u0119 por\u00f3wnania p\u0142acowe. W Szwecji, gdzie polscy funkcjonariusze pomagali w gaszeniu po\u017car\u00f3w las\u00f3w, pensja stra\u017caka to w przeliczeniu oko\u0142o 3000 euro. W Niemczech ponad 2000 euro. Nasi stra\u017cacy ze \u015bredni\u0105 700-800 euro nale\u017c\u0105 do najs\u0142abiej op\u0142acanych w Europie. R\u00f3wnie\u017c na tle innych s\u0142u\u017cb podleg\u0142ych MSWiA, s\u0105 najbiedniejsi pod wzgl\u0119dem p\u0142ac.(&#8230;)<\/p>\n<p>Czytaj dalej : <a href=\"https:\/\/wiadomosci.wp.pl\/powrot-bieda-bohaterow-dumny-minister-brudzinski-przywital-najbiedniejszych-strazakow-w-europie-6281427210217601a\" target=\"_blank\" rel=\"noopener noreferrer\">https:\/\/wiadomosci.wp.pl\/powrot-bieda-bohaterow-dumny-minister-brudzinski-przywital-najbiedniejszych-strazakow-w-europie-6281427210217601a<\/a><\/p>\n<\/div>\n","protected":false},"excerpt":{"rendered":"<p>Powr\u00f3t bieda-bohater\u00f3w. Dumny minister Brudzi\u0144ski przywita\u0142 najbiedniejszych stra\u017cak\u00f3w w Europie Ale\u017c byli dumni premier Mateusz Morawiecki i szef MSWiA Joachim Brudzi\u0144ski witaj\u0105cy dzi\u015b stra\u017cak\u00f3w powracaj\u0105cych z akcji gaszenia las\u00f3w w Szwecji. Prze\u015bcigali si\u0119 w komplementowaniu bohater\u00f3w. Tymczasem Stra\u017c Po\u017carna to najbiedniejsza i najgorzej op\u0142acana ze s\u0142u\u017cb podleg\u0142ych ministrowi. &#8211; Mogli\u015bmy dzisiaj zaprezentowa\u0107 \u015bwiatu widok polskiego [&hellip;]<\/p>\n","protected":false},"author":2,"featured_media":29317,"comment_status":"closed","ping_status":"closed","sticky":false,"template":"","format":"standard","meta":{"footnotes":""},"categories":[8,28,1,446],"tags":[],"class_list":["post-29316","post","type-post","status-publish","format-standard","has-post-thumbnail","hentry","category-kolumna-3","category-baner","category-bez-kategorii","category-przeglad"],"_links":{"self":[{"href":"http:\/\/nszzp.wroclaw.pl\/index.php\/wp-json\/wp\/v2\/posts\/29316","targetHints":{"allow":["GET"]}}],"collection":[{"href":"http:\/\/nszzp.wroclaw.pl\/index.php\/wp-json\/wp\/v2\/posts"}],"about":[{"href":"http:\/\/nszzp.wroclaw.pl\/index.php\/wp-json\/wp\/v2\/types\/post"}],"author":[{"embeddable":true,"href":"http:\/\/nszzp.wroclaw.pl\/index.php\/wp-json\/wp\/v2\/users\/2"}],"replies":[{"embeddable":true,"href":"http:\/\/nszzp.wroclaw.pl\/index.php\/wp-json\/wp\/v2\/comments?post=29316"}],"version-history":[{"count":1,"href":"http:\/\/nszzp.wroclaw.pl\/index.php\/wp-json\/wp\/v2\/posts\/29316\/revisions"}],"predecessor-version":[{"id":29318,"href":"http:\/\/nszzp.wroclaw.pl\/index.php\/wp-json\/wp\/v2\/posts\/29316\/revisions\/29318"}],"wp:featuredmedia":[{"embeddable":true,"href":"http:\/\/nszzp.wroclaw.pl\/index.php\/wp-json\/wp\/v2\/media\/29317"}],"wp:attachment":[{"href":"http:\/\/nszzp.wroclaw.pl\/index.php\/wp-json\/wp\/v2\/media?parent=29316"}],"wp:term":[{"taxonomy":"category","embeddable":true,"href":"http:\/\/nszzp.wroclaw.pl\/index.php\/wp-json\/wp\/v2\/categories?post=29316"},{"taxonomy":"post_tag","embeddable":true,"href":"http:\/\/nszzp.wroclaw.pl\/index.php\/wp-json\/wp\/v2\/tags?post=29316"}],"curies":[{"name":"wp","href":"https:\/\/api.w.org\/{rel}","templated":true}]}}