{"id":3040,"date":"2017-06-06T18:14:55","date_gmt":"2017-06-06T16:14:55","guid":{"rendered":"http:\/\/nszzp.wroclaw.pl\/?p=3040"},"modified":"2017-06-06T18:25:22","modified_gmt":"2017-06-06T16:25:22","slug":"rafal-jankowski-na-posiedzeniu-zarzadu-wojewodzkiego-nszzp-woj-dolnoslaskiego","status":"publish","type":"post","link":"http:\/\/nszzp.wroclaw.pl\/index.php\/2017\/06\/06\/rafal-jankowski-na-posiedzeniu-zarzadu-wojewodzkiego-nszzp-woj-dolnoslaskiego\/","title":{"rendered":"Rafa\u0142 Jankowski na posiedzeniu Zarz\u0105du Wojew\u00f3dzkiego NSZZP woj. dolno\u015bl\u0105skiego"},"content":{"rendered":"<p><img loading=\"lazy\" decoding=\"async\" class=\"blazy aligncenter size-large wp-image-3046\" src=\"http:\/\/nszzp.wroclaw.pl\/wp-content\/themes\/newsmag-pro\/assets\/images\/picture_placeholder_list.jpg\" data-src=\"http:\/\/nszzp.wroclaw.pl\/wp-content\/uploads\/2017\/06\/baner-nszzp-1-1024x320.jpg\" alt=\"\" width=\"1024\" height=\"320\" \/><noscript><img loading=\"lazy\" decoding=\"async\" class=\"aligncenter size-large wp-image-3046\" src=\"http:\/\/nszzp.wroclaw.pl\/wp-content\/uploads\/2017\/06\/baner-nszzp-1-1024x320.jpg\" alt=\"\" width=\"1024\" height=\"320\" srcset=\"http:\/\/nszzp.wroclaw.pl\/wp-content\/uploads\/2017\/06\/baner-nszzp-1-1024x320.jpg 1024w, http:\/\/nszzp.wroclaw.pl\/wp-content\/uploads\/2017\/06\/baner-nszzp-1-300x94.jpg 300w, http:\/\/nszzp.wroclaw.pl\/wp-content\/uploads\/2017\/06\/baner-nszzp-1-768x240.jpg 768w, http:\/\/nszzp.wroclaw.pl\/wp-content\/uploads\/2017\/06\/baner-nszzp-1.jpg 1920w\" sizes=\"auto, (max-width: 1024px) 100vw, 1024px\" \/><\/noscript><\/p>\n<p>Przewodnicz\u0105cy Zarz\u0105du G\u0142\u00f3wnego NSZZ Policjant\u00f3w wzi\u0105\u0142 udzia\u0142 w posiedzeniu Zarz\u0105du Wojew\u00f3dzkiego NSZZ Policjant\u00f3w woj. dolno\u015bl\u0105skiego, kt\u00f3re odby\u0142o si\u0119 w dniach 5-6 czerwca 2017 r. w Szklarskiej Por\u0119bie.<\/p>\n<p>Na posiedzeniu obecni byli prawie wszyscy Przewodnicz\u0105cy Zarz\u0105d\u00f3w Terenowych z wojew\u00f3dztwa dolno\u015bl\u0105skiego, Wojew\u00f3dzka Komisja Rewizyjna oraz prezydium Zarz\u0105du Wojew\u00f3dzkiego.\u00a0 Obrady rozpocz\u0105\u0142 kolega Rafa\u0142 Jankowski, przedstawi\u0142 problemy z jakimi boryka si\u0119 Zarz\u0105d G\u0142\u00f3wny i kierunki w jakich prowadzone s\u0105 obecnie prace zarz\u0105du. Przedstawi\u0142 jak wygl\u0105da wsp\u00f3\u0142praca z Komendantem G\u0142\u00f3wnym oraz Ministerstwem i innymi urz\u0119dami. Po serii trudnych pyta\u0144 do przewodnicz\u0105cego by\u0142 te\u017c uroczysty moment, w czasie kt\u00f3rego Przewodnicz\u0105cy Rafa\u0142 Jankowski wyr\u00f3\u017cniony zosta\u0142 Medalem Zas\u0142u\u017cony dla Dolnego \u015al\u0105ska.<\/p>\n<p><img loading=\"lazy\" decoding=\"async\" class=\"blazy size-large wp-image-3042\" src=\"http:\/\/nszzp.wroclaw.pl\/wp-content\/themes\/newsmag-pro\/assets\/images\/picture_placeholder_list.jpg\" data-src=\"http:\/\/nszzp.wroclaw.pl\/wp-content\/uploads\/2017\/06\/DSC_3671-1024x683.jpg\" alt=\"\" width=\"1024\" height=\"683\" \/><noscript><img loading=\"lazy\" decoding=\"async\" class=\"size-large wp-image-3042\" src=\"http:\/\/nszzp.wroclaw.pl\/wp-content\/uploads\/2017\/06\/DSC_3671-1024x683.jpg\" alt=\"\" width=\"1024\" height=\"683\" srcset=\"http:\/\/nszzp.wroclaw.pl\/wp-content\/uploads\/2017\/06\/DSC_3671-1024x683.jpg 1024w, http:\/\/nszzp.wroclaw.pl\/wp-content\/uploads\/2017\/06\/DSC_3671-300x200.jpg 300w, http:\/\/nszzp.wroclaw.pl\/wp-content\/uploads\/2017\/06\/DSC_3671-768x512.jpg 768w, http:\/\/nszzp.wroclaw.pl\/wp-content\/uploads\/2017\/06\/DSC_3671.jpg 1619w\" sizes=\"auto, (max-width: 1024px) 100vw, 1024px\" \/><\/noscript><\/p>\n<p><img loading=\"lazy\" decoding=\"async\" class=\"blazy size-large wp-image-3043\" src=\"http:\/\/nszzp.wroclaw.pl\/wp-content\/themes\/newsmag-pro\/assets\/images\/picture_placeholder_list.jpg\" data-src=\"http:\/\/nszzp.wroclaw.pl\/wp-content\/uploads\/2017\/06\/DSC_3675-1024x683.jpg\" alt=\"\" width=\"1024\" height=\"683\" \/><noscript><img loading=\"lazy\" decoding=\"async\" class=\"size-large wp-image-3043\" src=\"http:\/\/nszzp.wroclaw.pl\/wp-content\/uploads\/2017\/06\/DSC_3675-1024x683.jpg\" alt=\"\" width=\"1024\" height=\"683\" srcset=\"http:\/\/nszzp.wroclaw.pl\/wp-content\/uploads\/2017\/06\/DSC_3675-1024x683.jpg 1024w, http:\/\/nszzp.wroclaw.pl\/wp-content\/uploads\/2017\/06\/DSC_3675-300x200.jpg 300w, http:\/\/nszzp.wroclaw.pl\/wp-content\/uploads\/2017\/06\/DSC_3675-768x512.jpg 768w, http:\/\/nszzp.wroclaw.pl\/wp-content\/uploads\/2017\/06\/DSC_3675.jpg 1619w\" sizes=\"auto, (max-width: 1024px) 100vw, 1024px\" \/><\/noscript><\/p>\n<p><img loading=\"lazy\" decoding=\"async\" class=\"blazy  wp-image-3044\" src=\"http:\/\/nszzp.wroclaw.pl\/wp-content\/themes\/newsmag-pro\/assets\/images\/picture_placeholder_list.jpg\" data-src=\"http:\/\/nszzp.wroclaw.pl\/wp-content\/uploads\/2017\/06\/DSC_3685-846x1024.jpg\" alt=\"\" width=\"691\" height=\"836\" \/><noscript><img loading=\"lazy\" decoding=\"async\" class=\" wp-image-3044\" src=\"http:\/\/nszzp.wroclaw.pl\/wp-content\/uploads\/2017\/06\/DSC_3685-846x1024.jpg\" alt=\"\" width=\"691\" height=\"836\" srcset=\"http:\/\/nszzp.wroclaw.pl\/wp-content\/uploads\/2017\/06\/DSC_3685-846x1024.jpg 846w, http:\/\/nszzp.wroclaw.pl\/wp-content\/uploads\/2017\/06\/DSC_3685-248x300.jpg 248w, http:\/\/nszzp.wroclaw.pl\/wp-content\/uploads\/2017\/06\/DSC_3685-768x930.jpg 768w, http:\/\/nszzp.wroclaw.pl\/wp-content\/uploads\/2017\/06\/DSC_3685.jpg 924w\" sizes=\"auto, (max-width: 691px) 100vw, 691px\" \/><\/noscript><\/p>\n<p>&nbsp;<\/p>\n<p>W dalszej cz\u0119\u015bci obrad poruszane by\u0142y bie\u017c\u0105ce sprawy i problemy naszych funkcjonariuszy.<\/p>\n<p><span style=\"color: #0000ff;\"><a style=\"color: #0000ff;\" href=\"http:\/\/nszzp.wroclaw.pl\/index.php\/galeria\/?type_0=gallery&amp;album_gallery_id_0=60&amp;bwg_previous_album_id_0=3,3&amp;bwg_previous_album_page_number_0=0,0\" target=\"_blank\" rel=\"noopener noreferrer\"><strong>Wi\u0119cej zdj\u0119\u0107 w galerii.<\/strong> <\/a><\/span><\/p>\n","protected":false},"excerpt":{"rendered":"<p>Przewodnicz\u0105cy Zarz\u0105du G\u0142\u00f3wnego NSZZ Policjant\u00f3w wzi\u0105\u0142 udzia\u0142 w posiedzeniu Zarz\u0105du Wojew\u00f3dzkiego NSZZ Policjant\u00f3w woj. dolno\u015bl\u0105skiego, kt\u00f3re odby\u0142o si\u0119 w dniach 5-6 czerwca 2017 r. w Szklarskiej Por\u0119bie. Na posiedzeniu obecni byli prawie wszyscy Przewodnicz\u0105cy Zarz\u0105d\u00f3w Terenowych z wojew\u00f3dztwa dolno\u015bl\u0105skiego, Wojew\u00f3dzka Komisja Rewizyjna oraz prezydium Zarz\u0105du Wojew\u00f3dzkiego.\u00a0 Obrady rozpocz\u0105\u0142 kolega Rafa\u0142 Jankowski, przedstawi\u0142 problemy z jakimi [&hellip;]<\/p>\n","protected":false},"author":2,"featured_media":3046,"comment_status":"closed","ping_status":"closed","sticky":false,"template":"","format":"standard","meta":{"footnotes":""},"categories":[28,1,6],"tags":[],"class_list":["post-3040","post","type-post","status-publish","format-standard","has-post-thumbnail","hentry","category-baner","category-bez-kategorii","category-kolumna-1"],"_links":{"self":[{"href":"http:\/\/nszzp.wroclaw.pl\/index.php\/wp-json\/wp\/v2\/posts\/3040","targetHints":{"allow":["GET"]}}],"collection":[{"href":"http:\/\/nszzp.wroclaw.pl\/index.php\/wp-json\/wp\/v2\/posts"}],"about":[{"href":"http:\/\/nszzp.wroclaw.pl\/index.php\/wp-json\/wp\/v2\/types\/post"}],"author":[{"embeddable":true,"href":"http:\/\/nszzp.wroclaw.pl\/index.php\/wp-json\/wp\/v2\/users\/2"}],"replies":[{"embeddable":true,"href":"http:\/\/nszzp.wroclaw.pl\/index.php\/wp-json\/wp\/v2\/comments?post=3040"}],"version-history":[{"count":2,"href":"http:\/\/nszzp.wroclaw.pl\/index.php\/wp-json\/wp\/v2\/posts\/3040\/revisions"}],"predecessor-version":[{"id":3047,"href":"http:\/\/nszzp.wroclaw.pl\/index.php\/wp-json\/wp\/v2\/posts\/3040\/revisions\/3047"}],"wp:featuredmedia":[{"embeddable":true,"href":"http:\/\/nszzp.wroclaw.pl\/index.php\/wp-json\/wp\/v2\/media\/3046"}],"wp:attachment":[{"href":"http:\/\/nszzp.wroclaw.pl\/index.php\/wp-json\/wp\/v2\/media?parent=3040"}],"wp:term":[{"taxonomy":"category","embeddable":true,"href":"http:\/\/nszzp.wroclaw.pl\/index.php\/wp-json\/wp\/v2\/categories?post=3040"},{"taxonomy":"post_tag","embeddable":true,"href":"http:\/\/nszzp.wroclaw.pl\/index.php\/wp-json\/wp\/v2\/tags?post=3040"}],"curies":[{"name":"wp","href":"https:\/\/api.w.org\/{rel}","templated":true}]}}