{"id":31242,"date":"2018-08-28T16:42:01","date_gmt":"2018-08-28T14:42:01","guid":{"rendered":"http:\/\/nszzp.wroclaw.pl\/?p=31242"},"modified":"2018-08-28T16:42:01","modified_gmt":"2018-08-28T14:42:01","slug":"premier-nie-przyjal-naszej-delegacji-ale-za-to-mswia-chce-rozmawiac-dalej","status":"publish","type":"post","link":"http:\/\/nszzp.wroclaw.pl\/index.php\/2018\/08\/28\/premier-nie-przyjal-naszej-delegacji-ale-za-to-mswia-chce-rozmawiac-dalej\/","title":{"rendered":"Premier nie przyj\u0105\u0142 naszej delegacji, ale za to MSWiA chce rozmawia\u0107 &#8230;. dalej"},"content":{"rendered":"<p>Dzi\u015b nasi przedstawiciele chcieli porozmawia\u0107 z szefem rz\u0105du. Dziewi\u0119ciu przewodnicz\u0105cych uda\u0142o si\u0119 do kancelarii premiera, ale ten nie znalaz\u0142 dla nich czasu na spotkanie. Ale za to mamy jeszcze ciep\u0142y komunikat ze strony MSWiA : uwaga &#8211; tam chc\u0105 z nami dalej rozmawia\u0107. Minister chce i wiceminister chce ! Ale o czy Panowie? Wszystko ju\u017c zosta\u0142o powiedziane tylko do nikogo w ministerstwie nie dociera. A premier nie chce o tym s\u0142ucha\u0107. Dziwny jest ten \u015bwiat.<\/p>\n<p>&nbsp;<\/p>\n<div class=\"newsmag-video-container\">\n<blockquote class=\"wp-embedded-content\" data-secret=\"qowu8d2llJ\"><p><a href=\"http:\/\/nszzp.pl\/aktualnosci\/zwiazkowcy-sluzb-mundurowych-w-kancelarii-premiera\/\">Zwi\u0105zkowcy s\u0142u\u017cb mundurowych w&nbsp;kancelarii premiera.<\/a><\/p><\/blockquote>\n<p><iframe loading=\"lazy\" class=\"wp-embedded-content\" sandbox=\"allow-scripts\" security=\"restricted\" style=\"position: absolute; clip: rect(1px, 1px, 1px, 1px);\" src=\"http:\/\/nszzp.pl\/aktualnosci\/zwiazkowcy-sluzb-mundurowych-w-kancelarii-premiera\/embed\/#?secret=qowu8d2llJ\" data-secret=\"qowu8d2llJ\" width=\"600\" height=\"338\" title=\"&#8222;Zwi\u0105zkowcy s\u0142u\u017cb mundurowych w&nbsp;kancelarii premiera.&#8221; &#8212; Niezale\u017cny Samorz\u0105dny Zwi\u0105zek Zawodowy Policjant\u00f3w\" frameborder=\"0\" marginwidth=\"0\" marginheight=\"0\" scrolling=\"no\"><\/iframe><\/div>\n<p>&nbsp;<\/p>\n<p><img loading=\"lazy\" decoding=\"async\" class=\"blazy aligncenter size-full wp-image-31243\" src=\"http:\/\/nszzp.wroclaw.pl\/wp-content\/themes\/newsmag-pro\/assets\/images\/picture_placeholder_list.jpg\" data-src=\"http:\/\/nszzp.wroclaw.pl\/wp-content\/uploads\/2018\/08\/KPRM_jankes_polsat_dpn.jpg\" alt=\"\" width=\"730\" height=\"426\" \/><noscript><img loading=\"lazy\" decoding=\"async\" class=\"aligncenter size-full wp-image-31243\" src=\"http:\/\/nszzp.wroclaw.pl\/wp-content\/uploads\/2018\/08\/KPRM_jankes_polsat_dpn.jpg\" alt=\"\" width=\"730\" height=\"426\" srcset=\"http:\/\/nszzp.wroclaw.pl\/wp-content\/uploads\/2018\/08\/KPRM_jankes_polsat_dpn.jpg 730w, http:\/\/nszzp.wroclaw.pl\/wp-content\/uploads\/2018\/08\/KPRM_jankes_polsat_dpn-300x175.jpg 300w\" sizes=\"auto, (max-width: 730px) 100vw, 730px\" \/><\/noscript><\/p>\n<div class=\"head\">Data publikacji 28.08.2018<\/p>\n<h2>MSWiA gotowe do dalszych rozm\u00f3w ze zwi\u0105zkowcami<\/h2>\n<\/div>\n<p>Zar\u00f3wno szef MSWiA Joachim Brudzi\u0144ski, jak i wiceminister Jaros\u0142aw Zieli\u0144ski, s\u0105 ca\u0142y czas otwarci na rozmowy ze stron\u0105 zwi\u0105zkow\u0105. Trwa dialog, kt\u00f3rego celem jest zapewnienie funkcjonariuszom jak najlepszych warunk\u00f3w s\u0142u\u017cby.<\/p>\n<p>Minister Joachim Brudzi\u0144ski podkre\u015bli\u0142, \u017ce jest g\u0142\u0119boko przekonany, \u017ce stronie zwi\u0105zkowej w takim samym stopniu jak MSWiA zale\u017cy na wypracowaniu jak najlepszych rozwi\u0105za\u0144 dla wszystkich funkcjonariuszy i pracownik\u00f3w s\u0142u\u017cb. &#8211; Wszyscy w MSWiA jeste\u015bmy gotowi do dalszych rozm\u00f3w \u2013 zaznaczy\u0142.<\/p>\n<p>Przypominamy, \u017ce ca\u0142y czas trwa dialog ze zwi\u0105zkami zawodowymi s\u0142u\u017cb podleg\u0142ych resortowi. Wiceminister Jaros\u0142aw Zieli\u0144ski w ubieg\u0142ym tygodniu spotka\u0142 si\u0119 z Rafa\u0142em Jankowskim, przewodnicz\u0105cym NSZZ Policjant\u00f3w i szefem Federacji Zwi\u0105zk\u00f3w Zawodowych S\u0142u\u017cb Mundurowych. Podczas spotkania wiceszef MSWiA i przewodnicz\u0105cy NSZZ Policjant\u00f3w om\u00f3wili najwa\u017cniejsze bie\u017c\u0105ce problemy w Policji oraz oczekiwania zwi\u0105zkowc\u00f3w.<\/p>\n<p>MSWiA robi wszystko, by postulaty funkcjonariuszy i mo\u017cliwo\u015bci bud\u017cetowe uda\u0142o si\u0119 pogodzi\u0107. Niestety w s\u0142u\u017cbach mamy do czynienia z wieloletnimi zaniedbaniami m.in. w kwestii wynagrodze\u0144 funkcjonariuszy i pracownik\u00f3w cywilnych.<\/p>\n<p>Dzi\u015b (28 sierpnia br.) przedstawiciele zwi\u0105zk\u00f3w zawodowych s\u0142u\u017cb podleg\u0142ych resortowi otrzymali z Kancelarii Prezesa Rady Ministr\u00f3w zaproszenie na spotkanie z kierownictwem MSWiA. Mia\u0142o si\u0119 ono odby\u0107 w\u00a0 Centrum Partnerstwa Spo\u0142ecznego \u201eDialog\u201d w Warszawie. Jaros\u0142aw Zieli\u0144ski, sekretarz stanu w MSWiA, Edward Zaremba, pe\u0142nomocnik ministra ds. kontakt\u00f3w ze zwi\u0105zkami zawodowymi oraz inni przedstawiciele resortu oczekiwali na stron\u0119 zwi\u0105zkow\u0105. Niestety przedstawiciele zwi\u0105zk\u00f3w zawodowych nie skorzystali z tej mo\u017cliwo\u015bci.<\/p>\n<p>Mimo tego, zar\u00f3wno szef MSWiA Joachim Brudzi\u0144ski, jak i wiceminister Jaros\u0142aw Zieli\u0144ski, s\u0105 ca\u0142y czas otwarci na rozmowy ze stron\u0105 zwi\u0105zkow\u0105.<\/p>\n<p>&nbsp;<\/p>\n<p>\u017ar\u00f3d\u0142o: https:\/\/mswia.gov.pl\/pl\/aktualnosci\/17858,MSWiA-gotowe-do-dalszych-rozmow-ze-zwiazkowcami.html<\/p>\n","protected":false},"excerpt":{"rendered":"<p>Dzi\u015b nasi przedstawiciele chcieli porozmawia\u0107 z szefem rz\u0105du. Dziewi\u0119ciu przewodnicz\u0105cych uda\u0142o si\u0119 do kancelarii premiera, ale ten nie znalaz\u0142 dla nich czasu na spotkanie. Ale za to mamy jeszcze ciep\u0142y komunikat ze strony MSWiA : uwaga &#8211; tam chc\u0105 z nami dalej rozmawia\u0107. Minister chce i wiceminister chce ! Ale o czy Panowie? Wszystko ju\u017c [&hellip;]<\/p>\n","protected":false},"author":2,"featured_media":31244,"comment_status":"closed","ping_status":"closed","sticky":false,"template":"","format":"standard","meta":{"footnotes":""},"categories":[8,28,1,446],"tags":[],"class_list":["post-31242","post","type-post","status-publish","format-standard","has-post-thumbnail","hentry","category-kolumna-3","category-baner","category-bez-kategorii","category-przeglad"],"_links":{"self":[{"href":"http:\/\/nszzp.wroclaw.pl\/index.php\/wp-json\/wp\/v2\/posts\/31242","targetHints":{"allow":["GET"]}}],"collection":[{"href":"http:\/\/nszzp.wroclaw.pl\/index.php\/wp-json\/wp\/v2\/posts"}],"about":[{"href":"http:\/\/nszzp.wroclaw.pl\/index.php\/wp-json\/wp\/v2\/types\/post"}],"author":[{"embeddable":true,"href":"http:\/\/nszzp.wroclaw.pl\/index.php\/wp-json\/wp\/v2\/users\/2"}],"replies":[{"embeddable":true,"href":"http:\/\/nszzp.wroclaw.pl\/index.php\/wp-json\/wp\/v2\/comments?post=31242"}],"version-history":[{"count":1,"href":"http:\/\/nszzp.wroclaw.pl\/index.php\/wp-json\/wp\/v2\/posts\/31242\/revisions"}],"predecessor-version":[{"id":31245,"href":"http:\/\/nszzp.wroclaw.pl\/index.php\/wp-json\/wp\/v2\/posts\/31242\/revisions\/31245"}],"wp:featuredmedia":[{"embeddable":true,"href":"http:\/\/nszzp.wroclaw.pl\/index.php\/wp-json\/wp\/v2\/media\/31244"}],"wp:attachment":[{"href":"http:\/\/nszzp.wroclaw.pl\/index.php\/wp-json\/wp\/v2\/media?parent=31242"}],"wp:term":[{"taxonomy":"category","embeddable":true,"href":"http:\/\/nszzp.wroclaw.pl\/index.php\/wp-json\/wp\/v2\/categories?post=31242"},{"taxonomy":"post_tag","embeddable":true,"href":"http:\/\/nszzp.wroclaw.pl\/index.php\/wp-json\/wp\/v2\/tags?post=31242"}],"curies":[{"name":"wp","href":"https:\/\/api.w.org\/{rel}","templated":true}]}}