{"id":31776,"date":"2018-08-31T09:45:54","date_gmt":"2018-08-31T07:45:54","guid":{"rendered":"http:\/\/nszzp.wroclaw.pl\/?p=31776"},"modified":"2018-08-31T09:45:54","modified_gmt":"2018-08-31T07:45:54","slug":"slawomir-koniuszy-minister-uprawia-demagogie-dialog-nie-powinien-byc-mierzony-liczba-spotkan-tylko-efektami-w-zadnym-punkcie-nie-osiagnelismy-porozumienia","status":"publish","type":"post","link":"http:\/\/nszzp.wroclaw.pl\/index.php\/2018\/08\/31\/slawomir-koniuszy-minister-uprawia-demagogie-dialog-nie-powinien-byc-mierzony-liczba-spotkan-tylko-efektami-w-zadnym-punkcie-nie-osiagnelismy-porozumienia\/","title":{"rendered":"S\u0142awomir Koniuszy: minister uprawia demagogi\u0119, dialog nie powinien by\u0107 mierzony liczb\u0105 spotka\u0144, tylko efektami. W \u017cadnym punkcie nie osi\u0105gn\u0119li\u015bmy porozumienia."},"content":{"rendered":"<h4 class=\"entry-title\">S\u0142awomir Koniuszy: minister uprawia demagogi\u0119, dialog nie powinien by\u0107 mierzony liczb\u0105 spotka\u0144, tylko efektami. W\u00a0\u017cadnym punkcie nie osi\u0105gn\u0119li\u015bmy porozumienia.<\/h4>\n<p><img loading=\"lazy\" decoding=\"async\" class=\"blazy aligncenter size-full wp-image-31777\" src=\"http:\/\/nszzp.wroclaw.pl\/wp-content\/themes\/newsmag-pro\/assets\/images\/picture_placeholder_list.jpg\" data-src=\"http:\/\/nszzp.wroclaw.pl\/wp-content\/uploads\/2018\/08\/mandaty_dpn_730x426_acf_cropped.jpg\" alt=\"\" width=\"730\" height=\"426\" \/><noscript><img loading=\"lazy\" decoding=\"async\" class=\"aligncenter size-full wp-image-31777\" src=\"http:\/\/nszzp.wroclaw.pl\/wp-content\/uploads\/2018\/08\/mandaty_dpn_730x426_acf_cropped.jpg\" alt=\"\" width=\"730\" height=\"426\" \/><\/noscript><\/p>\n<div class=\"entry-content\">\n<p>Takiej skali protestu chyba nikt si\u0119 nie spodziewa\u0142. Policjanci s\u0105 dumni z\u00a0zaanga\u017cowania koleg\u00f3w, politycy przeb\u0105kuj\u0105 o\u00a0gotowo\u015bci do\u00a0rozm\u00f3w. A\u00a0wp\u0142ywy z\u00a0mandat\u00f3w spad\u0142y o\u00a0prawie 80 procent<\/p>\n<p>Jeszcze niedawno niemal ka\u017cde wykroczenie, na\u00a0kt\u00f3rym policjanci przy\u0142apali obywateli, ko\u0144czy\u0142o si\u0119 mandatem. Nie zawsze funkcjonariusze nakazywali zap\u0142aci\u0107 maksymaln\u0105 stawk\u0119 za\u00a0b\u0142\u0105d. Cz\u0119sto kwota mandatu by\u0142a symboliczna, ale\u00a0by\u0142a. Policjanci wychodzili z\u00a0za\u0142o\u017cenia, \u017ce\u00a0nieuchronno\u015b\u0107 kary jest najwa\u017cniejsza. Wa\u017cniejsza ni\u017c jej wysoko\u015b\u0107. Z\u00a0czasem jednak\u00a0sytuacja bardzo si\u0119 zmieni\u0142a. Policjanci powiedzieli: do\u015b\u0107. I\u00a0rozpocz\u0119li protest. Prawo zakazuje im strajkowania, ale\u00a0protestowa\u0107 mog\u0105.<\/p>\n<p><strong>Postanowili, \u017ce\u00a0protest ma by\u0107 jak najbardziej \u0142agodny dla\u00a0obywateli.<\/strong> Dlatego\u00a0zdecydowali, \u017ce\u00a0ogranicz\u0105 nak\u0142adanie mandat\u00f3w za\u00a0wykroczenia. W\u00a0miejsce kary \ufb01nansowej, zacz\u0119li stosowa\u0107 upomnienia. Efekty wida\u0107 we wp\u0142ywach do\u00a0bud\u017cetu pa\u0144stwa. Z\u00a0danych warmi\u0144sko-mazurskiego NSZZ Policjant\u00f3w wynika,\u00a0\u017ce od 10 lipca (wtedy rozpocz\u0105\u0142 si\u0119 protest) do\u00a010 sierpnia tego roku policjanci z\u00a0regionu na\u0142o\u017cyli tylko 1125 mandat\u00f3w. W\u00a0a\u017c\u00a06084 przypadkach zastosowali wy\u0142\u0105cznie pouczenia. Dla\u00a0por\u00f3wnania w\u00a0tym samym okresie 2017 roku liczby te by\u0142y diametralnie r\u00f3\u017cne. Mandat\u00f3w by\u0142o a\u017c 11482, a\u00a0poucze\u0144 zaledwie 705.<\/p>\n<p><strong>\u2014 Wida\u0107, \u017ce\u00a0policjanci trzymaj\u0105 lini\u0119. Nie ma wi\u0119kszych r\u00f3\u017cnic mi\u0119dzy wynikami na\u00a0Warmii i\u00a0Mazurach a\u00a0tymi z\u00a0 reszty kraju. Teraz pouczeniami ko\u0144czy si\u0119 a\u017c\u00a080 procent sytuacji<\/strong> \u2014\u00a0 m\u00f3wi S\u0142awomir Koniuszy, szef policyjnych zwi\u0105zkowc\u00f3w w\u00a0regionie.<\/p>\n<p><strong>NSZZ Policjant\u00f3w poinformowa\u0142, \u017ce\u00a0w\u00a0ca\u0142ym kraju w\u00a0 ci\u0105gu miesi\u0105ca wp\u0142ywy z\u00a0mandat\u00f3w do\u00a0bud\u017cetu tylko w\u00a0lipcu spad\u0142y o\u00a0ponad 11 mln z\u0142. <\/strong><\/p>\n<p>\u2014 Pragn\u0119 podkre\u015bli\u0107, i\u017c o\u00a0sposobie zako\u0144czenia interwencji decyduje policjant prowadz\u0105cy interwencje, w\u00a0 ramach obowi\u0105zuj\u0105cych prawem \u015brodk\u00f3w karnych. W\u00a0interwencjach nie zako\u0144czonych post\u0119powaniem mandatowym mo\u017ce by\u0107 to b\u0105d\u017a\u00a0pouczenie b\u0105d\u017a\u00a0skierowanie wniosku o\u00a0ukaranie do\u00a0s\u0105du \u2014\u00a0komentuje podkom. Robert Opas z\u00a0 Komendy G\u0142\u00f3wnej Policji.<\/p>\n<p>Funkcjonariusze domagaj\u0105 si\u0119 podwy\u017cek pensji i\u00a0zmian w\u00a0 systemie emerytalnym. Chc\u0105 800 z\u0142 podwy\u017cki do\u00a0uposa\u017cenia, zapowiadaj\u0105, \u017ce\u00a0mog\u0105 by\u0107 one roz\u0142o\u017cone w\u00a0ratach na\u00a0dwa lata. Domagaj\u0105 si\u0119 r\u00f3wnie\u017c rezygnacji z\u00a0granicy 55. roku \u017cycia uprawniaj\u0105cego do\u00a0przej\u015bcia na\u00a0emerytur\u0119. To jeden z\u00a0parametr\u00f3w koniecznych do\u00a0osi\u0105gni\u0119cia, aby\u00a0odej\u015b\u0107 na\u00a0emerytur\u0119 po\u00a025 latach s\u0142u\u017cby.<\/p>\n<figure id=\"attachment_12243\" class=\"wp-caption alignleft\"><img loading=\"lazy\" decoding=\"async\" class=\"blazy wp-image-12243 size-medium\" src=\"http:\/\/nszzp.wroclaw.pl\/wp-content\/themes\/newsmag-pro\/assets\/images\/picture_placeholder_list.jpg\" data-src=\"http:\/\/nszzp.pl\/wp-content\/uploads\/2018\/08\/koniuszy_swieto_zyczenia-162x193.jpg\" sizes=\"auto, (max-width: 162px) 85vw, 162px\" srcset=\"http:\/\/nszzp.pl\/wp-content\/uploads\/2018\/08\/koniuszy_swieto_zyczenia-162x193.jpg 162w, http:\/\/nszzp.pl\/wp-content\/uploads\/2018\/08\/koniuszy_swieto_zyczenia.jpg 232w\" alt=\"\" width=\"162\" height=\"193\" \/><noscript><img loading=\"lazy\" decoding=\"async\" class=\"wp-image-12243 size-medium\" src=\"http:\/\/nszzp.pl\/wp-content\/uploads\/2018\/08\/koniuszy_swieto_zyczenia-162x193.jpg\" sizes=\"auto, (max-width: 162px) 85vw, 162px\" srcset=\"http:\/\/nszzp.pl\/wp-content\/uploads\/2018\/08\/koniuszy_swieto_zyczenia-162x193.jpg 162w, http:\/\/nszzp.pl\/wp-content\/uploads\/2018\/08\/koniuszy_swieto_zyczenia.jpg 232w\" alt=\"\" width=\"162\" height=\"193\" \/><\/noscript><figcaption class=\"wp-caption-text\">S\u0142awomir Koniuszy<\/figcaption><\/figure>\n<p>\u2014 <strong>To zniech\u0119ca porz\u0105dnych m\u0142odych ludzi ze \u015brednim wykszta\u0142ceniem do\u00a0wst\u0119powania do\u00a0policji<\/strong> \u2014\u00a0t\u0142umaczy S\u0142awomir Koniuszy. \u2014\u00a0<strong>Nam zale\u017cy na\u00a0tym, aby\u00a0te m\u0142ode, zdolne osoby przysz\u0142y do\u00a0s\u0142u\u017cby od razu po\u00a0uko\u0144czeniu szko\u0142y \u015bredniej. Ale\u00a0im si\u0119 to nie kalkuluje. Oni musieliby prawie 40 lat zasuwa\u0107, \u017ceby przej\u015b\u0107 na\u00a0emerytur\u0119. Zwi\u0105zkowcy ju\u017c dawno zapowiadali, \u017ce\u00a0je\u015bli protest polegaj\u0105cy na\u00a0cz\u0119stszym stosowaniu poucze\u0144 nie pomo\u017ce, to go rozwin\u0105. Teraz komentuj\u0105, \u017ce\u00a0w\u0142adze odpowiedzialne za\u00a0sytuacj\u0119 policji nie robi\u0105 nic, aby\u00a0poprawi\u0107 stan tej s\u0142u\u017cby.<\/strong><\/p>\n<p><strong>\u2014 Dlatego\u00a0czekamy do\u00a04 wrze\u015bnia i\u00a0 wtedy prawdopodobnie ruszymy z\u00a0protestem w\u0142oskim. Wszystko jest ju\u017c\u00a0dograne. Czekamy jeszcze tylko na\u00a0oceny prawne, bo\u00a0nie chcemy policjant\u00f3w stawia\u0107 w\u00a0trudnej sytuacji albo\u00a0nara\u017ca\u0107 ich na\u00a0jak\u0105kolwiek odpowiedzialno\u015b\u0107<\/strong> \u2014\u00a0 m\u00f3wi Koniuszy. <strong>I\u00a0 zapewnia, \u017ce\u00a0tak\u017ce protest w\u0142oski ma by\u0107 bardziej odczuwalny dla\u00a0decydent\u00f3w ni\u017c obywateli.<\/strong><\/p>\n<p><strong>\u2013 Nie chcemy uderza\u0107 w\u00a0mieszka\u0144c\u00f3w. Oni s\u0105 po\u00a0naszej stronie, popieraj\u0105 nas i\u00a0nie zamierzamy tego zmienia\u0107. B\u0119dziemy walczy\u0107 z\u00a0kreowaniem wirtualnej rzeczywisto\u015bci polegaj\u0105cej cho\u0107by na\u00a0tworzeniu \ufb01kcyjnych statystyk. Ale\u00a0przyznaj\u0119, \u017ce\u00a0trudno b\u0119dzie dzia\u0142a\u0107 tak, \u017ceby nigdzie nie prze\u0142o\u017cy\u0142o si\u0119 to na\u00a0mieszka\u0144c\u00f3w. Na\u00a0pewno b\u0119dziemy si\u0119 starali, aby\u00a0tego unikn\u0105\u0107<\/strong> \u2014\u00a0podkre\u015bla zwi\u0105zkowiec.<\/p>\n<p>Wczoraj MSWiA zapewni\u0142o, \u017ce\u00a0zar\u00f3wno minister Joachim Brudzi\u0144ski, jak i\u00a0wiceminister Jaros\u0142aw Zieli\u0144ski \u201es\u0105 ca\u0142y czas otwarci na\u00a0rozmowy ze stron\u0105 zwi\u0105zkow\u0105. Trwa dialog, kt\u00f3rego celem jest zapewnienie funkcjonariuszom jak najlepszych warunk\u00f3w s\u0142u\u017cby\u201d. Zwi\u0105zkowcy wytykaj\u0105, \u017ce\u00a0z\u00a0tej gotowo\u015bci nic nie wynika. \u2014 <strong>Minister uprawia demagogi\u0119. Dialog nie powinien by\u0107 mierzony liczb\u0105 spotka\u0144, tylko efektami. W\u00a0\u017cadnym punkcie nie osi\u0105gn\u0119li\u015bmy porozumienia<\/strong> \u2014\u00a0m\u00f3wi S\u0142awomir Koniuszy.<\/p>\n<\/div>\n<div class=\"zroodloBox\"><span class=\"zrodlo\">\u017ar\u00f3d\u0142o:<\/span> <a title=\"http:\/\/gazetaolsztynska.pl\/534334,Policjanci-protestuja-a-obywatele-zyskuja-Mandatow-jest-zdecydowanie-mniej.html\" href=\"http:\/\/gazetaolsztynska.pl\/534334,Policjanci-protestuja-a-obywatele-zyskuja-Mandatow-jest-zdecydowanie-mniej.html\" target=\"_blank\" rel=\"noopener noreferrer\">http:\/\/gazetaolsztynska.pl\/534334,Policjanci-protestuja-a-obywatele-zyskuja-Mandatow-jest-zdecydowanie-mniej.html<\/a> <span class=\"date\">2018.08.31<\/span><\/div>\n<div class=\"zroodloBox\">za:nszzp.pl<\/div>\n","protected":false},"excerpt":{"rendered":"<p>S\u0142awomir Koniuszy: minister uprawia demagogi\u0119, dialog nie powinien by\u0107 mierzony liczb\u0105 spotka\u0144, tylko efektami. W\u00a0\u017cadnym punkcie nie osi\u0105gn\u0119li\u015bmy porozumienia. Takiej skali protestu chyba nikt si\u0119 nie spodziewa\u0142. Policjanci s\u0105 dumni z\u00a0zaanga\u017cowania koleg\u00f3w, politycy przeb\u0105kuj\u0105 o\u00a0gotowo\u015bci do\u00a0rozm\u00f3w. A\u00a0wp\u0142ywy z\u00a0mandat\u00f3w spad\u0142y o\u00a0prawie 80 procent Jeszcze niedawno niemal ka\u017cde wykroczenie, na\u00a0kt\u00f3rym policjanci przy\u0142apali obywateli, ko\u0144czy\u0142o si\u0119 mandatem. Nie [&hellip;]<\/p>\n","protected":false},"author":2,"featured_media":31777,"comment_status":"closed","ping_status":"closed","sticky":false,"template":"","format":"standard","meta":{"footnotes":""},"categories":[28,1,446,6],"tags":[],"class_list":["post-31776","post","type-post","status-publish","format-standard","has-post-thumbnail","hentry","category-baner","category-bez-kategorii","category-przeglad","category-kolumna-1"],"_links":{"self":[{"href":"http:\/\/nszzp.wroclaw.pl\/index.php\/wp-json\/wp\/v2\/posts\/31776","targetHints":{"allow":["GET"]}}],"collection":[{"href":"http:\/\/nszzp.wroclaw.pl\/index.php\/wp-json\/wp\/v2\/posts"}],"about":[{"href":"http:\/\/nszzp.wroclaw.pl\/index.php\/wp-json\/wp\/v2\/types\/post"}],"author":[{"embeddable":true,"href":"http:\/\/nszzp.wroclaw.pl\/index.php\/wp-json\/wp\/v2\/users\/2"}],"replies":[{"embeddable":true,"href":"http:\/\/nszzp.wroclaw.pl\/index.php\/wp-json\/wp\/v2\/comments?post=31776"}],"version-history":[{"count":1,"href":"http:\/\/nszzp.wroclaw.pl\/index.php\/wp-json\/wp\/v2\/posts\/31776\/revisions"}],"predecessor-version":[{"id":31778,"href":"http:\/\/nszzp.wroclaw.pl\/index.php\/wp-json\/wp\/v2\/posts\/31776\/revisions\/31778"}],"wp:featuredmedia":[{"embeddable":true,"href":"http:\/\/nszzp.wroclaw.pl\/index.php\/wp-json\/wp\/v2\/media\/31777"}],"wp:attachment":[{"href":"http:\/\/nszzp.wroclaw.pl\/index.php\/wp-json\/wp\/v2\/media?parent=31776"}],"wp:term":[{"taxonomy":"category","embeddable":true,"href":"http:\/\/nszzp.wroclaw.pl\/index.php\/wp-json\/wp\/v2\/categories?post=31776"},{"taxonomy":"post_tag","embeddable":true,"href":"http:\/\/nszzp.wroclaw.pl\/index.php\/wp-json\/wp\/v2\/tags?post=31776"}],"curies":[{"name":"wp","href":"https:\/\/api.w.org\/{rel}","templated":true}]}}