{"id":3249,"date":"2017-06-22T18:34:43","date_gmt":"2017-06-22T16:34:43","guid":{"rendered":"http:\/\/nszzp.wroclaw.pl\/?p=3249"},"modified":"2025-03-20T06:06:00","modified_gmt":"2025-03-20T05:06:00","slug":"co-robic-kiedy-zaginie-moje-dziecko-zaraz-wakacje","status":"publish","type":"post","link":"http:\/\/nszzp.wroclaw.pl\/index.php\/2017\/06\/22\/co-robic-kiedy-zaginie-moje-dziecko-zaraz-wakacje\/","title":{"rendered":"Co robi\u0107 kiedy zaginie moje dziecko? Zaraz Wakacje"},"content":{"rendered":"<h6 style=\"text-align: center;\">Co robi\u0107 kiedy zaginie moje dziecko? Zaraz Wakacje. Warto zapami\u0119ta\u0107 kilka zasad.<\/h6>\n<h6 style=\"text-align: center;\">Wakacje nie zwalniaj\u0105 rodzic\u00f3w z odpowiedzialno\u015bci<\/h6>\n<p><img loading=\"lazy\" decoding=\"async\" class=\"blazy aligncenter size-large wp-image-3251\" src=\"http:\/\/nszzp.wroclaw.pl\/wp-content\/themes\/newsmag-pro\/assets\/images\/picture_placeholder_list.jpg\" data-src=\"http:\/\/nszzp.wroclaw.pl\/wp-content\/uploads\/2017\/06\/rrrrrrrr-1024x319.jpg\" alt=\"\" width=\"1024\" height=\"319\" \/><noscript><img loading=\"lazy\" decoding=\"async\" class=\"aligncenter size-large wp-image-3251\" src=\"http:\/\/nszzp.wroclaw.pl\/wp-content\/uploads\/2017\/06\/rrrrrrrr-1024x319.jpg\" alt=\"\" width=\"1024\" height=\"319\" srcset=\"http:\/\/nszzp.wroclaw.pl\/wp-content\/uploads\/2017\/06\/rrrrrrrr-1024x319.jpg 1024w, http:\/\/nszzp.wroclaw.pl\/wp-content\/uploads\/2017\/06\/rrrrrrrr-300x94.jpg 300w, http:\/\/nszzp.wroclaw.pl\/wp-content\/uploads\/2017\/06\/rrrrrrrr-768x240.jpg 768w, http:\/\/nszzp.wroclaw.pl\/wp-content\/uploads\/2017\/06\/rrrrrrrr.jpg 1920w\" sizes=\"auto, (max-width: 1024px) 100vw, 1024px\" \/><\/noscript><\/p>\n<h6>Czas wakacji to dla dzieci okres wi\u0119kszej swobody, wolno\u015bci, poczucia nieskr\u0119powania obowi\u0105zkami szkolnymi i niestety cz\u0119sto czas wolny od nadzoru doros\u0142ych i cz\u0119sto od odpowiedzialno\u015bci. A dla doros\u0142ych? Dla tych, kt\u00f3rzy s\u0105 rodzicami czy opiekunami, powinien to by\u0107 czas zwi\u0119kszonej koncentracji na dziecku \u2013 jego zainteresowaniach, sposobie sp\u0119dzania wolnego czasu. Czas obserwacji zachowa\u0144 naszych pociech, budowania z dzieckiem bli\u017cszej relacji niewt\u0142oczonej w sztywny grafik obowi\u0105zk\u00f3w, zaj\u0119\u0107 szkolnych i poza szkolnych. Ale te\u017c czas na nauk\u0119 samodzielno\u015bci dla dzieci i lekcja odpowiedzialno\u015bci dla rodzic\u00f3w. Bo czy wiesz gdzie jest i co robi teraz Twoje dziecko? Z kim teraz przebywa?<\/h6>\n<h6>Rodzicu, czy wiesz gdzie jest teraz Twoje dziecko?<\/h6>\n<p><strong>\u201eWakacyjne zagini\u0119cia\u201d<\/strong><\/p>\n<p>Czas wakacji to dla dzieci okres wi\u0119kszej swobody, wolno\u015bci, poczucia nieskr\u0119powania obowi\u0105zkami szkolnymi i niestety cz\u0119sto czas wolny od nadzoru doros\u0142ych i cz\u0119sto od odpowiedzialno\u015bci. A dla doros\u0142ych? Dla tych, kt\u00f3rzy s\u0105 rodzicami czy opiekunami, powinien to by\u0107 czas zwi\u0119kszonej koncentracji na dziecku \u2013 jego zainteresowaniach, sposobie sp\u0119dzania wolnego czasu. Czas obserwacji zachowa\u0144 naszych pociech, budowania z dzieckiem bli\u017cszej relacji niewt\u0142oczonej w sztywny grafik obowi\u0105zk\u00f3w, zaj\u0119\u0107 szkolnych i poza szkolnych. Ale te\u017c czas na nauk\u0119 samodzielno\u015bci dla dzieci i lekcja odpowiedzialno\u015bci dla rodzic\u00f3w. Bo czy wiesz gdzie jest i co robi teraz Twoje dziecko? Z kim teraz przebywa?<\/p>\n<p><em>Policyjne statystyki wskazuj\u0105, \u017ce w okresie wakacyjnym zg\u0142aszanych jest ponad 2000 zagini\u0119\u0107 os\u00f3b ma\u0142oletnich, z czego zdecydowanie najwi\u0119ksz\u0105 grup\u0119 stanowi\u0105 nastolatkowie. To w du\u017cej mierze od nas \u2013 rodzic\u00f3w zale\u017cy, jak wysoka b\u0119dzie ta liczba w tym roku\u2026<\/em><\/p>\n<p><strong>B\u0105d\u017a odpowiedzialny za swoje dziecko<\/strong><\/p>\n<p>Ma\u0142e dzieci powinny by\u0107 przedmiotem naszej szczeg\u00f3lnej troski. Jednym z najwi\u0119kszych zagro\u017ce\u0144 dla dziecka, zw\u0142aszcza ma\u0142ego, jest pozostawienie go bez opieki. Brak uwagi rodzica lub opiekuna mo\u017ce generowa\u0107 niebezpieczne i tragiczne w skutkach dla dziecka wydarzenia. Wiele z nich to nieszcz\u0119\u015bliwe wypadki, ale te\u017c sytuacje, w kt\u00f3rych inne osoby wyrz\u0105dzaj\u0105 dziecku krzywd\u0119. Wakacyjne wyjazdy cz\u0119sto sprzyjaj\u0105 sytuacjom, w kt\u00f3rych \u0142atwiej jest \u201ezapodzia\u0107\u201d\u00a0 ma\u0142ego \u201ezdobywc\u0119 \u015bwiata\u201d. Nie dopu\u015b\u0107 do tego, aby ma\u0142e dziecko cho\u0107 na chwil\u0119 straci\u0107 z oczu, szczeg\u00f3lnie w tak zat\u0142oczonym miejscu jak pla\u017ca, masowa impreza (festyny, koncerty, imprezy sportowe) czy galerie handlowe. Dziecko pozostawione nawet na kr\u00f3tki czas bez opieki\u00a0 rodzica czy opiekuna, mo\u017ce sta\u0107 si\u0119 ofiar\u0105 przest\u0119pstwa, b\u0105d\u017a ulec gro\u017anemu w skutkach wypadkowi losowemu (wypadek komunikacyjny, utoni\u0119cie, utkni\u0119cie w niebezpiecznym dla niego miejscu takim jak studzienka, g\u0142\u0119boki r\u00f3w, itp.).<\/p>\n<p>Je\u015bli w okresie wakacyjnym jeste\u015bmy zmuszeni wynaj\u0105\u0107 do opieki nad dzieckiem dotychczas obc\u0105 dla nas osob\u0119 &#8211; b\u0105d\u017amy pewni, \u017ce to kto\u015b godny zaufania. Sprawd\u017amy referencje zatrudnianej opiekunki, poobserwujmy jak dziecko zachowuje si\u0119 w jej towarzystwie. B\u0105d\u017amy czujni na wszelkie mog\u0105ce nas zaniepokoi\u0107 zmiany w zachowaniu naszego dziecka (strach przed pozostaniem z opiekunem, zwi\u0119kszona nerwowo\u015b\u0107, p\u0142aczliwo\u015b\u0107, moczenie si\u0119) pozostawianego pod opiek\u0105 wynaj\u0119tej przez nas osoby.<\/p>\n<p><strong>Ufaj i kontroluj<\/strong><\/p>\n<p>Cz\u0119sto, w r\u00f3\u017cnych kontekstach, pojawia si\u0119 w naszych ustach \u017cart &#8211; \u201ekontrola najwy\u017csz\u0105 form\u0105 zaufania\u201d. Sformu\u0142owanie to mo\u017ce budzi\u0107 kontrowersje, jednak je\u015bli wyst\u0119pujemy w roli rodzica to spoczywaj\u0105ca na nas odpowiedzialno\u015b\u0107 za dziecko powinna by\u0107 wystarczaj\u0105cym powodem do przyj\u0119cia postawy zainteresowania i przygl\u0105dania si\u0119 temu, czym nasze dziecko si\u0119 zajmuje, jak i z kim sp\u0119dza sw\u00f3j wolny czas i czy jest w tym wszystkim bezpieczne.<\/p>\n<p>Du\u017cym ryzykiem dla starszego dziecka jest te\u017c trafienie do grupy r\u00f3wie\u015bniczej podejmuj\u0105cej nieakceptowane spo\u0142ecznie zachowania \u2013 za to daj\u0105cej w\u0142a\u015bnie uwag\u0119, zainteresowanie i mo\u017cliwo\u015b\u0107 bycia kim\u015b wa\u017cnym i docenionym \u2013 cz\u0119sto za cen\u0119 spe\u0142nienia okre\u015blonych warunk\u00f3w, np. dokonania kradzie\u017cy, rozboju czy si\u0119gni\u0119cia po alkohol i narkotyki. Okres wakacji, kiedy czasu wolnego jest relatywnie wi\u0119cej ni\u017c zainteresowania i kontroli ze strony rodzic\u00f3w, sprzyja poszukiwaniu tego rodzaju relacji.<\/p>\n<p>Najcz\u0119stszym powodem zagini\u0119\u0107 starszych dzieci i nastolatk\u00f3w s\u0105 ucieczki z dom\u00f3w. Motywacj\u0105 do ucieczki dziecka, obok poczucia bezradno\u015bci wobec konkretnego problemu, pr\u00f3by uwolnienia si\u0119 od niego i z\u0142ych emocji z nim zwi\u0105zanych (przemoc, molestowanie psychiczne i seksualne, upokorzenie, bieda, niepowodzenia mi\u0142osne, depresja), jest cz\u0119sto pr\u00f3ba zwr\u00f3cenia na siebie uwagi rodzica. W takich przypadkach ucieczka to krzyk i wo\u0142anie o nasz\u0105 uwag\u0119 i zainteresowanie.<\/p>\n<p><em>Pami\u0119taj, nic nie zast\u0105pi bezpo\u015bredniego, szczerego kontaktu z dzieckiem, codziennej uwagi i rozmowy. Po\u015bwi\u0119\u0107 mu sw\u00f3j czas, swoje zainteresowanie, oka\u017c, \u017ce jest dla Ciebie bardzo wa\u017cne. Rozmawiaj ze swoim dzieckiem i b\u0105d\u017a uwa\u017cnym s\u0142uchaczem. Wykorzystaj wakacyjny czas na zacie\u015bnienie wi\u0119zi rodzinnych, na popraw\u0119 relacji zaburzonych w ferworze codziennych obowi\u0105zk\u00f3w. Rodzicielstwo to przywilej, ale i r\u00f3wnie\u017c ogromna odpowiedzialno\u015b\u0107. Nie zawied\u017a swojego dziecka, nie pozw\u00f3l aby Twoj\u0105 rol\u0119 przej\u0105\u0142 kto\u015b inny \u2013 grupa r\u00f3wie\u015bnicza, czy przypadkowo poznane przez Twoje dziecko osoby. Taka znajomo\u015b\u0107 mo\u017ce okaza\u0107 si\u0119 dla Twojego dziecka tragiczna w skutkach.<\/em><\/p>\n<p><strong><em>Poni\u017cej przypominamy wskaz\u00f3wki, kt\u00f3rych przestrzeganie ustrze\u017ce nasze dziecko i nas samych przed niepotrzebn\u0105 tragedi\u0105:<\/em><\/strong><\/p>\n<ul>\n<li><em>ma\u0142ego dziecka nie zostawiaj bez opieki osoby doros\u0142ej w domu czy na podw\u00f3rku;<\/em><\/li>\n<li><em>zaopatrz dziecko w karteczk\u0119 ze swoim numerem telefonu, naucz je aby swego imienia, nazwiska i miejsca zamieszkania nie podawa\u0142o obcym ludziom;<\/em><\/li>\n<li><em>naucz dziecko rozpoznawa\u0107 sytuacje dla niego gro\u017ane bez budzenia w nim l\u0119ku;<\/em><\/li>\n<li><em>naucz dziecko korzysta\u0107 z telefonu &#8211; wyeksponuj w domu kartk\u0119 z numerami telefon\u00f3w do najbli\u017cszych oraz telefonami alarmowymi, poinstruuj jak ma si\u0119 zachowa\u0107 w sytuacji, kt\u00f3ra wzbudzi w nim niepok\u00f3j czy strach;<\/em><\/li>\n<li><em>wyja\u015bnij dziecku, \u017ce w sytuacjach problemowych ma prawo g\u0142o\u015bno krzycze\u0107, wo\u0142a\u0107 o pomoc, p\u0142aka\u0107;<\/em><\/li>\n<li><em>szczeg\u00f3ln\u0105 uwag\u0119 zwracaj na dziecko w zat\u0142oczonych miejscach publicznych (supermarkety, imprezy plenerowe, itp.), ma\u0142e dziecko trzymaj za r\u0119k\u0119 \u2013 pami\u0119taj, \u017ce to Ty masz pilnowa\u0107 dziecka a nie ono ma pilnowa\u0107 si\u0119 Ciebie!<\/em><\/li>\n<li><em>wyja\u015bnij dziecku, \u017ce w razie zagini\u0119cia powinno sta\u0107 w miejscu i czeka\u0107 na Ciebie (opiekuna), ewentualnie zwr\u00f3ci\u0107 si\u0119 o pomoc do osoby doros\u0142ej \u00a0&#8211; najlepiej do policjanta, ochroniarza, sprzedawcy sklepowego;<\/em><\/li>\n<li><em>naucz dziecko, \u017ce nie powinno rozmawia\u0107 z nieznajomymi, przygotuj je na ewentualny kontakt z obcym, zwr\u00f3\u0107 uwag\u0119, \u017ce ma zdecydowanie odmawia\u0107 kiedy nieznajoma osoba pod jakimkolwiek pretekstem \u00a0je zaczepia (cz\u0119stuje s\u0142odyczami, proponuje \u201epodwiezienie\u201d). Przestrze\u017c dziecko, \u017ce kiedy kto\u015b puka do drzwi pod Twoj\u0105 nieobecno\u015b\u0107, kategorycznie nie mo\u017ce wpuszcza\u0107 nikogo do domu;<\/em><\/li>\n<li><em>naucz dziecko m\u0105drze korzysta\u0107 z Internetu, wyja\u015bnij jakim zagro\u017ceniem jest podawanie obcym osobom swoich danych kontaktowych; poka\u017c mu, \u017ce sympatyczny r\u00f3wie\u015bnik poznany w sieci mo\u017ce by\u0107 zupe\u0142nie kim\u015b innym<\/em> <em>ni\u017c osob\u0105 za kt\u00f3r\u0105 si\u0119 podaje. U\u015bwiadom dziecku jak niebezpieczna mo\u017ce by\u0107 anonimowo\u015b\u0107 obcych os\u00f3b poznanych t\u0105 drog\u0105;<\/em><\/li>\n<li><em>nigdy nie zezwalaj dziecku na podr\u00f3\u017cowanie autostopem;<\/em><\/li>\n<li><em>staraj si\u0119 pozna\u0107 przyjaci\u00f3\u0142 i znajomych dziecka, interesuj si\u0119 tym jak i z kim sp\u0119dza sw\u00f3j wolny czas;<\/em><\/li>\n<li><em>nie bagatelizuj problem\u00f3w swojej pociechy, nie pozw\u00f3l by brak zainteresowania i wsparcia z Twojej strony u\u0142atwi\u0142 dziecku podj\u0119cie decyzji o ucieczce z domu;<\/em><\/li>\n<li><em>reaguj, gdy widzisz dziecko w sytuacji problemowej, tak\u017ce wtedy, gdy to nie jest Twoje dziecko!<\/em><\/li>\n<\/ul>\n<p>\u017ar\u00f3d\u0142o :http:\/\/pw.policja.pl\/pl\/wiadomosci\/wydarzenia\/758,Wakacje-nie-zwalniaja-rodzicow-z-odpowiedzialnosci.html, www.childalert.pl<\/p>\n<div style=\"width: 640px;\" class=\"wp-video\"><!--[if lt IE 9]><script>document.createElement('video');<\/script><![endif]-->\n<video class=\"wp-video-shortcode\" id=\"video-3249-1\" width=\"640\" height=\"360\" loop=\"1\" autoplay=\"1\" preload=\"metadata\" controls=\"controls\"><source type=\"video\/mp4\" src=\"http:\/\/nszzp.wroclaw.pl\/wp-content\/uploads\/2017\/06\/1-196710.mp4?_=1\" \/><a href=\"http:\/\/nszzp.wroclaw.pl\/wp-content\/uploads\/2017\/06\/1-196710.mp4\">http:\/\/nszzp.wroclaw.pl\/wp-content\/uploads\/2017\/06\/1-196710.mp4<\/a><\/video><\/div>\n<p>\u017ar\u00f3d\u0142o filmu: <a href=\"http:\/\/www.policja.pl\/pol\/filmy\/126972,Co-robic-kiedy-zaginie-moje-dziecko.html\" target=\"_blank\" rel=\"noopener noreferrer\">http:\/\/www.policja.pl\/pol\/filmy\/126972,Co-robic-kiedy-zaginie-moje-dziecko.html<\/a><\/p>\n","protected":false},"excerpt":{"rendered":"<p>Co robi\u0107 kiedy zaginie moje dziecko? Zaraz Wakacje. Warto zapami\u0119ta\u0107 kilka zasad. Wakacje nie zwalniaj\u0105 rodzic\u00f3w z odpowiedzialno\u015bci Czas wakacji to dla dzieci okres wi\u0119kszej swobody, wolno\u015bci, poczucia nieskr\u0119powania obowi\u0105zkami szkolnymi i niestety cz\u0119sto czas wolny od nadzoru doros\u0142ych i cz\u0119sto od odpowiedzialno\u015bci. A dla doros\u0142ych? Dla tych, kt\u00f3rzy s\u0105 rodzicami czy opiekunami, powinien to [&hellip;]<\/p>\n","protected":false},"author":2,"featured_media":3251,"comment_status":"closed","ping_status":"closed","sticky":false,"template":"","format":"standard","meta":{"footnotes":""},"categories":[1],"tags":[580,522],"class_list":["post-3249","post","type-post","status-publish","format-standard","has-post-thumbnail","hentry","category-bez-kategorii","tag-childalert","tag-zaginione-dziecko"],"_links":{"self":[{"href":"http:\/\/nszzp.wroclaw.pl\/index.php\/wp-json\/wp\/v2\/posts\/3249","targetHints":{"allow":["GET"]}}],"collection":[{"href":"http:\/\/nszzp.wroclaw.pl\/index.php\/wp-json\/wp\/v2\/posts"}],"about":[{"href":"http:\/\/nszzp.wroclaw.pl\/index.php\/wp-json\/wp\/v2\/types\/post"}],"author":[{"embeddable":true,"href":"http:\/\/nszzp.wroclaw.pl\/index.php\/wp-json\/wp\/v2\/users\/2"}],"replies":[{"embeddable":true,"href":"http:\/\/nszzp.wroclaw.pl\/index.php\/wp-json\/wp\/v2\/comments?post=3249"}],"version-history":[{"count":1,"href":"http:\/\/nszzp.wroclaw.pl\/index.php\/wp-json\/wp\/v2\/posts\/3249\/revisions"}],"predecessor-version":[{"id":3252,"href":"http:\/\/nszzp.wroclaw.pl\/index.php\/wp-json\/wp\/v2\/posts\/3249\/revisions\/3252"}],"wp:featuredmedia":[{"embeddable":true,"href":"http:\/\/nszzp.wroclaw.pl\/index.php\/wp-json\/wp\/v2\/media\/3251"}],"wp:attachment":[{"href":"http:\/\/nszzp.wroclaw.pl\/index.php\/wp-json\/wp\/v2\/media?parent=3249"}],"wp:term":[{"taxonomy":"category","embeddable":true,"href":"http:\/\/nszzp.wroclaw.pl\/index.php\/wp-json\/wp\/v2\/categories?post=3249"},{"taxonomy":"post_tag","embeddable":true,"href":"http:\/\/nszzp.wroclaw.pl\/index.php\/wp-json\/wp\/v2\/tags?post=3249"}],"curies":[{"name":"wp","href":"https:\/\/api.w.org\/{rel}","templated":true}]}}