{"id":33786,"date":"2018-09-17T21:47:12","date_gmt":"2018-09-17T19:47:12","guid":{"rendered":"http:\/\/nszzp.wroclaw.pl\/?p=33786"},"modified":"2018-09-17T21:47:12","modified_gmt":"2018-09-17T19:47:12","slug":"radio-zet-radykalny-spadek-wplywow-z-mandatow-17-09-2018","status":"publish","type":"post","link":"http:\/\/nszzp.wroclaw.pl\/index.php\/2018\/09\/17\/radio-zet-radykalny-spadek-wplywow-z-mandatow-17-09-2018\/","title":{"rendered":"Radio ZET: Radykalny spadek wp\u0142yw\u00f3w z mandat\u00f3w 17.09.2018"},"content":{"rendered":"<h1>Radio ZET: Radykalny spadek wp\u0142yw\u00f3w z mandat\u00f3w<\/h1>\n<div class=\"clear\"><\/div>\n<p><span class=\"publishDate\" data-date=\"17.09.2018 11:20\">17.09.2018 11:20<\/span>\u00a0\u00a0 \u017ar\u00f3d\u0142o: <a href=\"https:\/\/wiadomosci.radiozet.pl\/Polska\/Radio-ZET-Radykalny-spadek-wplywow-z-mandatow\" target=\"_blank\" rel=\"noopener noreferrer\">https:\/\/wiadomosci.radiozet.pl\/Polska\/Radio-ZET-Radykalny-spadek-wplywow-z-mandatow<\/a><\/p>\n<p><img loading=\"lazy\" decoding=\"async\" class=\"blazy aligncenter size-full wp-image-33787\" src=\"http:\/\/nszzp.wroclaw.pl\/wp-content\/themes\/newsmag-pro\/assets\/images\/picture_placeholder_list.jpg\" data-src=\"http:\/\/nszzp.wroclaw.pl\/wp-content\/uploads\/2018\/09\/Radio-ZET-Radykalny-spadek-wplywow-z-mandatow_article.jpg\" alt=\"\" width=\"780\" height=\"522\" \/><noscript><img loading=\"lazy\" decoding=\"async\" class=\"aligncenter size-full wp-image-33787\" src=\"http:\/\/nszzp.wroclaw.pl\/wp-content\/uploads\/2018\/09\/Radio-ZET-Radykalny-spadek-wplywow-z-mandatow_article.jpg\" alt=\"\" width=\"780\" height=\"522\" \/><\/noscript><\/p>\n<p>O po\u0142ow\u0119 spad\u0142y wp\u0142ywy z mandat\u00f3w wystawianych przez policj\u0119 i Stra\u017c Graniczn\u0105 &#8211; wynika z danych za sierpie\u0144, do kt\u00f3rych dotar\u0142o Radio ZET.<\/p>\n<p>&#8211; To pokazuje, \u017ce rz\u0105d\u00a0 myli si\u0119 twierdz\u0105c, \u017ce protestuj\u0105 tylko zwi\u0105zkowcy &#8211; komentuje przewodnicz\u0105cy NSZZ Policjant\u00f3w Rafa\u0142 Jankowski. Protest s\u0142u\u017cb mundurowych trwa od lipca.<\/p>\n<p><a href=\"https:\/\/wiadomosci.radiozet.pl\/Polska\/2-pazdziernika-manifestacja-pracownikow-sluzb-mundurowych\" target=\"_blank\" rel=\"noopener noreferrer\"><b>S\u0142u\u017cby mundurowe szykuj\u0105 si\u0119 do wielkiej manifestacji. \u201eMiarka si\u0119 przebra\u0142a\u201d<\/b><\/a><\/p>\n<p>W sierpniu \u0142\u0105czne dochody z wp\u0142at z tytu\u0142u grzywien nak\u0142adanych w formie mandatu karnego przez wszystkie uprawnione jednostki wynios\u0142y 25 348 409 z\u0142.\u00a0 Rok temu by\u0142o to 50 237 578 z\u0142. Do takich danych Izby Skarbowej w Opolu, kt\u00f3ra rozlicza mandaty z ca\u0142ej Polski dotar\u0142o Radio ZET.\u00a0 Niezale\u017cny Samorz\u0105dny Zwi\u0105zek Zawodowy Policjant\u00f3w uwa\u017ca, \u017ce to efekt protestu s\u0142u\u017cb mundurowych.<\/p>\n<p>&#8211; Ca\u0142e \u015brodowisko jest zdeterminowane, protestuj\u0105 wszyscy policjanci, bo widz\u0105 jaka jest sytuacja w s\u0142u\u017cbie. Je\u015bli rz\u0105d tego nie zrozumie, to b\u0119dzie jeszcze gorzej &#8211; m\u00f3wi przewodnicz\u0105cy Zwi\u0105zku Rafa\u0142 Jankowski.<\/p>\n<p>Na 2 pa\u017adziernika zwi\u0105zkowcy zapowiadaj\u0105 manifestacj\u0119 w Warszawie. Domagaj\u0105 si\u0119 mi\u0119dzy innymi podwy\u017cek o 650 z\u0142 i powrotu do poprzedniego systemu emerytalnego.<\/p>\n<p>RadioZET.pl\/BM<\/p>\n","protected":false},"excerpt":{"rendered":"<p>Radio ZET: Radykalny spadek wp\u0142yw\u00f3w z mandat\u00f3w 17.09.2018 11:20\u00a0\u00a0 \u017ar\u00f3d\u0142o: https:\/\/wiadomosci.radiozet.pl\/Polska\/Radio-ZET-Radykalny-spadek-wplywow-z-mandatow O po\u0142ow\u0119 spad\u0142y wp\u0142ywy z mandat\u00f3w wystawianych przez policj\u0119 i Stra\u017c Graniczn\u0105 &#8211; wynika z danych za sierpie\u0144, do kt\u00f3rych dotar\u0142o Radio ZET. &#8211; To pokazuje, \u017ce rz\u0105d\u00a0 myli si\u0119 twierdz\u0105c, \u017ce protestuj\u0105 tylko zwi\u0105zkowcy &#8211; komentuje przewodnicz\u0105cy NSZZ Policjant\u00f3w Rafa\u0142 Jankowski. Protest s\u0142u\u017cb [&hellip;]<\/p>\n","protected":false},"author":2,"featured_media":33787,"comment_status":"closed","ping_status":"closed","sticky":false,"template":"","format":"standard","meta":{"footnotes":""},"categories":[28,1,446,6],"tags":[],"class_list":["post-33786","post","type-post","status-publish","format-standard","has-post-thumbnail","hentry","category-baner","category-bez-kategorii","category-przeglad","category-kolumna-1"],"_links":{"self":[{"href":"http:\/\/nszzp.wroclaw.pl\/index.php\/wp-json\/wp\/v2\/posts\/33786","targetHints":{"allow":["GET"]}}],"collection":[{"href":"http:\/\/nszzp.wroclaw.pl\/index.php\/wp-json\/wp\/v2\/posts"}],"about":[{"href":"http:\/\/nszzp.wroclaw.pl\/index.php\/wp-json\/wp\/v2\/types\/post"}],"author":[{"embeddable":true,"href":"http:\/\/nszzp.wroclaw.pl\/index.php\/wp-json\/wp\/v2\/users\/2"}],"replies":[{"embeddable":true,"href":"http:\/\/nszzp.wroclaw.pl\/index.php\/wp-json\/wp\/v2\/comments?post=33786"}],"version-history":[{"count":1,"href":"http:\/\/nszzp.wroclaw.pl\/index.php\/wp-json\/wp\/v2\/posts\/33786\/revisions"}],"predecessor-version":[{"id":33788,"href":"http:\/\/nszzp.wroclaw.pl\/index.php\/wp-json\/wp\/v2\/posts\/33786\/revisions\/33788"}],"wp:featuredmedia":[{"embeddable":true,"href":"http:\/\/nszzp.wroclaw.pl\/index.php\/wp-json\/wp\/v2\/media\/33787"}],"wp:attachment":[{"href":"http:\/\/nszzp.wroclaw.pl\/index.php\/wp-json\/wp\/v2\/media?parent=33786"}],"wp:term":[{"taxonomy":"category","embeddable":true,"href":"http:\/\/nszzp.wroclaw.pl\/index.php\/wp-json\/wp\/v2\/categories?post=33786"},{"taxonomy":"post_tag","embeddable":true,"href":"http:\/\/nszzp.wroclaw.pl\/index.php\/wp-json\/wp\/v2\/tags?post=33786"}],"curies":[{"name":"wp","href":"https:\/\/api.w.org\/{rel}","templated":true}]}}