{"id":34611,"date":"2018-09-26T13:59:54","date_gmt":"2018-09-26T11:59:54","guid":{"rendered":"http:\/\/nszzp.wroclaw.pl\/?p=34611"},"modified":"2018-09-26T13:59:54","modified_gmt":"2018-09-26T11:59:54","slug":"policjanci-nie-odwoluja-protestu-po-obietnicach-mswia-2-pazdziernika-rusza-na-warszawe","status":"publish","type":"post","link":"http:\/\/nszzp.wroclaw.pl\/index.php\/2018\/09\/26\/policjanci-nie-odwoluja-protestu-po-obietnicach-mswia-2-pazdziernika-rusza-na-warszawe\/","title":{"rendered":"Policjanci nie odwo\u0142uj\u0105 protestu po obietnicach MSWiA. 2 pa\u017adziernika rusz\u0105 na Warszaw\u0119"},"content":{"rendered":"<h4 class=\"entry-title\">Policjanci nie odwo\u0142uj\u0105 protestu po\u00a0obietnicach MSWiA. 2 pa\u017adziernika rusz\u0105 na\u00a0Warszaw\u0119<\/h4>\n<p><img loading=\"lazy\" decoding=\"async\" class=\"blazy aligncenter size-full wp-image-34612\" src=\"http:\/\/nszzp.wroclaw.pl\/wp-content\/themes\/newsmag-pro\/assets\/images\/picture_placeholder_list.jpg\" data-src=\"http:\/\/nszzp.wroclaw.pl\/wp-content\/uploads\/2018\/09\/protest_dpn.jpg\" alt=\"\" width=\"730\" height=\"426\" \/><noscript><img loading=\"lazy\" decoding=\"async\" class=\"aligncenter size-full wp-image-34612\" src=\"http:\/\/nszzp.wroclaw.pl\/wp-content\/uploads\/2018\/09\/protest_dpn.jpg\" alt=\"\" width=\"730\" height=\"426\" \/><\/noscript><\/p>\n<div class=\"entry-content\">\n<p>Doniesieniom medi\u00f3w o\u00a0zako\u0144czeniu protestu zaprzecza przewodnicz\u0105cy NSZZ Policjant\u00f3w Rafa\u0142 Jankowski. \u201ePoinformujemy ministerstwo o\u00a0naszych uwagach\u201d \u2013 m\u00f3wi OKO.press i\u00a0zapowiada, \u017ce\u00a0wielki protest s\u0142u\u017cb mundurowych odb\u0119dzie si\u0119 we wtorek 2 pa\u017adziernika 2018<\/p>\n<p>Po\u00a0tym, jak MSWiA wystosowa\u0142o w\u00a0pi\u0105tek 21 wrze\u015bnia 2018\u2032 odpowied\u017a na\u00a0\u017c\u0105dania policjant\u00f3w, kt\u00f3rzy od lipca protestuj\u0105 przeciwko warunkom s\u0142u\u017cby, w\u00a0mediach pojawi\u0142y si\u0119 doniesienia, \u017ce\u00a0formacja zako\u0144czy\u0142a strajk oraz\u00a0odwo\u0142a\u0142a planowan\u0105 na\u00a02 pa\u017adziernika demonstracj\u0119. Przewodnicz\u0105cy NSZZ Policjant\u00f3w Rafa\u0142 Jankowski w\u00a0rozmowie z\u00a0OKO.press dementuje t\u0119 informacj\u0119.<\/p>\n<p><strong>\u201ePodczas posiedzenia zarz\u0105du g\u0142\u00f3wnego zwi\u0105zku ustosunkowali\u015bmy si\u0119 do\u00a0propozycji ministerstwa i\u00a025 wrze\u015bnia poinformujemy o\u00a0naszych uwagach. Przedstawiciele wszystkich wojew\u00f3dztw byli w\u00a0tej kwestii jednomy\u015blni\u201d \u2013 m\u00f3wi\u0142 Jankowski.<\/strong><\/p>\n<p><strong>Ministerstwo spe\u0142nia cz\u0119\u015b\u0107 \u017c\u0105da\u0144 na\u00a0kilka dni przed protestem, ale\u2026.<\/strong><br \/>\n21 wrze\u015bnia szef MSWiA Joachim Brudzi\u0144ski i\u00a0wiceminister odpowiedzialny za\u00a0s\u0142u\u017cby mundurowe Jaros\u0142aw Zieli\u0144ski spotkali si\u0119 ze zwi\u0105zkowcami, by przedstawi\u0107 swoje propozycje na\u00a0postulaty policjant\u00f3w. Chocia\u017c nie by\u0142y one jawne, TVN24 ustali\u0142 na\u00a0podstawie \u201enieoficjalnych informacji z\u00a0kilku niezale\u017cnych \u017ar\u00f3de\u0142\u201d, \u017ce\u00a0ministerstwo zaproponowa\u0142o s\u0142u\u017cbom, \u017ce:<\/p>\n<ul>\n<li>od stycznia 2019 roku mieliby dosta\u0107 po\u00a0300 z\u0142otych podwy\u017cki i\u00a0kolejne 250 z\u0142otych w\u00a0lipcu 2019;<\/li>\n<li>zwolnienia lekarskie policjant\u00f3w pracuj\u0105cych na\u00a0ulicach \u2013 trwaj\u0105ce nie wi\u0119cej ni\u017c 30 dni \u2013 zn\u00f3w by\u0142yby p\u0142atne w\u00a0100 procentach;<\/li>\n<li>p\u0142atne by\u0142yby nadgodziny (teraz policjanci mog\u0105 tylko odbiera\u0107 wolne).<\/li>\n<\/ul>\n<p>To oznacza, \u017ce\u00a0w ca\u0142o\u015bci zosta\u0142yby zaspokojone dwa z\u00a0sze\u015bciu postulat\u00f3w protestuj\u0105cych dotycz\u0105ce odp\u0142atno\u015bci zwolnie\u0144 (nr 2) i\u00a0p\u0142atnych nadgodzin (3).<\/p>\n<p>\u2026podwy\u017cki obiecuje mniejsze i\u00a0od 2019 roku<br \/>\nBliski realizacji by\u0142by te\u017c kluczowy postulat \u201eprzyznania dodatkowych \u015brodk\u00f3w na\u00a0motywacyjny wzrost uposa\u017ce\u0144 w\u00a0roku bie\u017c\u0105cym, do\u00a0kwoty 650 z\u0142 w\u00a0przeliczeniu na\u00a0funkcjonariusza\u201d, ale\u00a0kwota 300 + 250 = 550 z\u0142 by\u0142aby nieco mniejsza i\u00a0podwy\u017cki zosta\u0142yby od\u0142o\u017cone do\u00a02019 roku.<\/p>\n<p><strong>Postulaty odrzucone przez\u00a0ministerstwo:<\/strong><\/p>\n<ul>\n<li>odmro\u017cenie waloryzacji uposa\u017ce\u0144 funkcjonariuszy \u2013 obecnie podstawa wynagrodzenia w\u00a0sferze bud\u017cetowej pozostaje bez zmian od 10 lat \u2013 zwi\u0105zkowcy podkre\u015blaj\u0105, \u017ce\u00a0przez\u00a0to ich pensje realnie si\u0119 zmniejszaj\u0105; minister El\u017cbieta Rafalska na\u00a0spotkaniu z\u00a0NSZZ \u201eSolidarno\u015b\u0107\u201d zapowiedzia\u0142a co prawda odmro\u017cenie p\u0142ac w\u00a02019 roku, ale\u00a0przewodnicz\u0105cy \u201eS\u201d Piotr Duda podkre\u015bla\u0142 w\u00a0TVP Info, \u017ce\u00a0oczekuje \u201ekonkret\u00f3w\u201d;<\/li>\n<li>przywr\u00f3cenie systemu emerytalnego funkcjonariuszy, kt\u00f3ry obowi\u0105zywa\u0142 do\u00a02013 roku \u2013 aby\u00a0przej\u015b\u0107 na\u00a0emerytur\u0119, policjant musia\u0142 w\u00f3wczas jedynie udowodni\u0107 15 lat s\u0142u\u017cby (cho\u0107 otrzymywa\u0142 wtedy tylko 40 proc. ostatniej pensji, a\u00a0kwota ta ros\u0142a o\u00a02,6 pp. z\u00a0ka\u017cdym kolejnym rokiem s\u0142u\u017cby); obecnie po\u00a025 latach emerytura jest wyp\u0142acana w\u00a0wysoko\u015bci 60 proc. podstawy jej wymiaru, ale\u00a0b\u0119dzie rosn\u0105\u0107 o\u00a03 pp. za\u00a0ka\u017cdy dodatkowy rok w\u00a0s\u0142u\u017cbie, do\u00a0maksymalnie 75 proc. pensji;<\/li>\n<li>wliczanie sta\u017cu pracy poprzedzaj\u0105cego i\u00a0nast\u0119puj\u0105cego po\u00a0s\u0142u\u017cbie (tak\u017ce w\u00a0czasie np.\u00a0chorobowego lub\u00a0urlopu bezp\u0142atnego) jako okresu przepracowanego w\u00a0Policji na\u00a0potrzeby wyliczania emerytury \u2013 czyli\u00a0np. czas przepracowany w\u00a0prywatnej firmie ochroniarskiej liczy\u0142by si\u0119 tak samo, jak s\u0142u\u017cba; taki system obowi\u0105zywa\u0142 do\u00a02003 roku, kiedy zmieniono go ustaw\u0105 z\u00a0dat\u0105 wsteczn\u0105 1 stycznia 1999 roku \u2013 cz\u0119\u015b\u0107 policjant\u00f3w po\u00a04 latach pracy dowiedzia\u0142a si\u0119, \u017ce\u00a0spos\u00f3b wyliczania ich emerytury ulega zmianie.<\/li>\n<\/ul>\n<p><strong>TVN24 i\u00a0\u201eRzeczpospolita\u201d o\u00a0zako\u0144czeniu protestu<\/strong><\/p>\n<p>TVN24 powo\u0142uj\u0105c si\u0119 na\u00a0\u201erozmowy z\u00a0kilkoma policjantami\u201d poinformowa\u0142o, \u017ce\u00a0propozycja ministerstwa \u201eko\u0144czy protest\u201d policjant\u00f3w. Powo\u0142uj\u0105c si\u0119 na\u00a0t\u0119 wiadomo\u015b\u0107, o\u00a0zako\u0144czeniu protestu donios\u0142a \u201eRzeczpospolita\u201d. Zwi\u0105zek zawodowy zdecydowanie zaprzeczy\u0142 tym ustaleniom:<\/p>\n<p>Media nie by\u0142yby mediami, gdyby nie pr\u00f3bowa\u0142y wyprzedzi\u0107, a\u00a0nawet kreowa\u0107 fakt\u00f3w\u201d \u2013 pisz\u0105 zwi\u0105zkowcy.<\/p>\n<p>Nie wiemy, sk\u0105d wzi\u0119\u0142a si\u0119 wiadomo\u015b\u0107 o\u00a0zako\u0144czeniu protestu w\u00a0mediach. Mo\u017ce kto\u015b nimi manipulowa\u0142 przekazuj\u0105c korzystn\u0105 dla\u00a0rz\u0105du informacje? A\u00a0mo\u017ce sami zwi\u0105zkowcy zmienili zdanie lub\u00a0byli podzieleni, jak zareagowa\u0107 na\u00a0propozycje ministerstwa? Tak\u017ce obecna zapowied\u017a protestu mo\u017ce by\u0107 elementem strategii negocjacyjnej.<\/p>\n<p><strong><img loading=\"lazy\" decoding=\"async\" class=\"blazy size-medium wp-image-12812 alignleft\" src=\"http:\/\/nszzp.wroclaw.pl\/wp-content\/themes\/newsmag-pro\/assets\/images\/picture_placeholder_list.jpg\" data-src=\"http:\/\/nszzp.pl\/wp-content\/uploads\/2018\/09\/jankes_dgp_dpn-2-330x193.jpg\" sizes=\"auto, (max-width: 330px) 85vw, 330px\" srcset=\"http:\/\/nszzp.pl\/wp-content\/uploads\/2018\/09\/jankes_dgp_dpn-2-330x193.jpg 330w, http:\/\/nszzp.pl\/wp-content\/uploads\/2018\/09\/jankes_dgp_dpn-2-150x88.jpg 150w, http:\/\/nszzp.pl\/wp-content\/uploads\/2018\/09\/jankes_dgp_dpn-2.jpg 730w\" alt=\"\" width=\"330\" height=\"193\" \/><noscript><img loading=\"lazy\" decoding=\"async\" class=\"size-medium wp-image-12812 alignleft\" src=\"http:\/\/nszzp.pl\/wp-content\/uploads\/2018\/09\/jankes_dgp_dpn-2-330x193.jpg\" sizes=\"auto, (max-width: 330px) 85vw, 330px\" srcset=\"http:\/\/nszzp.pl\/wp-content\/uploads\/2018\/09\/jankes_dgp_dpn-2-330x193.jpg 330w, http:\/\/nszzp.pl\/wp-content\/uploads\/2018\/09\/jankes_dgp_dpn-2-150x88.jpg 150w, http:\/\/nszzp.pl\/wp-content\/uploads\/2018\/09\/jankes_dgp_dpn-2.jpg 730w\" alt=\"\" width=\"330\" height=\"193\" \/><\/noscript>Jak informuje OKO.press Rafa\u0142 Jankowski, zwi\u0105zkowcom rzeczywi\u015bcie lepiej rozmawia si\u0119 z\u00a0ministrem Joachimem Brudzi\u0144skim, ni\u017c z\u00a0jego zast\u0119pc\u0105 Jaros\u0142awem Zieli\u0144skim, a\u00a0propozycje MSWiA \u201ezaczynaj\u0105 i\u015b\u0107 w\u00a0dobr\u0105 stron\u0119\u201d. Jednak\u00a0strajk nie zosta\u0142 odwo\u0142any, a\u00a0szykowana na\u00a02 pa\u017adziernika warszawska demonstracja ma si\u0119 odby\u0107 zgodnie z\u00a0planem. \u201eChyba \u017ce\u00a0strona rz\u0105dowa stanie na\u00a0wysoko\u015bci zadania i\u00a0nasze uwagi potraktuje powa\u017cnie\u201d \u2013 dodaje Jankowski.<\/strong><\/p>\n<p>W\u00a0ankiecie referendalnej, w\u00a0kt\u00f3rej wzi\u0119\u0142o udzia\u0142 30 tysi\u0119cy policjant\u00f3w, ponad 99 proc. opowiedzia\u0142o si\u0119 za\u00a0rozpocz\u0119ciem protestu. Do\u00a0akcji protestacyjnej do\u0142\u0105czy\u0142a stra\u017c graniczna i\u00a0po\u017carna, s\u0142u\u017cba wi\u0119zienna, a\u00a0tak\u017ce cz\u0119\u015b\u0107 cywilnych pracownik\u00f3w s\u0142u\u017cb.<\/p>\n<p><strong>PiS \u201esk\u0142ada\u0142 obietnice, kt\u00f3rych p\u00f3\u017aniej nie dotrzymywa\u0142\u201d<\/strong><br \/>\nProtesty formacji mundurowych mia\u0142y miejsce tak\u017ce za\u00a0rz\u0105d\u00f3w Platformy Obywatelskiej. W\u00a0swoim drugim expos\u00e9 w\u00a0listopadzie 2011 roku Donald Tusk zobowi\u0105za\u0142 si\u0119 do\u00a0podwy\u017cek dla\u00a0s\u0142u\u017cb mundurowych, z\u00a0kt\u00f3rych si\u0119 nie wywi\u0105za\u0142. W\u00a0czerwcu 2014 policjanci zostali pozbawieni prawa do\u00a0pobierania pe\u0142nej pensji podczas 90 dni zwolnienia chorobowego (od tego czasu dostaj\u0105 80 proc. wyp\u0142aty, tak jak ka\u017cdy inny zatrudniony na\u00a0umowie o\u00a0prac\u0119).<\/p>\n<p>W\u00a0kampanii wyborczej PiS zobowi\u0105za\u0142 si\u0119 do\u00a0cofni\u0119cia tej reformy. Potwierdzi\u0142 to w\u00a02016 roku, w\u00a0czasie tzw. Forum Dialogu Spo\u0142ecznego, \u00f3wczesny szef MSWiA Mariusz B\u0142aszczak. Jednak, jak informuj\u0105 zwi\u0105zkowcy, z\u00a0B\u0142aszczakiem \u201eci\u0119\u017cko by\u0142o co\u015b konkretnego ustali\u0107\u201d. \u201eUnika\u0142 spotka\u0144, a\u00a0jak ju\u017c do\u00a0nich dosz\u0142o, to sk\u0142ada\u0142 obietnice, kt\u00f3rych p\u00f3\u017aniej nie dotrzymywa\u0142\u201d\u2013 pisz\u0105. R\u00f3wnie\u017c gabinet premiera Mateusza Morawieckiego zwleka\u0142 z\u00a0dzia\u0142aniami przez\u00a0dziewi\u0119\u0107 miesi\u0119cy.<\/p>\n<p>Nadzoruj\u0105cy policj\u0119 wiceminister Jaros\u0142aw Zieli\u0144ski bagatelizowa\u0142 spraw\u0119. 14 wrze\u015bnia w\u00a0\u201eKwadransie Politycznym\u201d w\u00a0TVP 1 przekonywa\u0142, \u017ce\u00a0to nie policja protestuje:<\/p>\n<p>\u201eTo protestuj\u0105 zwi\u0105zki zawodowe, a\u00a0w policji jest jeden zwi\u0105zek zawodowy, bo\u00a0jest monopol zwi\u0105zkowy\u201d \u2013 m\u00f3wi\u0142. Doda\u0142, \u017ce\u00a0zwi\u0105zek \u201edo tego protestu d\u0105\u017cy z\u00a0powod\u00f3w (\u2026) nieuzasadnionych\u201d i\u00a0\u017ce\u00a0sprawa ma \u201epodtekst polityczny\u201d.<\/p>\n<p><strong>W\u00a0Policji bardzo \u017ale. Tysi\u0105ce wakat\u00f3w, bo\u00a0warunki nie zach\u0119caj\u0105<\/strong><br \/>\n\u201ePolicjanci przede wszystkim zarabiali i\u00a0zarabiaj\u0105 ma\u0142o. Jako detektyw z\u00a019-letnim sta\u017cem zarabia\u0142em pod\u00a0koniec kariery 3200 z\u0142 na\u00a0r\u0119k\u0119\u201d \u2013 opowiada\u0142 OKO.press W.K., emerytowany policjant z\u00a0wojew\u00f3dztwa dolno\u015bl\u0105skiego.<\/p>\n<p>Wed\u0142ug danych Komendy G\u0142\u00f3wnej Policji \u015brednie zarobki kursanta to 1900 z\u0142 netto. \u015awie\u017co przyj\u0119ty policjant mo\u017ce liczy\u0107 na\u00a02800 z\u0142. Kolejne stopnie to odpowiednio ok. 3100 z\u0142 i\u00a03400 z\u0142. Trzeba jednak\u00a0pami\u0119ta\u0107, \u017ce\u00a0to tylko \u015brednia arytmetyczna, do\u00a0kt\u00f3rej te\u017c doliczone s\u0105 dodatki i\u00a013. pensje. Zdaniem Andrzeja Szarego, wiceprzewodnicz\u0105cego NSZZ Policjant\u00f3w, pocz\u0105tkuj\u0105cy policjant mo\u017ce liczy\u0107 przeci\u0119tnie na\u00a0ok. 2000 z\u0142 na\u00a0r\u0119k\u0119.<\/p>\n<p>Jak m\u00f3wi W.K.: \u201eNajgorzej jest chyba w\u00a0dochodzeni\u00f3wce. M\u0142odzi policjanci si\u0119 zarzynaj\u0105. Praca przez\u00a08 godzin to mit. Policjant na\u00a0komisariacie w\u00a0dochodzeni\u00f3wce ma nawet po\u00a020-30 spraw na\u00a0g\u0142owie w\u00a0tym samym czasie. Nie ma \u017cadnych szans, \u017ceby poprowadzi\u0107 je dobrze. Wi\u0119c\u00a0wiadomo, jak te sprawy s\u0105 traktowane. Wszcz\u0105\u0107 \u2013 i\u00a0najlepiej szybko umorzy\u0107\u201d.<\/p>\n<p>Najwy\u017csza Izba Kontroli przeprowadzi\u0142a w\u00a02017 roku kontrol\u0119 policyjnego taboru. \u201eJedna czwarta przejecha\u0142a ponad 200 tys. km, a\u00a0co si\u00f3dmy pojazd powinien zosta\u0107 wycofany z\u00a0u\u017cytkowania\u201d \u2013 stwierdzili kontrolerzy.<\/p>\n<p>\u201eKiedy\u015b jechali\u015bmy na\u00a0interwencj\u0119 i\u00a0z radiowozu wypad\u0142a skrzynia bieg\u00f3w w\u00a0trakcie jazdy\u201d \u2013 opowiada OKO.press jeden z\u00a0policjant\u00f3w z\u00a0niewielkiego posterunku na\u00a0Podlasiu.<\/p>\n<p>Nieatrakcyjne warunki zatrudnienia s\u0105 jedn\u0105 z\u00a0g\u0142\u00f3wnych przyczyn wakat\u00f3w w\u00a0policji. W\u00a0Polsce jest ok. 100 tysi\u0119cy funkcjonariuszy. Jak wskazuje Rafa\u0142 Jankowski \u2013 w\u00a0tej chwili brakuje ich a\u017c 6 tysi\u0119cy.<\/p>\n<p><strong>Maciek Piasecki<\/strong><\/p>\n<p>Maciek Piasecki (1988) \u2013 studiowa\u0142 histori\u0119 sztuki i\u00a0dziennikarstwo na\u00a0Uniwersytecie Warszawskim. Zajmuje si\u0119 relacjami mi\u0119dzy kultur\u0105 a\u00a0sprawami spo\u0142ecznymi, takimi jak radykalizm polityczny czy\u00a0dyskryminacja w\u00a0dost\u0119pie do\u00a0us\u0142ug publicznych. Debiutowa\u0142 w\u00a0\u201eMachinie\u201d, publikowa\u0142 m.in. w\u00a0\u201eWysokich Obcasach\u201d, \u201eDwutygodniku\u201d i\u00a0\u201eVICE\u201d. Prowadzi wolontariat \u201eKotexpol\u201d, kt\u00f3ry pomaga w\u00a0opiece nad\u00a0kotami, promuj\u0105c adopcj\u0119 ze schronisk.<\/p>\n<\/div>\n<div class=\"zroodloBox\"><span class=\"zrodlo\">\u017ar\u00f3d\u0142o:<\/span> <a title=\"https:\/\/oko.press\/policjanci-nie-odwoluja-protestu-po-obietnicach-mswia-2-pazdziernika-rusza-na-warszawe\/\" href=\"https:\/\/oko.press\/policjanci-nie-odwoluja-protestu-po-obietnicach-mswia-2-pazdziernika-rusza-na-warszawe\/\" target=\"_blank\" rel=\"noopener noreferrer\">https:\/\/oko.press\/policjanci-nie-odwoluja-protestu-po-obietnicach-mswia-2-pazdziernika-rusza-na-warszawe\/<\/a> <span class=\"date\">2018.09.26<\/span><\/div>\n","protected":false},"excerpt":{"rendered":"<p>Policjanci nie odwo\u0142uj\u0105 protestu po\u00a0obietnicach MSWiA. 2 pa\u017adziernika rusz\u0105 na\u00a0Warszaw\u0119 Doniesieniom medi\u00f3w o\u00a0zako\u0144czeniu protestu zaprzecza przewodnicz\u0105cy NSZZ Policjant\u00f3w Rafa\u0142 Jankowski. \u201ePoinformujemy ministerstwo o\u00a0naszych uwagach\u201d \u2013 m\u00f3wi OKO.press i\u00a0zapowiada, \u017ce\u00a0wielki protest s\u0142u\u017cb mundurowych odb\u0119dzie si\u0119 we wtorek 2 pa\u017adziernika 2018 Po\u00a0tym, jak MSWiA wystosowa\u0142o w\u00a0pi\u0105tek 21 wrze\u015bnia 2018\u2032 odpowied\u017a na\u00a0\u017c\u0105dania policjant\u00f3w, kt\u00f3rzy od lipca protestuj\u0105 przeciwko [&hellip;]<\/p>\n","protected":false},"author":2,"featured_media":34612,"comment_status":"closed","ping_status":"closed","sticky":false,"template":"","format":"standard","meta":{"footnotes":""},"categories":[28,1,446,6],"tags":[],"class_list":["post-34611","post","type-post","status-publish","format-standard","has-post-thumbnail","hentry","category-baner","category-bez-kategorii","category-przeglad","category-kolumna-1"],"_links":{"self":[{"href":"http:\/\/nszzp.wroclaw.pl\/index.php\/wp-json\/wp\/v2\/posts\/34611","targetHints":{"allow":["GET"]}}],"collection":[{"href":"http:\/\/nszzp.wroclaw.pl\/index.php\/wp-json\/wp\/v2\/posts"}],"about":[{"href":"http:\/\/nszzp.wroclaw.pl\/index.php\/wp-json\/wp\/v2\/types\/post"}],"author":[{"embeddable":true,"href":"http:\/\/nszzp.wroclaw.pl\/index.php\/wp-json\/wp\/v2\/users\/2"}],"replies":[{"embeddable":true,"href":"http:\/\/nszzp.wroclaw.pl\/index.php\/wp-json\/wp\/v2\/comments?post=34611"}],"version-history":[{"count":1,"href":"http:\/\/nszzp.wroclaw.pl\/index.php\/wp-json\/wp\/v2\/posts\/34611\/revisions"}],"predecessor-version":[{"id":34614,"href":"http:\/\/nszzp.wroclaw.pl\/index.php\/wp-json\/wp\/v2\/posts\/34611\/revisions\/34614"}],"wp:featuredmedia":[{"embeddable":true,"href":"http:\/\/nszzp.wroclaw.pl\/index.php\/wp-json\/wp\/v2\/media\/34612"}],"wp:attachment":[{"href":"http:\/\/nszzp.wroclaw.pl\/index.php\/wp-json\/wp\/v2\/media?parent=34611"}],"wp:term":[{"taxonomy":"category","embeddable":true,"href":"http:\/\/nszzp.wroclaw.pl\/index.php\/wp-json\/wp\/v2\/categories?post=34611"},{"taxonomy":"post_tag","embeddable":true,"href":"http:\/\/nszzp.wroclaw.pl\/index.php\/wp-json\/wp\/v2\/tags?post=34611"}],"curies":[{"name":"wp","href":"https:\/\/api.w.org\/{rel}","templated":true}]}}