{"id":34659,"date":"2018-09-26T14:09:58","date_gmt":"2018-09-26T12:09:58","guid":{"rendered":"http:\/\/nszzp.wroclaw.pl\/?p=34659"},"modified":"2018-09-26T14:09:58","modified_gmt":"2018-09-26T12:09:58","slug":"pragne-podkreslic-iz-komendant-glowny-policji-w-pelni-podziela-postulaty-protestujacych-policjantow-cenzura","status":"publish","type":"post","link":"http:\/\/nszzp.wroclaw.pl\/index.php\/2018\/09\/26\/pragne-podkreslic-iz-komendant-glowny-policji-w-pelni-podziela-postulaty-protestujacych-policjantow-cenzura\/","title":{"rendered":"Pragn\u0119 podkre\u015bli\u0107, i\u017c  Komendant G\u0142\u00f3wny Policji w pe\u0142ni podziela postulaty protestuj\u0105cych policjant\u00f3w\u2026  Cenzura"},"content":{"rendered":"<div class=\"entry-content\">\n<p>Go\u015bciem Adriana Klarenbacha w\u00a0audycji \u201eMin\u0119\u0142a 8\u201d by\u0142 insp. Mariusz Ciarka. Tematem wywiadu by\u0142 wzrost zaufania do\u00a0Policji wykazany w\u00a0sonda\u017cu CBOS<\/p>\n<p><img loading=\"lazy\" decoding=\"async\" class=\"blazy aligncenter size-full wp-image-34666\" src=\"http:\/\/nszzp.wroclaw.pl\/wp-content\/themes\/newsmag-pro\/assets\/images\/picture_placeholder_list.jpg\" data-src=\"http:\/\/nszzp.wroclaw.pl\/wp-content\/uploads\/2018\/09\/ciarka_info_dpn.jpg\" alt=\"\" width=\"730\" height=\"426\" \/><noscript><img loading=\"lazy\" decoding=\"async\" class=\"aligncenter size-full wp-image-34666\" src=\"http:\/\/nszzp.wroclaw.pl\/wp-content\/uploads\/2018\/09\/ciarka_info_dpn.jpg\" alt=\"\" width=\"730\" height=\"426\" \/><\/noscript><\/p>\n<p><strong>\u2026nie b\u0119d\u0119 ukrywa\u0142, \u017ce\u00a0trwa akcja protestacyjna, jednym z\u00a0postulat\u00f3w jest podwy\u017cka uposa\u017ce\u0144 policjant\u00f3w. Pragn\u0119 podkre\u015bli\u0107, i\u017c\u00a0 Komendant G\u0142\u00f3wny Policji w\u00a0pe\u0142ni podziela postulaty protestuj\u0105cych policjant\u00f3w\u2026 powiedzia\u0142 w\u00a0zako\u0144czeniu wywiadu Mariusz Ciarka.<\/strong><\/p>\n<p>Niestety, tego zdania nie znajdziemy w\u00a0opublikowanym na\u00a0portalu TVP INFO wywiadzie. Ca\u0142a ko\u0144c\u00f3wka wywiadu znikn\u0119\u0142a.<\/p>\n<p>***************<\/p>\n<p><strong>Adrian Klarenbach<\/strong> \u2013 Bardzo ciekawy w\u0105tek \u2013 m\u00f3wi si\u0119 bardzo wiele o\u00a0wymiarze sprawiedliwo\u015bci, przypomnijmy, \u017ce\u00a0s\u0105d jest tym ostatnim elementem tej ca\u0142ej uk\u0142adanki, gdzie jest i\u00a0policja i\u00a0prokurator i\u00a0zebranie dowod\u00f3w i\u00a0przedstawienie dowod\u00f3w, ewentualnie z\u0142apanie kogo\u015b na\u00a0gor\u0105cym uczynku, doprowadzenie do\u00a0s\u0105du. Cz\u0119sto si\u0119 zdarza, \u017ce\u00a0maj\u0105c niezbite dowody stajecie si\u0119 \u015bwiadkami, \u017ce\u00a0wasza robota idzie ca\u0142kowicie na\u00a0marne poniewa\u017c\u00a0s\u0105d maj\u0105c niezawis\u0142o\u015b\u0107 i\u00a0niezale\u017cno\u015b\u0107 twierdzi, \u017ce\u00a0prosz\u0119 wypu\u015bci\u0107 niewinnych?<\/p>\n<p><strong>Mariusz Ciarka<\/strong> \u2013 nie chc\u0119 tutaj przy\u0142\u0105czy\u0107 si\u0119 do\u00a0krytyki wymiaru sprawiedliwo\u015bci\u2026<\/p>\n<p>A.K. \u2013 tu nie chodzi o\u00a0krytyk\u0119\u2026<br \/>\n<img loading=\"lazy\" decoding=\"async\" class=\"blazy size-medium wp-image-12830 alignleft\" src=\"http:\/\/nszzp.wroclaw.pl\/wp-content\/themes\/newsmag-pro\/assets\/images\/picture_placeholder_list.jpg\" data-src=\"http:\/\/nszzp.pl\/wp-content\/uploads\/2018\/09\/ciarka_info-330x180.jpg\" sizes=\"auto, (max-width: 330px) 85vw, 330px\" srcset=\"http:\/\/nszzp.pl\/wp-content\/uploads\/2018\/09\/ciarka_info-330x180.jpg 330w, http:\/\/nszzp.pl\/wp-content\/uploads\/2018\/09\/ciarka_info.jpg 630w\" alt=\"\" width=\"330\" height=\"180\" \/><noscript><img loading=\"lazy\" decoding=\"async\" class=\"size-medium wp-image-12830 alignleft\" src=\"http:\/\/nszzp.pl\/wp-content\/uploads\/2018\/09\/ciarka_info-330x180.jpg\" sizes=\"auto, (max-width: 330px) 85vw, 330px\" srcset=\"http:\/\/nszzp.pl\/wp-content\/uploads\/2018\/09\/ciarka_info-330x180.jpg 330w, http:\/\/nszzp.pl\/wp-content\/uploads\/2018\/09\/ciarka_info.jpg 630w\" alt=\"\" width=\"330\" height=\"180\" \/><\/noscript>M.C. \u2013 w\u0142a\u015bnie, je\u015bli chodzi o\u00a0te sonda\u017ce, o\u00a0kt\u00f3rych za\u00a0chwil\u0119 b\u0119dziemy m\u00f3wi\u0107 pokazuj\u0105, \u017ce\u00a0policjanci i\u00a0pracownicy policji to 74\u00a0% zaufania, pierwsze miejsce spo\u015br\u00f3d tych instytucji badanych \u2013 no akurat s\u0105dy \u2013 daleko za\u00a0nami. Ledwo 29% wi\u0119c\u00a0ponad po\u0142owa mniej. Rzeczywi\u015bcie my\u015bl\u0119, \u017ce\u00a0to spo\u0142ecze\u0144stwo, ludzie oceniaj\u0105 i\u00a0decyzje policji i\u00a0p\u00f3\u017aniejsze decyzje s\u0105d\u00f3w. Przyk\u0142ady chociazby z\u00a0ostatnich miesi\u0119cy jest sporo, gdzie kto\u015b pr\u00f3buje bi\u0107 w\u00a0policj\u0119, ale\u00a0ludzie ocenili to jednak\u00a0inaczej, chocia\u017cby te zwroty r\u00f3\u017cnego rodzaju wulgarne, zachowania, kt\u00f3re jeszcze do\u00a0pewnego czasu by\u0142yby przez\u00a0te same s\u0105dy potraktowane jako wykroczenia, jako przest\u0119pstwa, jako czyny zabronione m\u00f3wi\u0105c kr\u00f3tko i\u00a0identyczne zachowania, nic si\u0119 w\u00a0modus operandi tych os\u00f3b nie zmieni\u0142o, bo\u00a0zachowuj\u0105 si\u0119 identycznie, tak samo i\u00a0nagle wyroki uniewinniaj\u0105ce\u2026Ba! Ma\u0142o tego, jeszcze s\u0105dy pozwalaj\u0105 sobie na\u00a0jakie\u015b docinki do\u00a0policji, \u017ce\u00a0policja by\u0142a nadgorliwa, czy\u00a0by\u0142a aparatem pa\u0144stwa, a\u00a0ci policjanci post\u0119puj\u0105 dok\u0142adnie tak samo, jakby\u015bmy wyci\u0105gn\u0119li styczne sytuacje chocia\u017cby z\u00a0protestu w\u00a02014, 2013, 2012 roku\u2026<\/p>\n<p>A.K. \u2013 r\u00f3\u017cnica jest taka subtelna, \u017ce\u00a0w tej chwili na\u00a0przyk\u0142ad podczas manifestacji policjant b\u0119d\u0105cy nieumundurowanym policjantem nie kopie, nie bije \u2013 jednak\u00a0co\u015b si\u0119 zmieni\u0142o\u2026<\/p>\n<p>M.C. \u2013 chyba nam w\u0142a\u015bnie procentuje \u2013 kto\u015b chcia\u0142 atakowa\u0107 policjant\u00f3w, kto\u015b przedstawia\u0142 te zachowania, gdzie moje kole\u017canki i\u00a0koledzy zachowuj\u0105 naprawd\u0119 stoicki spok\u00f3j, gdzie zachowuj\u0105 bardzo \u2026<\/p>\n<p>A.K. \u2013 ja pana wyr\u0119cz\u0119, TO \u015aWI\u0118CI LUDZIE, bo\u00a0niejeden by nie wytrzyma\u0142.<\/p>\n<p>M.C. \u2013 takich s\u0142\u00f3w mo\u017cna by u\u017cy\u0107 i\u00a0kto\u015b pr\u00f3buje mimo wszystko pokaza\u0107 jaka ta policja jest agresywna, ale\u00a0naprawd\u0119 je\u017cd\u017c\u0105c po\u00a0kraju, spotykaj\u0105c si\u0119 z\u00a0r\u00f3\u017cnymi osobami, chocia\u017cby w\u00a0poci\u0105gu podr\u00f3\u017cuj\u0105c na\u00a0trasie Warszawa -Krak\u00f3w, s\u0142ysz\u0119 \u2013 panie Mariuszu, jak wy zachowujecie stoicki spok\u00f3j, przecie\u017c ja bym nie wytrzyma\u0142, jak tak mo\u017cna si\u0119 zachowa\u0107\u2026<\/p>\n<p>***************<\/p>\n<p>Tutaj urywa si\u0119 wywiad, cho\u0107\u00a0dalej, co sam s\u0142ysza\u0142em rano w\u00a0bezpo\u015brednim przekazie, red Klarenbach pyta\u0142 o\u00a0akcj\u0119 protestacyjn\u0105 i\u00a0w mi\u0142ych s\u0142owach wyrazi\u0142 si\u0119 o\u00a0niskim poziomie zarobk\u00f3w policjant\u00f3w, uznaj\u0105c ich protest za\u00a0uzasadniony..<\/p>\n<p><strong>Wt\u00f3rowa\u0142 mu insp. Mariusz Ciarka m\u00f3wi\u0105c, cyt.: \u201enie b\u0119d\u0119 ukrywa\u0142, \u017ce\u00a0trwa akcja protestacyjna, jednym z\u00a0postulat\u00f3w jest podwy\u017cka uposa\u017ce\u0144 policjant\u00f3w. Pragn\u0119 podkre\u015bli\u0107, i\u017c Komendant G\u0142\u00f3wny Policji w\u00a0pe\u0142ni podzielaj\u0105 postulaty protestuj\u0105cych policjant\u00f3w\u2026\u201d<\/strong><\/p>\n<p>Niestety w\u00a0opublikowanym na\u00a0portalu TVP INFO materiale trudno doszuka\u0107 si\u0119 ko\u0144cowych zda\u0144 wywiadu, kt\u00f3re wynotowa\u0142em. Porobi\u0142em te\u017c screeny z\u00a0wywiadu. Mamy tu do\u00a0czynienia z\u00a0przyk\u0142adem niedopuszczalnej w\u00a0dziennikarstwie ingerencji \u2013 czyjej? Mo\u017cemy si\u0119 tylko domy\u015bla\u0107.<\/p>\n<p>Nie powinni\u015bmy tego tak zostawi\u0107. Wywiad poszed\u0142 w\u00a0\u015bwiat. Je\u015bli komu\u015b si\u0119 wydaje, \u017ce\u00a0mo\u017ce zak\u0142amywa\u0107 rzeczywisto\u015b\u0107 wbrew oczywistym faktom, to musimy mu okaza\u0107, \u017ce\u00a0bardzo si\u0119 myli.<\/p>\n<p>(jp)<\/p>\n<\/div>\n<div class=\"zroodloBox\"><span class=\"zrodlo\">\u017ar\u00f3d\u0142o:<\/span> <a title=\"https:\/\/www.tvp.info\/39190198\/polacy-dobrze-oceniaja-prace-policji-najlepszy-wynik-od-lat\" href=\"https:\/\/www.tvp.info\/39190198\/polacy-dobrze-oceniaja-prace-policji-najlepszy-wynik-od-lat\" target=\"_blank\" rel=\"noopener noreferrer\">https:\/\/www.tvp.info\/39190198\/polacy-dobrze-oceniaja-prace-policji-najlepszy-wynik-od-lat<\/a> <span class=\"date\">2018.09.26<\/span><\/div>\n","protected":false},"excerpt":{"rendered":"<p>Go\u015bciem Adriana Klarenbacha w\u00a0audycji \u201eMin\u0119\u0142a 8\u201d by\u0142 insp. Mariusz Ciarka. Tematem wywiadu by\u0142 wzrost zaufania do\u00a0Policji wykazany w\u00a0sonda\u017cu CBOS \u2026nie b\u0119d\u0119 ukrywa\u0142, \u017ce\u00a0trwa akcja protestacyjna, jednym z\u00a0postulat\u00f3w jest podwy\u017cka uposa\u017ce\u0144 policjant\u00f3w. Pragn\u0119 podkre\u015bli\u0107, i\u017c\u00a0 Komendant G\u0142\u00f3wny Policji w\u00a0pe\u0142ni podziela postulaty protestuj\u0105cych policjant\u00f3w\u2026 powiedzia\u0142 w\u00a0zako\u0144czeniu wywiadu Mariusz Ciarka. Niestety, tego zdania nie znajdziemy w\u00a0opublikowanym na\u00a0portalu TVP [&hellip;]<\/p>\n","protected":false},"author":2,"featured_media":34666,"comment_status":"closed","ping_status":"closed","sticky":false,"template":"","format":"standard","meta":{"footnotes":""},"categories":[8,28,1,446],"tags":[],"class_list":["post-34659","post","type-post","status-publish","format-standard","has-post-thumbnail","hentry","category-kolumna-3","category-baner","category-bez-kategorii","category-przeglad"],"_links":{"self":[{"href":"http:\/\/nszzp.wroclaw.pl\/index.php\/wp-json\/wp\/v2\/posts\/34659","targetHints":{"allow":["GET"]}}],"collection":[{"href":"http:\/\/nszzp.wroclaw.pl\/index.php\/wp-json\/wp\/v2\/posts"}],"about":[{"href":"http:\/\/nszzp.wroclaw.pl\/index.php\/wp-json\/wp\/v2\/types\/post"}],"author":[{"embeddable":true,"href":"http:\/\/nszzp.wroclaw.pl\/index.php\/wp-json\/wp\/v2\/users\/2"}],"replies":[{"embeddable":true,"href":"http:\/\/nszzp.wroclaw.pl\/index.php\/wp-json\/wp\/v2\/comments?post=34659"}],"version-history":[{"count":1,"href":"http:\/\/nszzp.wroclaw.pl\/index.php\/wp-json\/wp\/v2\/posts\/34659\/revisions"}],"predecessor-version":[{"id":34676,"href":"http:\/\/nszzp.wroclaw.pl\/index.php\/wp-json\/wp\/v2\/posts\/34659\/revisions\/34676"}],"wp:featuredmedia":[{"embeddable":true,"href":"http:\/\/nszzp.wroclaw.pl\/index.php\/wp-json\/wp\/v2\/media\/34666"}],"wp:attachment":[{"href":"http:\/\/nszzp.wroclaw.pl\/index.php\/wp-json\/wp\/v2\/media?parent=34659"}],"wp:term":[{"taxonomy":"category","embeddable":true,"href":"http:\/\/nszzp.wroclaw.pl\/index.php\/wp-json\/wp\/v2\/categories?post=34659"},{"taxonomy":"post_tag","embeddable":true,"href":"http:\/\/nszzp.wroclaw.pl\/index.php\/wp-json\/wp\/v2\/tags?post=34659"}],"curies":[{"name":"wp","href":"https:\/\/api.w.org\/{rel}","templated":true}]}}