{"id":35857,"date":"2018-10-01T20:28:26","date_gmt":"2018-10-01T18:28:26","guid":{"rendered":"http:\/\/nszzp.wroclaw.pl\/?p=35857"},"modified":"2018-10-01T20:31:48","modified_gmt":"2018-10-01T18:31:48","slug":"godziwa-zmiana-ktora-wiekszosc-policjantow-akceptuje-premier-w-polsacie","status":"publish","type":"post","link":"http:\/\/nszzp.wroclaw.pl\/index.php\/2018\/10\/01\/godziwa-zmiana-ktora-wiekszosc-policjantow-akceptuje-premier-w-polsacie\/","title":{"rendered":"Godziwa zmiana, kt\u00f3r\u0105 wi\u0119kszo\u015b\u0107 policjant\u00f3w akceptuje &#8211; premier w Polsacie"},"content":{"rendered":"<article class=\"articleDetail\">\n<header class=\"articleTop\">\n<h1 class=\"mainTitle\" data-scroll=\"tytul\">Mateusz Morawiecki go\u015bciem programu &#8222;Wydarzenia i Opinie&#8221; [Relacja]<\/h1>\n<\/header>\n<p>\u017ar\u00f3d\u0142o: <a href=\"https:\/\/wiadomosci.onet.pl\/kraj\/mateusz-morawiecki-gosciem-programu-wydarzenia-i-opinie\/h3z379g\" target=\"_blank\" rel=\"noopener noreferrer\">https:\/\/wiadomosci.onet.pl\/kraj\/mateusz-morawiecki-gosciem-programu-wydarzenia-i-opinie\/h3z379g<\/a><\/p>\n<p>Jak m\u00f3wi nasz premier, dostajemy znacz\u0105ce podwy\u017cki, a wi\u0119kszo\u015b\u0107 policjant\u00f3w je akceptuje. Nie odnosi si\u0119 do protestu, nie odpowiada na pytanie o to co b\u0119dzie je\u017celi wi\u0119kszo\u015b\u0107 policjant\u00f3w b\u0119dzie na manifestacji. A mo\u017ce akceptujecie te znacz\u0105ce podwy\u017cki w przysz\u0142ym roku co daje od 2015 1100 z\u0142 ? Poka\u017cemy jutro nasz\u0105 akceptacj\u0119 w Warszawie.<\/p>\n<\/article>\n<div id=\"message36\" class=\"messageItem textItem \">\n<div class=\"message \">\n<p><img loading=\"lazy\" decoding=\"async\" class=\"blazy aligncenter size-full wp-image-35858\" src=\"http:\/\/nszzp.wroclaw.pl\/wp-content\/themes\/newsmag-pro\/assets\/images\/picture_placeholder_list.jpg\" data-src=\"http:\/\/nszzp.wroclaw.pl\/wp-content\/uploads\/2018\/10\/gpfktkqTURBXy83ODdlODU0NzFmYzdkZGYxZWZmZWE1MTY5ZWRjMWNiMi5qcGVnkpUDAMyzzRKKzQptkwXNAxTNAbw.jpg\" alt=\"\" width=\"788\" height=\"444\" \/><noscript><img loading=\"lazy\" decoding=\"async\" class=\"aligncenter size-full wp-image-35858\" src=\"http:\/\/nszzp.wroclaw.pl\/wp-content\/uploads\/2018\/10\/gpfktkqTURBXy83ODdlODU0NzFmYzdkZGYxZWZmZWE1MTY5ZWRjMWNiMi5qcGVnkpUDAMyzzRKKzQptkwXNAxTNAbw.jpg\" alt=\"\" width=\"788\" height=\"444\" \/><\/noscript><\/p>\n<p>&nbsp;<\/p>\n<p>&#8211; Jest przez pana ministra Brudzi\u0144skiego przygotowana bardzo godziwa zmiana, kt\u00f3r\u0105 wi\u0119kszo\u015b\u0107 policjant\u00f3w akceptuje &#8211; odpowiada premier na pytanie o podwy\u017cki dla policjant\u00f3w, kt\u00f3rzy jutro b\u0119d\u0105 protestowa\u0107.<\/p>\n<\/div>\n<\/div>\n<div id=\"message35\" class=\"messageItem textItem \">\n<div class=\"message \">\n<p>&#8211; Nasz\u0105 cech\u0105 charakterystyczn\u0105 jest to, \u017ce to co obiecali\u015bmy, to dotrzymali\u015bmy s\u0142owa &#8211; dodaje.<\/p>\n<\/div>\n<p>Zobacz materia\u0142 : <a href=\"http:\/\/www.polsatnews.pl\/wiadomosc\/2018-10-01\/premier-mateusz-morawiecki-gosciem-programu-wydarzenia-i-opinie\/?ref=aside_najnowsze\" target=\"_blank\" rel=\"noopener noreferrer\">http:\/\/www.polsatnews.pl\/wiadomosc\/2018-10-01\/premier-mateusz-morawiecki-gosciem-programu-wydarzenia-i-opinie\/?ref=aside_najnowsze<\/a><\/p>\n<\/div>\n","protected":false},"excerpt":{"rendered":"<p>Mateusz Morawiecki go\u015bciem programu &#8222;Wydarzenia i Opinie&#8221; [Relacja] \u017ar\u00f3d\u0142o: https:\/\/wiadomosci.onet.pl\/kraj\/mateusz-morawiecki-gosciem-programu-wydarzenia-i-opinie\/h3z379g Jak m\u00f3wi nasz premier, dostajemy znacz\u0105ce podwy\u017cki, a wi\u0119kszo\u015b\u0107 policjant\u00f3w je akceptuje. Nie odnosi si\u0119 do protestu, nie odpowiada na pytanie o to co b\u0119dzie je\u017celi wi\u0119kszo\u015b\u0107 policjant\u00f3w b\u0119dzie na manifestacji. A mo\u017ce akceptujecie te znacz\u0105ce podwy\u017cki w przysz\u0142ym roku co daje od 2015 1100 [&hellip;]<\/p>\n","protected":false},"author":2,"featured_media":0,"comment_status":"closed","ping_status":"closed","sticky":false,"template":"","format":"standard","meta":{"footnotes":""},"categories":[8,28,1,446],"tags":[],"class_list":["post-35857","post","type-post","status-publish","format-standard","hentry","category-kolumna-3","category-baner","category-bez-kategorii","category-przeglad"],"_links":{"self":[{"href":"http:\/\/nszzp.wroclaw.pl\/index.php\/wp-json\/wp\/v2\/posts\/35857","targetHints":{"allow":["GET"]}}],"collection":[{"href":"http:\/\/nszzp.wroclaw.pl\/index.php\/wp-json\/wp\/v2\/posts"}],"about":[{"href":"http:\/\/nszzp.wroclaw.pl\/index.php\/wp-json\/wp\/v2\/types\/post"}],"author":[{"embeddable":true,"href":"http:\/\/nszzp.wroclaw.pl\/index.php\/wp-json\/wp\/v2\/users\/2"}],"replies":[{"embeddable":true,"href":"http:\/\/nszzp.wroclaw.pl\/index.php\/wp-json\/wp\/v2\/comments?post=35857"}],"version-history":[{"count":2,"href":"http:\/\/nszzp.wroclaw.pl\/index.php\/wp-json\/wp\/v2\/posts\/35857\/revisions"}],"predecessor-version":[{"id":35860,"href":"http:\/\/nszzp.wroclaw.pl\/index.php\/wp-json\/wp\/v2\/posts\/35857\/revisions\/35860"}],"wp:attachment":[{"href":"http:\/\/nszzp.wroclaw.pl\/index.php\/wp-json\/wp\/v2\/media?parent=35857"}],"wp:term":[{"taxonomy":"category","embeddable":true,"href":"http:\/\/nszzp.wroclaw.pl\/index.php\/wp-json\/wp\/v2\/categories?post=35857"},{"taxonomy":"post_tag","embeddable":true,"href":"http:\/\/nszzp.wroclaw.pl\/index.php\/wp-json\/wp\/v2\/tags?post=35857"}],"curies":[{"name":"wp","href":"https:\/\/api.w.org\/{rel}","templated":true}]}}