{"id":39147,"date":"2018-10-23T21:32:26","date_gmt":"2018-10-23T19:32:26","guid":{"rendered":"http:\/\/nszzp.wroclaw.pl\/?p=39147"},"modified":"2018-10-23T21:36:06","modified_gmt":"2018-10-23T19:36:06","slug":"propozycja-porozumienia-bierzcie-co-dajemy","status":"publish","type":"post","link":"http:\/\/nszzp.wroclaw.pl\/index.php\/2018\/10\/23\/propozycja-porozumienia-bierzcie-co-dajemy\/","title":{"rendered":"Propozycja porozumienia. Bierzcie co dajemy&#8230;"},"content":{"rendered":"<div>\n<p>Wszyscy na to spotkanie czekali\u015bmy z niecierpliwo\u015bci\u0105. W zarz\u0105dzie odebrali\u015bmy wiele telefon\u00f3w, SMS i maili z pytaniami od policjant\u00f3w. Wydawa\u0142o si\u0119, \u017ce jest jaka\u015b szansa na porozumienie. Wydawa\u0142o si\u0119 \u017ce naszym decydentom zale\u017cy na 100 tysi\u0119cznej formacji. Na bezpiecze\u0144stwie wewn\u0119trznym obywateli.\u00a0 A wysz\u0142o jak zwykle. Nie ma \u017cadnej rozmowy. Bierzcie co dajemy i przerobimy to wszystko w komisjach sejmowych. Bo mo\u017cemy zabra\u0107 co obiecali\u015bmy. Zreszt\u0105 sami przeczytajcie co nam si\u0119 proponuje.\u00a0 Czekaj\u0105 nas ci\u0119\u017ckie miesi\u0105ce i lata.<\/p>\n<\/div>\n<p><img loading=\"lazy\" decoding=\"async\" class=\"blazy aligncenter size-full wp-image-39149\" src=\"http:\/\/nszzp.wroclaw.pl\/wp-content\/themes\/newsmag-pro\/assets\/images\/picture_placeholder_list.jpg\" data-src=\"http:\/\/nszzp.wroclaw.pl\/wp-content\/uploads\/2018\/10\/protest_drrrrrr44pn.jpg\" alt=\"\" width=\"1899\" height=\"595\" \/><noscript><img loading=\"lazy\" decoding=\"async\" class=\"aligncenter size-full wp-image-39149\" src=\"http:\/\/nszzp.wroclaw.pl\/wp-content\/uploads\/2018\/10\/protest_drrrrrr44pn.jpg\" alt=\"\" width=\"1899\" height=\"595\" srcset=\"http:\/\/nszzp.wroclaw.pl\/wp-content\/uploads\/2018\/10\/protest_drrrrrr44pn.jpg 1899w, http:\/\/nszzp.wroclaw.pl\/wp-content\/uploads\/2018\/10\/protest_drrrrrr44pn-300x94.jpg 300w, http:\/\/nszzp.wroclaw.pl\/wp-content\/uploads\/2018\/10\/protest_drrrrrr44pn-768x241.jpg 768w, http:\/\/nszzp.wroclaw.pl\/wp-content\/uploads\/2018\/10\/protest_drrrrrr44pn-1024x321.jpg 1024w\" sizes=\"auto, (max-width: 1899px) 100vw, 1899px\" \/><\/noscript><\/p>\n<div>\n<p><b>Propozycja Porozumienia z\u00a0dnia 23.10.2018 r. pomi\u0119dzy Ministrem Spraw Wewn\u0119trznych i\u00a0 Administracji i\u00a0Federacj\u0105 Zwi\u0105zk\u00f3w Zawodowych S\u0142u\u017cb Mundurowych!!!<\/b><\/p>\n<div class=\"container\">\n<div class=\"col-lg-8 col-md-8 col-sm-12 col-xs-12 prawa\">\n<article id=\"post-13424\" class=\"post-13424 post type-post status-publish format-standard hentry category-aktualnosci category-komunikaty category-najwazniejsze-wiadomosci tag-fzzsm tag-mswia tag-projekt-porozumienia\">\n<div class=\"ilustracjaWpisu_duza\"><img loading=\"lazy\" decoding=\"async\" class=\"blazy aligncenter  wp-image-39151\" src=\"http:\/\/nszzp.wroclaw.pl\/wp-content\/themes\/newsmag-pro\/assets\/images\/picture_placeholder_list.jpg\" data-src=\"http:\/\/nszzp.wroclaw.pl\/wp-content\/uploads\/2018\/10\/1-logo-twitter.png\" alt=\"\" width=\"363\" height=\"204\" \/><noscript><img loading=\"lazy\" decoding=\"async\" class=\"aligncenter  wp-image-39151\" src=\"http:\/\/nszzp.wroclaw.pl\/wp-content\/uploads\/2018\/10\/1-logo-twitter.png\" alt=\"\" width=\"363\" height=\"204\" srcset=\"http:\/\/nszzp.wroclaw.pl\/wp-content\/uploads\/2018\/10\/1-logo-twitter.png 500w, http:\/\/nszzp.wroclaw.pl\/wp-content\/uploads\/2018\/10\/1-logo-twitter-300x169.png 300w\" sizes=\"auto, (max-width: 363px) 100vw, 363px\" \/><\/noscript><\/div>\n<div class=\"entry-content\">\n<p>W\u00a0za\u0142\u0105czniku zamieszczamy Komunikat Federacji Zwi\u0105zk\u00f3w Zawodowych S\u0142u\u017cb Mundurowych oraz\u00a0Propozycj\u0119 Porozumienia z\u00a0dnia 23.10.2018 r. pomi\u0119dzy Ministrem Spraw Wewn\u0119trznych i\u00a0Administracji i\u00a0Federacj\u0105 Zwi\u0105zk\u00f3w Zawodowych S\u0142u\u017cb Mundurowych reprezentowan\u0105 przez\u00a0<b>Rafa\u0142a Jankowskiego, Marcina Kolas\u0119, Krzysztofa Oleksaka i\u00a0Krzysztofa Hetmana.<\/b><\/p>\n<p>Poni\u017csza propozycja zosta\u0142a przedstawiona przez\u00a0Ministra na\u00a0spotkaniu w\u00a0dniu 23 pa\u017adziernika 2018 r.<\/p>\n<\/div>\n<div class=\"zalacznikiBox clearfix\">\n<h3><span style=\"color: #0000ff;\">ZA\u0141\u0104CZNIKI<\/span><\/h3>\n<ul>\n<li><span style=\"color: #0000ff;\"><a style=\"color: #0000ff;\" href=\"http:\/\/nszzp.pl\/wp-content\/uploads\/2018\/10\/propozycja-porozumienia-FZZSM-MSWiA_23_10_2018.pdf\" target=\"_blank\" rel=\"noopener noreferrer\"><b>propozycja porozumienia FZZSM MSWiA_23_10_2018<\/b><\/a><\/span><\/li>\n<li><span style=\"color: #0000ff;\"><a style=\"color: #0000ff;\" href=\"http:\/\/nszzp.pl\/wp-content\/uploads\/2018\/10\/Komunikat_F-16-K-2018.pdf\" target=\"_blank\" rel=\"noopener noreferrer\"><b>Komunikat_F-16-K-2018<\/b><\/a><\/span><\/li>\n<\/ul>\n<\/div>\n<\/article>\n<\/div>\n<\/div>\n<\/div>\n","protected":false},"excerpt":{"rendered":"<p>Wszyscy na to spotkanie czekali\u015bmy z niecierpliwo\u015bci\u0105. W zarz\u0105dzie odebrali\u015bmy wiele telefon\u00f3w, SMS i maili z pytaniami od policjant\u00f3w. Wydawa\u0142o si\u0119, \u017ce jest jaka\u015b szansa na porozumienie. Wydawa\u0142o si\u0119 \u017ce naszym decydentom zale\u017cy na 100 tysi\u0119cznej formacji. Na bezpiecze\u0144stwie wewn\u0119trznym obywateli.\u00a0 A wysz\u0142o jak zwykle. Nie ma \u017cadnej rozmowy. Bierzcie co dajemy i przerobimy to [&hellip;]<\/p>\n","protected":false},"author":2,"featured_media":39149,"comment_status":"closed","ping_status":"closed","sticky":false,"template":"","format":"standard","meta":{"footnotes":""},"categories":[8,28,1,446],"tags":[],"class_list":["post-39147","post","type-post","status-publish","format-standard","has-post-thumbnail","hentry","category-kolumna-3","category-baner","category-bez-kategorii","category-przeglad"],"_links":{"self":[{"href":"http:\/\/nszzp.wroclaw.pl\/index.php\/wp-json\/wp\/v2\/posts\/39147","targetHints":{"allow":["GET"]}}],"collection":[{"href":"http:\/\/nszzp.wroclaw.pl\/index.php\/wp-json\/wp\/v2\/posts"}],"about":[{"href":"http:\/\/nszzp.wroclaw.pl\/index.php\/wp-json\/wp\/v2\/types\/post"}],"author":[{"embeddable":true,"href":"http:\/\/nszzp.wroclaw.pl\/index.php\/wp-json\/wp\/v2\/users\/2"}],"replies":[{"embeddable":true,"href":"http:\/\/nszzp.wroclaw.pl\/index.php\/wp-json\/wp\/v2\/comments?post=39147"}],"version-history":[{"count":3,"href":"http:\/\/nszzp.wroclaw.pl\/index.php\/wp-json\/wp\/v2\/posts\/39147\/revisions"}],"predecessor-version":[{"id":39153,"href":"http:\/\/nszzp.wroclaw.pl\/index.php\/wp-json\/wp\/v2\/posts\/39147\/revisions\/39153"}],"wp:featuredmedia":[{"embeddable":true,"href":"http:\/\/nszzp.wroclaw.pl\/index.php\/wp-json\/wp\/v2\/media\/39149"}],"wp:attachment":[{"href":"http:\/\/nszzp.wroclaw.pl\/index.php\/wp-json\/wp\/v2\/media?parent=39147"}],"wp:term":[{"taxonomy":"category","embeddable":true,"href":"http:\/\/nszzp.wroclaw.pl\/index.php\/wp-json\/wp\/v2\/categories?post=39147"},{"taxonomy":"post_tag","embeddable":true,"href":"http:\/\/nszzp.wroclaw.pl\/index.php\/wp-json\/wp\/v2\/tags?post=39147"}],"curies":[{"name":"wp","href":"https:\/\/api.w.org\/{rel}","templated":true}]}}