{"id":50269,"date":"2018-12-03T16:05:46","date_gmt":"2018-12-03T15:05:46","guid":{"rendered":"http:\/\/nszzp.wroclaw.pl\/?p=50269"},"modified":"2018-12-03T16:05:46","modified_gmt":"2018-12-03T15:05:46","slug":"przeglad-prasy-wokol-zabezpieczenia-szczytu-klimatycznego-cop24","status":"publish","type":"post","link":"http:\/\/nszzp.wroclaw.pl\/index.php\/2018\/12\/03\/przeglad-prasy-wokol-zabezpieczenia-szczytu-klimatycznego-cop24\/","title":{"rendered":"Przegl\u0105d prasy: wok\u00f3\u0142 zabezpieczenia szczytu klimatycznego COP24"},"content":{"rendered":"<h4 class=\"entry-title\">Przegl\u0105d prasy: wok\u00f3\u0142 zabezpieczenia szczytu klimatycznego COP24<\/h4>\n<p><img loading=\"lazy\" decoding=\"async\" class=\"blazy aligncenter size-full wp-image-50270\" src=\"http:\/\/nszzp.wroclaw.pl\/wp-content\/themes\/newsmag-pro\/assets\/images\/picture_placeholder_list.jpg\" data-src=\"http:\/\/nszzp.wroclaw.pl\/wp-content\/uploads\/2018\/12\/Katowice_Szczyt_dpn.jpg\" alt=\"\" width=\"730\" height=\"426\" \/><noscript><img loading=\"lazy\" decoding=\"async\" class=\"aligncenter size-full wp-image-50270\" src=\"http:\/\/nszzp.wroclaw.pl\/wp-content\/uploads\/2018\/12\/Katowice_Szczyt_dpn.jpg\" alt=\"\" width=\"730\" height=\"426\" \/><\/noscript><\/p>\n<div class=\"entry-content\">\n<p>Dzi\u015b w\u00a0Katowicach rozpocz\u0105\u0142 si\u0119 szczyt klimatyczny ONZ. Konferencja potrwa blisko dwa tygodnie do\u00a014 grudnia. Podczas szczytu ma zosta\u0107 przyj\u0119ta mapa drogowa realizacji Porozumienia paryskiego, czyli\u00a0pierwszej w\u00a0pe\u0142ni globalnej umowy na\u00a0rzecz klimatu.<\/p>\n<p>Wiceminister \u015brodowiska Micha\u0142 Kurtyka w\u00a0imieniu Polski przej\u0105\u0142 przewodnictwo, prezydentur\u0119 nad\u00a0szczytem klimatycznym ONZ w\u00a0Katowicach. B\u0119dziemy j\u0105 sprawowa\u0107 do\u00a0nast\u0119pnego szczytu klimatycznego COP25 w\u00a02019 r.<\/p>\n<p>Pierwsza plenarna sesja konferencji klimatycznej w\u00a0stolicy G\u00f3rnego \u015al\u0105ska rozpocz\u0119\u0142a si\u0119 po\u00a0godz. 11.30. Na\u00a0jej pocz\u0105tku Kurtyka przej\u0105\u0142 prezydencj\u0119, przewodnictwo nad\u00a0szczytem od premiera Fid\u017ci, prezydenta COP23 Franka Bainimaramy. Polska b\u0119dzie przewodniczy\u0107 negocjacjom klimatycznym do\u00a0pierwszego dnia kolejnego szczytu klimatycznego COP25 w\u00a02019 r.<\/p>\n<p><strong>***********************<\/strong><\/p>\n<p><strong>Media pe\u0142ne s\u0105 doniesie\u0144 na\u00a0temat warunk\u00f3w zakwaterowania policjant\u00f3w \u015bci\u0105gni\u0119tych z\u00a0ca\u0142ego kraju do\u00a0zabezpieczenia przebiegu obrad Szczytu COP24.\u00a0 Komenda G\u0142\u00f3wna Policji dementowa\u0142a informacje o\u00a0skandalicznych warunkach zakwaterowania i\u00a0wy\u017cywienia funkcjonariuszy. Wskutek wyst\u0105pienia gwa\u0142townego pogorszenia warunk\u00f3w atmosferycznych niewypa\u0142em zako\u0144czy\u0142 si\u0119 pomys\u0142 zakwaterowania elity antyterroryst\u00f3w pod\u00a0namiotami. W\u00a0ostatniej chwili umieszczono ich w\u00a0nowej siedzibie OPP w\u00a0Krakowie.<\/strong><\/p>\n<p>Z\u00a0ka\u017cdego takiego przypadku p\u0142ynie nauka i\u00a0do\u015bwiadczenie ale\u00a0te\u017c coraz bardziej uwidaczniaj\u0105 si\u0119 b\u0142\u0119dy logistyczne i\u00a0niedostatki wyposa\u017cenia. O\u00a0tym te\u017c by\u0142a mowa w\u00a0postulatach protestuj\u0105cych, wszak\u017ce skupiono si\u0119 jak dot\u0105d na\u00a0postulatach p\u0142acowych, emerytalnych i\u00a0L4. Jak wida\u0107, jest w\u00a0formacji nadal bardzo wiele do\u00a0zrobienia.<\/p>\n<p>Coraz cie\u0144sza jest linia wytrzyma\u0142o\u015bci funkcjonariuszy na\u00a0niedostatki logistyki i\u00a0organizacji s\u0142u\u017cby. Kra\u0144cowym przyk\u0142adem desperackiej reakcji by\u0142y wpisy w\u00a0internecie policjanta z\u00a026-letnim sta\u017cem, kt\u00f3ry odpowiada\u0107 b\u0119dzie za\u00a0gro\u017cenie \u015bmierci\u0105 komendantowi wojew\u00f3dzkiemu policji. Przez\u00a0wpis na\u00a0Facebooku.\u00a0Policjanta b\u0119dzie broni\u0142 znany adwokat Jerzy Feliks.<\/p>\n<p>Dobrze podsumowuje opisane problemy komentarz Macieja Dziergasa, wiceprzewodnicz\u0105cego ZW NSZZ Policjant\u00f3w woj. \u015bl\u0105skiego.<\/p>\n<p><strong><em><img loading=\"lazy\" decoding=\"async\" class=\"blazy  wp-image-13945 alignleft\" src=\"http:\/\/nszzp.wroclaw.pl\/wp-content\/themes\/newsmag-pro\/assets\/images\/picture_placeholder_list.jpg\" data-src=\"http:\/\/nszzp.pl\/wp-content\/uploads\/2018\/12\/dziergas_fot-202x193.jpg\" sizes=\"auto, (max-width: 144px) 85vw, 144px\" srcset=\"http:\/\/nszzp.pl\/wp-content\/uploads\/2018\/12\/dziergas_fot-202x193.jpg 202w, http:\/\/nszzp.pl\/wp-content\/uploads\/2018\/12\/dziergas_fot-768x732.jpg 768w, http:\/\/nszzp.pl\/wp-content\/uploads\/2018\/12\/dziergas_fot-447x426.jpg 447w, http:\/\/nszzp.pl\/wp-content\/uploads\/2018\/12\/dziergas_fot.jpg 854w\" alt=\"\" width=\"144\" height=\"138\" \/><noscript><img loading=\"lazy\" decoding=\"async\" class=\" wp-image-13945 alignleft\" src=\"http:\/\/nszzp.pl\/wp-content\/uploads\/2018\/12\/dziergas_fot-202x193.jpg\" sizes=\"auto, (max-width: 144px) 85vw, 144px\" srcset=\"http:\/\/nszzp.pl\/wp-content\/uploads\/2018\/12\/dziergas_fot-202x193.jpg 202w, http:\/\/nszzp.pl\/wp-content\/uploads\/2018\/12\/dziergas_fot-768x732.jpg 768w, http:\/\/nszzp.pl\/wp-content\/uploads\/2018\/12\/dziergas_fot-447x426.jpg 447w, http:\/\/nszzp.pl\/wp-content\/uploads\/2018\/12\/dziergas_fot.jpg 854w\" alt=\"\" width=\"144\" height=\"138\" \/><\/noscript>(\u2026) COP24 z\u00a0pewno\u015bci\u0105 przysporzy policjantom przej\u015bciowych ogranicze\u0144 i\u00a0wyrzecze\u0144. Taka niestety jest nasza s\u0142u\u017cba. Niekt\u00f3rzy policjanci b\u0119d\u0105 mie\u0107 wobec tego krytyczne zdanie. Na\u00a0analiz\u0119 przyjdzie czas po\u00a0zako\u0144czeniu zabezpieczenia. Uwagi winno kierowa\u0107 si\u0119 drog\u0105 s\u0142u\u017cbow\u0105 lub\u00a0za\u00a0po\u015brednictwem NSZZ Policjant\u00f3w \u2013 przekaza\u0142 Maciej Dziergas. Policjant dodaje, \u017ce\u00a0obecnie coraz cz\u0119\u015bciej mo\u017cna zaobserwowa\u0107 na\u00a0portalach spo\u0142eczno\u015bciowych, \u017ce\u00a0\u201es\u0142u\u017cbowe przemy\u015blenia artyku\u0142owane s\u0105 w\u00a0spos\u00f3b nie tylko niecenzuralny, ale\u00a0i\u00a0nielicuj\u0105cy z\u00a0godno\u015bci\u0105 noszonego munduru, poprzez u\u017cywanie inwektyw czy\u00a0gr\u00f3\u017ab pod\u00a0adresem okre\u015blonych os\u00f3b, w\u00a0tym innych policjant\u00f3w\u201d(\u2026)<\/em><\/strong><\/p>\n<p>&nbsp;<\/p>\n<p><strong>**************************<\/strong><\/p>\n<p><strong>Kolejnym tematem dr\u0105\u017conym w\u00a0mediach jest kwestia wypowiedzi nadinsp.\u00a0Daniela Ko\u0142nierowicza. <\/strong>Komendant w\u00a0Radiu Bia\u0142ystok wzywa\u0142 do\u00a0pisania anonim\u00f3w na\u00a0pos\u0142ank\u0119 PO, kt\u00f3ra sygnalizowa\u0142a nieprawid\u0142owo\u015bci w\u00a0funkcjonowaniu podlaskiej policji.<\/p>\n<p><strong>Jaros\u0142aw Szymczyk poleci\u0142 wszcz\u0105\u0107 post\u0119powanie wyja\u015bniaj\u0105ce w\u00a0sprawie karygodnych wypowiedzi szefa wojew\u00f3dzkiej policji w\u00a0Bia\u0142ymstoku.<\/strong><\/p>\n<p>Istnieje podejrzenie, \u017ce\u00a0swoimi wypowiedziami Daniel Ko\u0142nierowicz z\u0142ama\u0142 przepisy ustawy o\u00a0policji. Chodzi po\u00a0pierwsze o\u00a0podejrzenie z\u0142amania zasad etyki, a\u00a0tak\u017ce apolityczno\u015bci. Post\u0119powanie wyja\u015bniaj\u0105ce jest wst\u0119pem do\u00a0dyscyplinarnego. To ostatnie jest wszczynane, je\u015bli potwierdzaj\u0105 si\u0119 podejrzenia. Czynno\u015bci w\u00a0tej sprawie prowadzone s\u0105 w\u00a0ramach Biura Kadr, Szkolenia i\u00a0Obs\u0142ugi Prawnej Komendy G\u0142\u00f3wnej \u2013 bo\u00a0chodzi o\u00a0komendanta wojew\u00f3dzkiego. Konkretnie post\u0119powanie prowadzi rzecznik dyscyplinarny.<\/p>\n<p>(jp)<\/p>\n<p>: <a href=\"http:\/\/nszzp.pl\/aktualnosci\/przeglad-prasy-wokol-zabezpieczenia-szczytu-klimatycznego-cop24\/\" target=\"_blank\" rel=\"noopener noreferrer\">http:\/\/nszzp.pl\/aktualnosci\/przeglad-prasy-wokol-zabezpieczenia-szczytu-klimatycznego-cop24\/<\/a><\/p>\n<\/div>\n<p>&nbsp;<\/p>\n<p>&nbsp;<\/p>\n","protected":false},"excerpt":{"rendered":"<p>Przegl\u0105d prasy: wok\u00f3\u0142 zabezpieczenia szczytu klimatycznego COP24 Dzi\u015b w\u00a0Katowicach rozpocz\u0105\u0142 si\u0119 szczyt klimatyczny ONZ. Konferencja potrwa blisko dwa tygodnie do\u00a014 grudnia. Podczas szczytu ma zosta\u0107 przyj\u0119ta mapa drogowa realizacji Porozumienia paryskiego, czyli\u00a0pierwszej w\u00a0pe\u0142ni globalnej umowy na\u00a0rzecz klimatu. Wiceminister \u015brodowiska Micha\u0142 Kurtyka w\u00a0imieniu Polski przej\u0105\u0142 przewodnictwo, prezydentur\u0119 nad\u00a0szczytem klimatycznym ONZ w\u00a0Katowicach. B\u0119dziemy j\u0105 sprawowa\u0107 do\u00a0nast\u0119pnego szczytu [&hellip;]<\/p>\n","protected":false},"author":2,"featured_media":50270,"comment_status":"closed","ping_status":"closed","sticky":false,"template":"","format":"standard","meta":{"footnotes":""},"categories":[28,1,446,6],"tags":[],"class_list":["post-50269","post","type-post","status-publish","format-standard","has-post-thumbnail","hentry","category-baner","category-bez-kategorii","category-przeglad","category-kolumna-1"],"_links":{"self":[{"href":"http:\/\/nszzp.wroclaw.pl\/index.php\/wp-json\/wp\/v2\/posts\/50269","targetHints":{"allow":["GET"]}}],"collection":[{"href":"http:\/\/nszzp.wroclaw.pl\/index.php\/wp-json\/wp\/v2\/posts"}],"about":[{"href":"http:\/\/nszzp.wroclaw.pl\/index.php\/wp-json\/wp\/v2\/types\/post"}],"author":[{"embeddable":true,"href":"http:\/\/nszzp.wroclaw.pl\/index.php\/wp-json\/wp\/v2\/users\/2"}],"replies":[{"embeddable":true,"href":"http:\/\/nszzp.wroclaw.pl\/index.php\/wp-json\/wp\/v2\/comments?post=50269"}],"version-history":[{"count":1,"href":"http:\/\/nszzp.wroclaw.pl\/index.php\/wp-json\/wp\/v2\/posts\/50269\/revisions"}],"predecessor-version":[{"id":50271,"href":"http:\/\/nszzp.wroclaw.pl\/index.php\/wp-json\/wp\/v2\/posts\/50269\/revisions\/50271"}],"wp:featuredmedia":[{"embeddable":true,"href":"http:\/\/nszzp.wroclaw.pl\/index.php\/wp-json\/wp\/v2\/media\/50270"}],"wp:attachment":[{"href":"http:\/\/nszzp.wroclaw.pl\/index.php\/wp-json\/wp\/v2\/media?parent=50269"}],"wp:term":[{"taxonomy":"category","embeddable":true,"href":"http:\/\/nszzp.wroclaw.pl\/index.php\/wp-json\/wp\/v2\/categories?post=50269"},{"taxonomy":"post_tag","embeddable":true,"href":"http:\/\/nszzp.wroclaw.pl\/index.php\/wp-json\/wp\/v2\/tags?post=50269"}],"curies":[{"name":"wp","href":"https:\/\/api.w.org\/{rel}","templated":true}]}}