{"id":51339,"date":"2018-12-12T20:38:42","date_gmt":"2018-12-12T19:38:42","guid":{"rendered":"http:\/\/nszzp.wroclaw.pl\/?p=51339"},"modified":"2018-12-12T20:41:46","modified_gmt":"2018-12-12T19:41:46","slug":"swiateczne-posiedzenie-zarzadu-wojewodztwa-dolnoslaskiego-nszz-policjantow","status":"publish","type":"post","link":"http:\/\/nszzp.wroclaw.pl\/index.php\/2018\/12\/12\/swiateczne-posiedzenie-zarzadu-wojewodztwa-dolnoslaskiego-nszz-policjantow\/","title":{"rendered":"\u015awi\u0105teczne Posiedzenie Zarz\u0105du Wojew\u00f3dztwa Dolno\u015bl\u0105skiego NSZZ Policjant\u00f3w"},"content":{"rendered":"<h5>12 grudnia 2018 roku odby\u0142o si\u0119 uroczyste, \u015bwi\u0105teczne, Posiedzenie Zarz\u0105du Wojew\u00f3dztwa Dolno\u015bl\u0105skiego NSZZ Policjant\u00f3w.\u00a0 Przewodnicz\u0105cy Zarz\u0105du Wojew\u00f3dzkiego NSZZ Policjant\u00f3w woj. dolno\u015bl\u0105skiego Piotr Malon przywita\u0142 przyby\u0142ych go\u015bci oraz wszystkich Przewodnicz\u0105cych Zarz\u0105d\u00f3w Terenowych NSZZ Policjant\u00f3w z ca\u0142ego wojew\u00f3dztwa.<\/h5>\n<p><img loading=\"lazy\" decoding=\"async\" class=\"blazy aligncenter size-large wp-image-51341\" src=\"http:\/\/nszzp.wroclaw.pl\/wp-content\/themes\/newsmag-pro\/assets\/images\/picture_placeholder_list.jpg\" data-src=\"http:\/\/nszzp.wroclaw.pl\/wp-content\/uploads\/2018\/12\/baner-2018-1-1024x321.jpg\" alt=\"\" width=\"1024\" height=\"321\" \/><noscript><img loading=\"lazy\" decoding=\"async\" class=\"aligncenter size-large wp-image-51341\" src=\"http:\/\/nszzp.wroclaw.pl\/wp-content\/uploads\/2018\/12\/baner-2018-1-1024x321.jpg\" alt=\"\" width=\"1024\" height=\"321\" srcset=\"http:\/\/nszzp.wroclaw.pl\/wp-content\/uploads\/2018\/12\/baner-2018-1-1024x321.jpg 1024w, http:\/\/nszzp.wroclaw.pl\/wp-content\/uploads\/2018\/12\/baner-2018-1-300x94.jpg 300w, http:\/\/nszzp.wroclaw.pl\/wp-content\/uploads\/2018\/12\/baner-2018-1-768x241.jpg 768w, http:\/\/nszzp.wroclaw.pl\/wp-content\/uploads\/2018\/12\/baner-2018-1.jpg 1899w\" sizes=\"auto, (max-width: 1024px) 100vw, 1024px\" \/><\/noscript><\/p>\n<h5>Po om\u00f3wieniu bie\u017c\u0105cych spraw i zatwierdzeniu decyzji prezydium wszyscy udali\u015bmy si\u0119 na \u015bwi\u0105teczny pocz\u0119stunek. Na uroczyst\u0105 cz\u0119\u015b\u0107 spotkania przyby\u0142 Komendant Wojew\u00f3dzki Policji we Wroc\u0142awiu nadinspektor Tomasz Trawi\u0144ski, oraz inspektor Dariusz Weso\u0142owski Zast\u0119pca Komendanta Wojew\u00f3dzkiego Policji we Wroc\u0142awiu oraz Zast\u0119pca Dow\u00f3dcy Oddzia\u0142u Prewencji Policji we Wroc\u0142awiu <strong>\u00a0podinsp.\u00a0Remigiusz Sawicki.<\/strong><\/h5>\n<p><img loading=\"lazy\" decoding=\"async\" class=\"blazy aligncenter size-large wp-image-51342\" src=\"http:\/\/nszzp.wroclaw.pl\/wp-content\/themes\/newsmag-pro\/assets\/images\/picture_placeholder_list.jpg\" data-src=\"http:\/\/nszzp.wroclaw.pl\/wp-content\/uploads\/2018\/12\/IMG_0786-1024x683.jpg\" alt=\"\" width=\"1024\" height=\"683\" \/><noscript><img loading=\"lazy\" decoding=\"async\" class=\"aligncenter size-large wp-image-51342\" src=\"http:\/\/nszzp.wroclaw.pl\/wp-content\/uploads\/2018\/12\/IMG_0786-1024x683.jpg\" alt=\"\" width=\"1024\" height=\"683\" srcset=\"http:\/\/nszzp.wroclaw.pl\/wp-content\/uploads\/2018\/12\/IMG_0786-1024x683.jpg 1024w, http:\/\/nszzp.wroclaw.pl\/wp-content\/uploads\/2018\/12\/IMG_0786-300x200.jpg 300w, http:\/\/nszzp.wroclaw.pl\/wp-content\/uploads\/2018\/12\/IMG_0786-768x512.jpg 768w\" sizes=\"auto, (max-width: 1024px) 100vw, 1024px\" \/><\/noscript> <img loading=\"lazy\" decoding=\"async\" class=\"blazy aligncenter size-large wp-image-51343\" src=\"http:\/\/nszzp.wroclaw.pl\/wp-content\/themes\/newsmag-pro\/assets\/images\/picture_placeholder_list.jpg\" data-src=\"http:\/\/nszzp.wroclaw.pl\/wp-content\/uploads\/2018\/12\/IMG_0888-1024x683.jpg\" alt=\"\" width=\"1024\" height=\"683\" \/><noscript><img loading=\"lazy\" decoding=\"async\" class=\"aligncenter size-large wp-image-51343\" src=\"http:\/\/nszzp.wroclaw.pl\/wp-content\/uploads\/2018\/12\/IMG_0888-1024x683.jpg\" alt=\"\" width=\"1024\" height=\"683\" srcset=\"http:\/\/nszzp.wroclaw.pl\/wp-content\/uploads\/2018\/12\/IMG_0888-1024x683.jpg 1024w, http:\/\/nszzp.wroclaw.pl\/wp-content\/uploads\/2018\/12\/IMG_0888-300x200.jpg 300w, http:\/\/nszzp.wroclaw.pl\/wp-content\/uploads\/2018\/12\/IMG_0888-768x512.jpg 768w\" sizes=\"auto, (max-width: 1024px) 100vw, 1024px\" \/><\/noscript> <img loading=\"lazy\" decoding=\"async\" class=\"blazy aligncenter size-large wp-image-51344\" src=\"http:\/\/nszzp.wroclaw.pl\/wp-content\/themes\/newsmag-pro\/assets\/images\/picture_placeholder_list.jpg\" data-src=\"http:\/\/nszzp.wroclaw.pl\/wp-content\/uploads\/2018\/12\/IMG_0889-1024x683.jpg\" alt=\"\" width=\"1024\" height=\"683\" \/><noscript><img loading=\"lazy\" decoding=\"async\" class=\"aligncenter size-large wp-image-51344\" src=\"http:\/\/nszzp.wroclaw.pl\/wp-content\/uploads\/2018\/12\/IMG_0889-1024x683.jpg\" alt=\"\" width=\"1024\" height=\"683\" srcset=\"http:\/\/nszzp.wroclaw.pl\/wp-content\/uploads\/2018\/12\/IMG_0889-1024x683.jpg 1024w, http:\/\/nszzp.wroclaw.pl\/wp-content\/uploads\/2018\/12\/IMG_0889-300x200.jpg 300w, http:\/\/nszzp.wroclaw.pl\/wp-content\/uploads\/2018\/12\/IMG_0889-768x512.jpg 768w\" sizes=\"auto, (max-width: 1024px) 100vw, 1024px\" \/><\/noscript><\/p>\n<h3><a href=\"http:\/\/nszzp.wroclaw.pl\/index.php\/galeria\/?type_0=gallery&amp;album_gallery_id_0=80&amp;bwg_previous_album_id_0=3,3&amp;bwg_previous_album_page_number_0=0,0\" target=\"_blank\" rel=\"noopener noreferrer\">Galeria Foto<\/a><\/h3>\n<p>&nbsp;<\/p>\n","protected":false},"excerpt":{"rendered":"<p>12 grudnia 2018 roku odby\u0142o si\u0119 uroczyste, \u015bwi\u0105teczne, Posiedzenie Zarz\u0105du Wojew\u00f3dztwa Dolno\u015bl\u0105skiego NSZZ Policjant\u00f3w.\u00a0 Przewodnicz\u0105cy Zarz\u0105du Wojew\u00f3dzkiego NSZZ Policjant\u00f3w woj. dolno\u015bl\u0105skiego Piotr Malon przywita\u0142 przyby\u0142ych go\u015bci oraz wszystkich Przewodnicz\u0105cych Zarz\u0105d\u00f3w Terenowych NSZZ Policjant\u00f3w z ca\u0142ego wojew\u00f3dztwa. Po om\u00f3wieniu bie\u017c\u0105cych spraw i zatwierdzeniu decyzji prezydium wszyscy udali\u015bmy si\u0119 na \u015bwi\u0105teczny pocz\u0119stunek. Na uroczyst\u0105 cz\u0119\u015b\u0107 spotkania przyby\u0142 [&hellip;]<\/p>\n","protected":false},"author":2,"featured_media":51340,"comment_status":"closed","ping_status":"closed","sticky":false,"template":"","format":"standard","meta":{"footnotes":""},"categories":[8,28,1,446],"tags":[],"class_list":["post-51339","post","type-post","status-publish","format-standard","has-post-thumbnail","hentry","category-kolumna-3","category-baner","category-bez-kategorii","category-przeglad"],"_links":{"self":[{"href":"http:\/\/nszzp.wroclaw.pl\/index.php\/wp-json\/wp\/v2\/posts\/51339","targetHints":{"allow":["GET"]}}],"collection":[{"href":"http:\/\/nszzp.wroclaw.pl\/index.php\/wp-json\/wp\/v2\/posts"}],"about":[{"href":"http:\/\/nszzp.wroclaw.pl\/index.php\/wp-json\/wp\/v2\/types\/post"}],"author":[{"embeddable":true,"href":"http:\/\/nszzp.wroclaw.pl\/index.php\/wp-json\/wp\/v2\/users\/2"}],"replies":[{"embeddable":true,"href":"http:\/\/nszzp.wroclaw.pl\/index.php\/wp-json\/wp\/v2\/comments?post=51339"}],"version-history":[{"count":1,"href":"http:\/\/nszzp.wroclaw.pl\/index.php\/wp-json\/wp\/v2\/posts\/51339\/revisions"}],"predecessor-version":[{"id":51345,"href":"http:\/\/nszzp.wroclaw.pl\/index.php\/wp-json\/wp\/v2\/posts\/51339\/revisions\/51345"}],"wp:featuredmedia":[{"embeddable":true,"href":"http:\/\/nszzp.wroclaw.pl\/index.php\/wp-json\/wp\/v2\/media\/51340"}],"wp:attachment":[{"href":"http:\/\/nszzp.wroclaw.pl\/index.php\/wp-json\/wp\/v2\/media?parent=51339"}],"wp:term":[{"taxonomy":"category","embeddable":true,"href":"http:\/\/nszzp.wroclaw.pl\/index.php\/wp-json\/wp\/v2\/categories?post=51339"},{"taxonomy":"post_tag","embeddable":true,"href":"http:\/\/nszzp.wroclaw.pl\/index.php\/wp-json\/wp\/v2\/tags?post=51339"}],"curies":[{"name":"wp","href":"https:\/\/api.w.org\/{rel}","templated":true}]}}