{"id":52284,"date":"2018-12-18T08:25:55","date_gmt":"2018-12-18T07:25:55","guid":{"rendered":"http:\/\/nszzp.wroclaw.pl\/?p=52284"},"modified":"2018-12-18T08:25:55","modified_gmt":"2018-12-18T07:25:55","slug":"ponad-100-policjantow-przenioslo-sie-do-sop-formacja-kusi-rowniez-straznikow-sw","status":"publish","type":"post","link":"http:\/\/nszzp.wroclaw.pl\/index.php\/2018\/12\/18\/ponad-100-policjantow-przenioslo-sie-do-sop-formacja-kusi-rowniez-straznikow-sw\/","title":{"rendered":"Ponad 100 policjant\u00f3w przenios\u0142o si\u0119 do SOP. Formacja kusi r\u00f3wnie\u017c stra\u017cnik\u00f3w SW"},"content":{"rendered":"<h4 class=\"entry-title\">Ponad 100 policjant\u00f3w przenios\u0142o si\u0119 do SOP. Formacja kusi r\u00f3wnie\u017c stra\u017cnik\u00f3w SW<\/h4>\n<p><img loading=\"lazy\" decoding=\"async\" class=\"blazy size-full wp-image-52288\" src=\"http:\/\/nszzp.wroclaw.pl\/wp-content\/themes\/newsmag-pro\/assets\/images\/picture_placeholder_list.jpg\" data-src=\"http:\/\/nszzp.wroclaw.pl\/wp-content\/uploads\/2018\/12\/Ponad-100-policjant\u00f3w-przenios\u0142o-si\u0119-do-SOP.-Formacja-kusi-r\u00f3wnie\u017c-stra\u017cnik\u00f3w-SW.jpg\" alt=\"\" width=\"600\" height=\"415\" \/><noscript><img loading=\"lazy\" decoding=\"async\" class=\"size-full wp-image-52288\" src=\"http:\/\/nszzp.wroclaw.pl\/wp-content\/uploads\/2018\/12\/Ponad-100-policjant\u00f3w-przenios\u0142o-si\u0119-do-SOP.-Formacja-kusi-r\u00f3wnie\u017c-stra\u017cnik\u00f3w-SW.jpg\" alt=\"\" width=\"600\" height=\"415\" \/><\/noscript><\/p>\n<h4><strong>Od momentu powo\u0142ania <a href=\"https:\/\/www.sop.gov.pl\/\" target=\"_blank\" rel=\"noopener noreferrer\">S\u0142u\u017cby Ochrony Pa\u0144stwa<\/a>, do formacji przeniesiono\u00a0108 funkcjonariuszy Policji, 8 funkcjonariuszy Stra\u017cy Granicznej, 34 funkcjonariuszy S\u0142u\u017cby Wi\u0119ziennej oraz 2 funkcjonariuszy S\u0142u\u017cby Celno-Skarbowej \u2013 informuje sekretarz stanu\u00a0w Ministerstwie Spraw Wewn\u0119trznych i Administracji Jaros\u0142aw Zieli\u0144ski.<\/strong><\/h4>\n<p>S\u0142u\u017cba Ochrony Pa\u0144stwa\u00a0z dniem 1 lutego 2018 zast\u0105pi\u0142a\u00a0Biuro Ochrony Rz\u0105du. Jak poinformowa\u0142 wiceminister Jaros\u0142aw Zieli\u0144ski, od momentu powo\u0142ania SOP, do formacji przenios\u0142o si\u0119 ju\u017c 108 funkcjonariuszy Policji, 8 funkcjonariuszy Stra\u017cy Granicznej, 34 funkcjonariuszy S\u0142u\u017cby Wi\u0119ziennej oraz 2 funkcjonariuszy S\u0142u\u017cby Celno-Skarbowej.<\/p>\n<p>Pow\u00f3d przeniesienia funkcjonariuszy nie jest znany, prawdopodobnie ma to zwi\u0105zek z atrakcyjniejszymi warunkami s\u0142u\u017cby.\u00a0<em>\u2013 Wy\u017csze uposa\u017cenie to wy\u017csza emerytura \u2013<\/em> m\u00f3wi nam anonimowy funkcjonariusz.<\/p>\n<p>Przeniesieni do SOP funkcjonariusze Policji i Stra\u017cy Granicznej pe\u0142nili wcze\u015bniej s\u0142u\u017cb\u0119 w pionie prewencji oraz operacyjno-rozpoznawczym.<\/p>\n<p>W S\u0142u\u017cbie Ochrony Pa\u0144stwa pracuje aktualnie ok. 2 tys. funkcjonariuszy.<\/p>\n<p>\u017ar\u00f3d\u0142o: <a href=\"https:\/\/ochrona24.info\/11319,przeniesli-sie-do-sop\/?fbclid=IwAR2F2vIYpt7opquXUCbSJU_49vz9PJMezulE5hRcKZPxvUixR8yEPaT7ltk\" target=\"_blank\" rel=\"noopener noreferrer\">https:\/\/ochrona24.info\/11319,przeniesli-sie-do-sop\/?fbclid=IwAR2F2vIYpt7opquXUCbSJU_49vz9PJMezulE5hRcKZPxvUixR8yEPaT7ltk<\/a><\/p>\n<p>&nbsp;<\/p>\n","protected":false},"excerpt":{"rendered":"<p>Ponad 100 policjant\u00f3w przenios\u0142o si\u0119 do SOP. Formacja kusi r\u00f3wnie\u017c stra\u017cnik\u00f3w SW Od momentu powo\u0142ania S\u0142u\u017cby Ochrony Pa\u0144stwa, do formacji przeniesiono\u00a0108 funkcjonariuszy Policji, 8 funkcjonariuszy Stra\u017cy Granicznej, 34 funkcjonariuszy S\u0142u\u017cby Wi\u0119ziennej oraz 2 funkcjonariuszy S\u0142u\u017cby Celno-Skarbowej \u2013 informuje sekretarz stanu\u00a0w Ministerstwie Spraw Wewn\u0119trznych i Administracji Jaros\u0142aw Zieli\u0144ski. S\u0142u\u017cba Ochrony Pa\u0144stwa\u00a0z dniem 1 lutego 2018 zast\u0105pi\u0142a\u00a0Biuro [&hellip;]<\/p>\n","protected":false},"author":2,"featured_media":52288,"comment_status":"closed","ping_status":"closed","sticky":false,"template":"","format":"standard","meta":{"footnotes":""},"categories":[28,1,446,7],"tags":[],"class_list":["post-52284","post","type-post","status-publish","format-standard","has-post-thumbnail","hentry","category-baner","category-bez-kategorii","category-przeglad","category-kolumna-2"],"_links":{"self":[{"href":"http:\/\/nszzp.wroclaw.pl\/index.php\/wp-json\/wp\/v2\/posts\/52284","targetHints":{"allow":["GET"]}}],"collection":[{"href":"http:\/\/nszzp.wroclaw.pl\/index.php\/wp-json\/wp\/v2\/posts"}],"about":[{"href":"http:\/\/nszzp.wroclaw.pl\/index.php\/wp-json\/wp\/v2\/types\/post"}],"author":[{"embeddable":true,"href":"http:\/\/nszzp.wroclaw.pl\/index.php\/wp-json\/wp\/v2\/users\/2"}],"replies":[{"embeddable":true,"href":"http:\/\/nszzp.wroclaw.pl\/index.php\/wp-json\/wp\/v2\/comments?post=52284"}],"version-history":[{"count":1,"href":"http:\/\/nszzp.wroclaw.pl\/index.php\/wp-json\/wp\/v2\/posts\/52284\/revisions"}],"predecessor-version":[{"id":52290,"href":"http:\/\/nszzp.wroclaw.pl\/index.php\/wp-json\/wp\/v2\/posts\/52284\/revisions\/52290"}],"wp:featuredmedia":[{"embeddable":true,"href":"http:\/\/nszzp.wroclaw.pl\/index.php\/wp-json\/wp\/v2\/media\/52288"}],"wp:attachment":[{"href":"http:\/\/nszzp.wroclaw.pl\/index.php\/wp-json\/wp\/v2\/media?parent=52284"}],"wp:term":[{"taxonomy":"category","embeddable":true,"href":"http:\/\/nszzp.wroclaw.pl\/index.php\/wp-json\/wp\/v2\/categories?post=52284"},{"taxonomy":"post_tag","embeddable":true,"href":"http:\/\/nszzp.wroclaw.pl\/index.php\/wp-json\/wp\/v2\/tags?post=52284"}],"curies":[{"name":"wp","href":"https:\/\/api.w.org\/{rel}","templated":true}]}}