{"id":54831,"date":"2019-01-08T21:50:12","date_gmt":"2019-01-08T20:50:12","guid":{"rendered":"http:\/\/nszzp.wroclaw.pl\/?p=54831"},"modified":"2019-01-08T21:50:12","modified_gmt":"2019-01-08T20:50:12","slug":"projekt-rozp-mswia-w-sprawie-zasad-otrzymywania-i-wysokosci-uposazenia-zasadniczego-policjantow-dodatkow-do-uposazenia-oraz-ustalania-wyslugi-lat-tabela","status":"publish","type":"post","link":"http:\/\/nszzp.wroclaw.pl\/index.php\/2019\/01\/08\/projekt-rozp-mswia-w-sprawie-zasad-otrzymywania-i-wysokosci-uposazenia-zasadniczego-policjantow-dodatkow-do-uposazenia-oraz-ustalania-wyslugi-lat-tabela\/","title":{"rendered":"Projekt rozp. MSWiA w sprawie zasad otrzymywania i wysoko\u015bci uposa\u017cenia zasadniczego policjant\u00f3w, dodatk\u00f3w do uposa\u017cenia oraz ustalania wys\u0142ugi lat -Tabela"},"content":{"rendered":"<h4 class=\"entry-title\">Projekt rozp. MSWiA w\u00a0sprawie zasad otrzymywania i\u00a0wysoko\u015bci uposa\u017cenia zasadniczego policjant\u00f3w, dodatk\u00f3w do\u00a0uposa\u017cenia oraz\u00a0ustalania wys\u0142ugi lat -Tabela<\/h4>\n<p>&nbsp;<\/p>\n<div class=\"entry-content\">\n<p>Projekt rozporz\u0105dzenia Ministra Spraw Wewn\u0119trznych i\u00a0Administracji zmieniaj\u0105cy rozporz\u0105dzenie w\u00a0sprawie szczeg\u00f3\u0142owych zasad otrzymywania i\u00a0wysoko\u015bci uposa\u017cenia zasadniczego policjant\u00f3w, dodatk\u00f3w do\u00a0uposa\u017cenia oraz\u00a0ustalania wys\u0142ugi lat, od kt\u00f3rej jest uzale\u017cniony wzrost uposa\u017cenia zasadniczego<\/p>\n<p>Projekt zmienia rozporz\u0105dzenie MSWiA z\u00a06 grudnia 2001 r. w\u00a0sprawie szczeg\u00f3\u0142owych zasad otrzymywania i\u00a0wysoko\u015bci uposa\u017cenia zasadniczego policjant\u00f3w, dodatk\u00f3w do\u00a0uposa\u017cenia oraz\u00a0ustalania wys\u0142ugi lat, od kt\u00f3rej jest uzale\u017cniony wzrost uposa\u017cenia zasadniczego.<\/p>\n<p>Projekt zosta\u0142 opracowany w\u00a0zwi\u0105zku z\u00a0podpisanym w\u00a0dniu 8 listopada Porozumieniem pomi\u0119dzy Ministrem Spraw Wewn\u0119trznych i\u00a0Administracji oraz\u00a0Stron\u0105 Spo\u0142eczn\u0105 reprezentowan\u0105 przez\u00a0przedstawicieli zwi\u0105zk\u00f3w zawodowych zrzeszaj\u0105cych funkcjonariuszy s\u0142u\u017cb resortu spraw wewn\u0119trznych i\u00a0administracji.<\/p>\n<p>Za\u0142\u0105cznikiem do\u00a0niniejszego projektu jest <strong>Tabela Grup Zaszeregowania<\/strong> stanowisk s\u0142u\u017cbowych policjant\u00f3w oraz\u00a0odpowiadaj\u0105cych im stawek uposa\u017cenia zasadniczego wyra\u017conych w\u00a0postaci mno\u017cnik\u00f3w kwoty bazowej.<\/p>\n<p><strong>Projekt i\u00a0tabela patrz \u2013 za\u0142\u0105cznik.<\/strong><\/p>\n<\/div>\n<p><img loading=\"lazy\" decoding=\"async\" class=\"blazy aligncenter size-large wp-image-54832\" src=\"http:\/\/nszzp.wroclaw.pl\/wp-content\/themes\/newsmag-pro\/assets\/images\/picture_placeholder_list.jpg\" data-src=\"http:\/\/nszzp.wroclaw.pl\/wp-content\/uploads\/2019\/01\/MSWiA_Rozp_28_12_tekst_projektu_rozporzadzenia_tabela-3-984x1024.jpg\" alt=\"\" width=\"984\" height=\"1024\" \/><noscript><img loading=\"lazy\" decoding=\"async\" class=\"aligncenter size-large wp-image-54832\" src=\"http:\/\/nszzp.wroclaw.pl\/wp-content\/uploads\/2019\/01\/MSWiA_Rozp_28_12_tekst_projektu_rozporzadzenia_tabela-3-984x1024.jpg\" alt=\"\" width=\"984\" height=\"1024\" srcset=\"http:\/\/nszzp.wroclaw.pl\/wp-content\/uploads\/2019\/01\/MSWiA_Rozp_28_12_tekst_projektu_rozporzadzenia_tabela-3-984x1024.jpg 984w, http:\/\/nszzp.wroclaw.pl\/wp-content\/uploads\/2019\/01\/MSWiA_Rozp_28_12_tekst_projektu_rozporzadzenia_tabela-3-288x300.jpg 288w, http:\/\/nszzp.wroclaw.pl\/wp-content\/uploads\/2019\/01\/MSWiA_Rozp_28_12_tekst_projektu_rozporzadzenia_tabela-3-768x799.jpg 768w, http:\/\/nszzp.wroclaw.pl\/wp-content\/uploads\/2019\/01\/MSWiA_Rozp_28_12_tekst_projektu_rozporzadzenia_tabela-3.jpg 996w\" sizes=\"auto, (max-width: 984px) 100vw, 984px\" \/><\/noscript><\/p>\n<p>&nbsp;<\/p>\n<p>&nbsp;<\/p>\n<p>&nbsp;<\/p>\n<div class=\"zroodloBox\"><span class=\"zrodlo\">\u017ar\u00f3d\u0142o:<\/span> <a title=\"https:\/\/www.gov.pl\/web\/mswia\/projekt-rozp-ministra-swia-zmieniajacy-rozporzadzenie-w-sprawie-szczegolowych-zasad-otrzymywania-i-wysokosci-uposazenia-zasadniczego-policjantow-dodatkow-do-uposazenia-oraz-ustalania-wyslugi-lat-od-ktorej-jest-uzalezniony-wzrost-uposazenia-zasadniczego\" href=\"https:\/\/www.gov.pl\/web\/mswia\/projekt-rozp-ministra-swia-zmieniajacy-rozporzadzenie-w-sprawie-szczegolowych-zasad-otrzymywania-i-wysokosci-uposazenia-zasadniczego-policjantow-dodatkow-do-uposazenia-oraz-ustalania-wyslugi-lat-od-ktorej-jest-uzalezniony-wzrost-uposazenia-zasadniczego\" target=\"_blank\" rel=\"noopener noreferrer\">https:\/\/www.gov.pl\/web\/mswia\/projekt-rozp-ministra-swia-zmieniajacy-rozporzadzenie-w-sprawie-szczegolowych-zasad-otrzymywania-i-wysokosci-uposazenia-zasadniczego-policjantow-dodatkow-do-uposazenia-oraz-ustalania-wyslugi-lat-od-ktorej-jest-uzalezniony-wzrost-uposazenia-zasadniczego<\/a> <span class=\"date\">2019.01.07<\/span><\/div>\n<div class=\"zalacznikiBox clearfix\">\n<h3>ZA\u0141\u0104CZNIKI<\/h3>\n<ul>\n<li><a href=\"http:\/\/nszzp.pl\/wp-content\/uploads\/2019\/01\/MSWiA_Rozp_28_12_tekst_projektu_rozporzadzenia_tabela.pdf\" target=\"_blank\" rel=\"noopener noreferrer\">MSWiA_rozp_28_12_2018_Tabela<\/a><\/li>\n<\/ul>\n<\/div>\n","protected":false},"excerpt":{"rendered":"<p>Projekt rozp. MSWiA w\u00a0sprawie zasad otrzymywania i\u00a0wysoko\u015bci uposa\u017cenia zasadniczego policjant\u00f3w, dodatk\u00f3w do\u00a0uposa\u017cenia oraz\u00a0ustalania wys\u0142ugi lat -Tabela &nbsp; Projekt rozporz\u0105dzenia Ministra Spraw Wewn\u0119trznych i\u00a0Administracji zmieniaj\u0105cy rozporz\u0105dzenie w\u00a0sprawie szczeg\u00f3\u0142owych zasad otrzymywania i\u00a0wysoko\u015bci uposa\u017cenia zasadniczego policjant\u00f3w, dodatk\u00f3w do\u00a0uposa\u017cenia oraz\u00a0ustalania wys\u0142ugi lat, od kt\u00f3rej jest uzale\u017cniony wzrost uposa\u017cenia zasadniczego Projekt zmienia rozporz\u0105dzenie MSWiA z\u00a06 grudnia 2001 r. w\u00a0sprawie szczeg\u00f3\u0142owych [&hellip;]<\/p>\n","protected":false},"author":2,"featured_media":54833,"comment_status":"closed","ping_status":"closed","sticky":false,"template":"","format":"standard","meta":{"footnotes":""},"categories":[8,28,1,446],"tags":[],"class_list":["post-54831","post","type-post","status-publish","format-standard","has-post-thumbnail","hentry","category-kolumna-3","category-baner","category-bez-kategorii","category-przeglad"],"_links":{"self":[{"href":"http:\/\/nszzp.wroclaw.pl\/index.php\/wp-json\/wp\/v2\/posts\/54831","targetHints":{"allow":["GET"]}}],"collection":[{"href":"http:\/\/nszzp.wroclaw.pl\/index.php\/wp-json\/wp\/v2\/posts"}],"about":[{"href":"http:\/\/nszzp.wroclaw.pl\/index.php\/wp-json\/wp\/v2\/types\/post"}],"author":[{"embeddable":true,"href":"http:\/\/nszzp.wroclaw.pl\/index.php\/wp-json\/wp\/v2\/users\/2"}],"replies":[{"embeddable":true,"href":"http:\/\/nszzp.wroclaw.pl\/index.php\/wp-json\/wp\/v2\/comments?post=54831"}],"version-history":[{"count":1,"href":"http:\/\/nszzp.wroclaw.pl\/index.php\/wp-json\/wp\/v2\/posts\/54831\/revisions"}],"predecessor-version":[{"id":54834,"href":"http:\/\/nszzp.wroclaw.pl\/index.php\/wp-json\/wp\/v2\/posts\/54831\/revisions\/54834"}],"wp:featuredmedia":[{"embeddable":true,"href":"http:\/\/nszzp.wroclaw.pl\/index.php\/wp-json\/wp\/v2\/media\/54833"}],"wp:attachment":[{"href":"http:\/\/nszzp.wroclaw.pl\/index.php\/wp-json\/wp\/v2\/media?parent=54831"}],"wp:term":[{"taxonomy":"category","embeddable":true,"href":"http:\/\/nszzp.wroclaw.pl\/index.php\/wp-json\/wp\/v2\/categories?post=54831"},{"taxonomy":"post_tag","embeddable":true,"href":"http:\/\/nszzp.wroclaw.pl\/index.php\/wp-json\/wp\/v2\/tags?post=54831"}],"curies":[{"name":"wp","href":"https:\/\/api.w.org\/{rel}","templated":true}]}}