{"id":56244,"date":"2019-01-29T18:06:10","date_gmt":"2019-01-29T17:06:10","guid":{"rendered":"http:\/\/nszzp.wroclaw.pl\/?p=56244"},"modified":"2019-01-29T18:06:10","modified_gmt":"2019-01-29T17:06:10","slug":"ochrona-prawna-wizerunku-policjanta","status":"publish","type":"post","link":"http:\/\/nszzp.wroclaw.pl\/index.php\/2019\/01\/29\/ochrona-prawna-wizerunku-policjanta\/","title":{"rendered":"Ochrona prawna wizerunku Policjanta"},"content":{"rendered":"<h1 class=\"entry-title\">Ochrona prawna wizerunku Policjanta<\/h1>\n<p><img loading=\"lazy\" decoding=\"async\" class=\"blazy aligncenter size-full wp-image-56245\" src=\"http:\/\/nszzp.wroclaw.pl\/wp-content\/themes\/newsmag-pro\/assets\/images\/picture_placeholder_list.jpg\" data-src=\"http:\/\/nszzp.wroclaw.pl\/wp-content\/uploads\/2019\/01\/ochrona_wizerunku_dpn.jpg\" alt=\"\" width=\"730\" height=\"426\" \/><noscript><img loading=\"lazy\" decoding=\"async\" class=\"aligncenter size-full wp-image-56245\" src=\"http:\/\/nszzp.wroclaw.pl\/wp-content\/uploads\/2019\/01\/ochrona_wizerunku_dpn.jpg\" alt=\"\" width=\"730\" height=\"426\" \/><\/noscript><\/p>\n<div class=\"entry-content\">\n<p>Kontynuuj\u0105c projekt zainicjowany przez\u00a0Komendanta G\u0142\u00f3wnego Policji Pana gen. insp dra Jaros\u0142awa Szymczyka pn. \u201eOchrona prawna funkcjonariuszy Policji\u201d, zach\u0119camy Pa\u0144stwa do\u00a0lektury opracowanej na\u00a0wniosek Pe\u0142nomocnika Komendanta G\u0142\u00f3wnego Policji ds. Ochrony Praw Cz\u0142owieka przez\u00a0Biuro Kadr, Szkolenia i\u00a0Obs\u0142ugi Prawnej KGP opinii prawnej na\u00a0temat prawnych sposob\u00f3w ochrony w\u0142asnego wizerunku przez\u00a0funkcjonariuszy Policji.<\/p>\n<p>Z\u00a0opinii dowiemy si\u0119 mi\u0119dzy innymi w\u00a0jaki spos\u00f3b jeste\u015bmy chronieni przed bezprawnym zamieszczaniem naszych wizerunk\u00f3w, w\u00a0tym nagra\u0144 z\u00a0interwencji, w\u00a0mediach spo\u0142eczno\u015bciowych. Nie pozwalajmy na\u00a0bezkarne zamieszczanie naszych wizerunk\u00f3w w\u00a0Sieci przez\u00a0osoby postronne. Chro\u0144my siebie oraz\u00a0naszych bliskich.<\/p>\n<p>m\u0142. insp. Krzysztof \u0141aszkiewicz \u2013 Pe\u0142nomocnik Komendanta G\u0142\u00f3wnego Policji ds. Ochrony Praw Cz\u0142owieka.<\/p>\n<p>W\u00a0za\u0142\u0105czniku: Opinia Prawna w\u00a0zakresie prawnych sposob\u00f3w ochrony w\u0142asnego wizerunku przez\u00a0funkcjonariuszy Policji.<\/p>\n<\/div>\n<div class=\"zroodloBox\"><span class=\"zrodlo\">\u017ar\u00f3d\u0142o:<\/span> <a title=\"http:\/\/isp.policja.pl\/isp\/aktualnosci\/13893,Ochrona-wizerunku-Policjanta.html\" href=\"http:\/\/isp.policja.pl\/isp\/aktualnosci\/13893,Ochrona-wizerunku-Policjanta.html\" target=\"_blank\" rel=\"noopener noreferrer\">http:\/\/isp.policja.pl\/isp\/aktualnosci\/13893,Ochrona-wizerunku-Policjanta.html<\/a> <span class=\"date\">2019.01.28<\/span><\/div>\n<div class=\"zalacznikiBox clearfix\">\n<h3>ZA\u0141\u0104CZNIKI<\/h3>\n<ul>\n<li><a href=\"http:\/\/nszzp.pl\/wp-content\/uploads\/2019\/01\/Ochrona_wizerunku_policjanta_Opinia_prawna-2.pdf\" target=\"_blank\" rel=\"noopener noreferrer\">Ochrona_wizerunku_policjanta_opinia_prawna_KGP<\/a><\/li>\n<\/ul>\n<p>\u017ar\u00f3d\u0142o: <a href=\"http:\/\/nszzp.pl\/aktualnosci\/ochrona-prawna-wizerunku-policjanta\/\" target=\"_blank\" rel=\"noopener noreferrer\">http:\/\/nszzp.pl\/aktualnosci\/ochrona-prawna-wizerunku-policjanta\/<\/a><\/p>\n<\/div>\n","protected":false},"excerpt":{"rendered":"<p>Ochrona prawna wizerunku Policjanta Kontynuuj\u0105c projekt zainicjowany przez\u00a0Komendanta G\u0142\u00f3wnego Policji Pana gen. insp dra Jaros\u0142awa Szymczyka pn. \u201eOchrona prawna funkcjonariuszy Policji\u201d, zach\u0119camy Pa\u0144stwa do\u00a0lektury opracowanej na\u00a0wniosek Pe\u0142nomocnika Komendanta G\u0142\u00f3wnego Policji ds. Ochrony Praw Cz\u0142owieka przez\u00a0Biuro Kadr, Szkolenia i\u00a0Obs\u0142ugi Prawnej KGP opinii prawnej na\u00a0temat prawnych sposob\u00f3w ochrony w\u0142asnego wizerunku przez\u00a0funkcjonariuszy Policji. Z\u00a0opinii dowiemy si\u0119 mi\u0119dzy innymi [&hellip;]<\/p>\n","protected":false},"author":2,"featured_media":56245,"comment_status":"closed","ping_status":"closed","sticky":false,"template":"","format":"standard","meta":{"footnotes":""},"categories":[28,1,446,6],"tags":[],"class_list":["post-56244","post","type-post","status-publish","format-standard","has-post-thumbnail","hentry","category-baner","category-bez-kategorii","category-przeglad","category-kolumna-1"],"_links":{"self":[{"href":"http:\/\/nszzp.wroclaw.pl\/index.php\/wp-json\/wp\/v2\/posts\/56244","targetHints":{"allow":["GET"]}}],"collection":[{"href":"http:\/\/nszzp.wroclaw.pl\/index.php\/wp-json\/wp\/v2\/posts"}],"about":[{"href":"http:\/\/nszzp.wroclaw.pl\/index.php\/wp-json\/wp\/v2\/types\/post"}],"author":[{"embeddable":true,"href":"http:\/\/nszzp.wroclaw.pl\/index.php\/wp-json\/wp\/v2\/users\/2"}],"replies":[{"embeddable":true,"href":"http:\/\/nszzp.wroclaw.pl\/index.php\/wp-json\/wp\/v2\/comments?post=56244"}],"version-history":[{"count":1,"href":"http:\/\/nszzp.wroclaw.pl\/index.php\/wp-json\/wp\/v2\/posts\/56244\/revisions"}],"predecessor-version":[{"id":56246,"href":"http:\/\/nszzp.wroclaw.pl\/index.php\/wp-json\/wp\/v2\/posts\/56244\/revisions\/56246"}],"wp:featuredmedia":[{"embeddable":true,"href":"http:\/\/nszzp.wroclaw.pl\/index.php\/wp-json\/wp\/v2\/media\/56245"}],"wp:attachment":[{"href":"http:\/\/nszzp.wroclaw.pl\/index.php\/wp-json\/wp\/v2\/media?parent=56244"}],"wp:term":[{"taxonomy":"category","embeddable":true,"href":"http:\/\/nszzp.wroclaw.pl\/index.php\/wp-json\/wp\/v2\/categories?post=56244"},{"taxonomy":"post_tag","embeddable":true,"href":"http:\/\/nszzp.wroclaw.pl\/index.php\/wp-json\/wp\/v2\/tags?post=56244"}],"curies":[{"name":"wp","href":"https:\/\/api.w.org\/{rel}","templated":true}]}}