{"id":57216,"date":"2019-02-04T20:46:49","date_gmt":"2019-02-04T19:46:49","guid":{"rendered":"http:\/\/nszzp.wroclaw.pl\/?p=57216"},"modified":"2019-02-04T20:48:08","modified_gmt":"2019-02-04T19:48:08","slug":"komunikat-biura-prasowego-nszz-policjantow-w-sprawie-podwyzek","status":"publish","type":"post","link":"http:\/\/nszzp.wroclaw.pl\/index.php\/2019\/02\/04\/komunikat-biura-prasowego-nszz-policjantow-w-sprawie-podwyzek\/","title":{"rendered":"Komunikat Biura Prasowego NSZZ Policjant\u00f3w w sprawie podwy\u017cek."},"content":{"rendered":"<h4 class=\"entry-title\">Komunikat Biura Prasowego NSZZ Policjant\u00f3w w\u00a0sprawie podwy\u017cek.<\/h4>\n<p><img loading=\"lazy\" decoding=\"async\" class=\"blazy aligncenter size-full wp-image-57217\" src=\"http:\/\/nszzp.wroclaw.pl\/wp-content\/themes\/newsmag-pro\/assets\/images\/picture_placeholder_list.jpg\" data-src=\"http:\/\/nszzp.wroclaw.pl\/wp-content\/uploads\/2019\/02\/KGP_dpn.jpg\" alt=\"\" width=\"730\" height=\"426\" \/><noscript><img loading=\"lazy\" decoding=\"async\" class=\"aligncenter size-full wp-image-57217\" src=\"http:\/\/nszzp.wroclaw.pl\/wp-content\/uploads\/2019\/02\/KGP_dpn.jpg\" alt=\"\" width=\"730\" height=\"426\" \/><\/noscript><\/p>\n<div class=\"col-lg-8 col-md-8 col-sm-12 col-xs-12 prawa\">\n<article id=\"post-15107\" class=\"post-15107 post type-post status-publish format-standard hentry category-aktualnosci category-komunikaty category-najwazniejsze-wiadomosci category-wiadomosci-fzssm tag-1314 tag-komunikat tag-nszzp tag-podwyzki\">\n<div class=\"entry-content\">\n<p>Poni\u017cej publikujemy aktualny Komunikat Biura Prasowego NSZZ Policjant\u00f3w na\u00a0temat bie\u017c\u0105cych ustale\u0144 p\u0142acowych:<\/p>\n<p>*****<\/p>\n<p>Po\u00a0podpisaniu i\u00a0opublikowaniu w\u00a0Dzienniku Ustaw rozporz\u0105dze\u0144 \u201ep\u0142acowych\u201d policjanci czekaj\u0105 a\u017c got\u00f3wka wp\u0142ynie na\u00a0ich konta.<\/p>\n<p>Nadal trwaj\u0105 rozmowy pomi\u0119dzy NSZZ Policjant\u00f3w a\u00a0stron\u0105 s\u0142u\u017cbow\u0105 w\u00a0temacie podwy\u017cki p\u0142ac dla\u00a0funkcjonariuszy przeniesionych na\u00a0ni\u017csze stanowisko z\u00a0zachowaniem grupy uposa\u017cenia.<br \/>\nW\u00a0tej sprawie trwaj\u0105 rozmowy z\u00a0Dyrektorem Biura Kadr. W\u00a0ubieg\u0142ym tygodniu Przewodnicz\u0105cy Zarz\u0105du G\u0142\u00f3wnego rozmawia\u0142 na\u00a0ten temat r\u00f3wnie\u017c z\u00a0Komendantem G\u0142\u00f3wnym Policji.<\/p>\n<p>Chodzi o\u00a0wypracowanie jak najlepszego rozwi\u0105zania dla\u00a0tej grupy os\u00f3b.<\/p>\n<p><strong>Biuro Prasowe NSZZ Policjant\u00f3w<\/strong><\/p>\n<\/div>\n<div class=\"zalacznikiBox clearfix\">\n<p>S\u0142u\u017cby mundurowe podleg\u0142e MSWiA otrzymaj\u0105 wywalczone podwy\u017cki. Rozporz\u0105dzenia w\u00a0sprawie wielokrotno\u015bci kwoty bazowej w\u00a0Policji, Pa\u0144stwowej Stra\u017cy Po\u017carnej, Stra\u017cy Granicznej i\u00a0S\u0142u\u017cbie Ochrony Pa\u0144stwa, premier podpisa\u0142 28 stycznia.<\/p>\n<p>Projekt rozporz\u0105dzenia\u00a0okre\u015blaj\u0105cego przeci\u0119tne uposa\u017cenie funkcjonariuszy Policji, Pa\u0144stwowej Stra\u017cy Po\u017carnej, Stra\u017cy Granicznej i\u00a0S\u0142u\u017cbie Ochrony Pa\u0144stwa, w\u00a0Dzienniku Ustaw opublikowano 31 stycznia. Zamie\u015bcili\u015bmy ten projekt naszej stronie.<\/p>\n<p>Po\u00a0zako\u0144czeniu procesu konsultacji, 28 stycznia 2019\u2032 zosta\u0142y podpisane przez\u00a0premiera Mateusza Morawieckiego i\u00a0opublikowane w\u00a0Dzienniku Ustaw z\u00a0dnia 31 stycznia.<\/p>\n<p>Zgodnie z\u00a0zawartym porozumieniem, kt\u00f3re zako\u0144czy\u0142o protest s\u0142u\u017cb podleg\u0142ych MSWiA, podwy\u017cki powinny wynie\u015b\u0107 \u015brednio 655 z\u0142otych brutto na\u00a0ka\u017cdy etat. MSWiA zdecydowa\u0142o si\u0119 na\u00a0przygotowanie rozporz\u0105dze\u0144, kt\u00f3re zmieniaj\u0105 wielokrotno\u015b\u0107 kwoty bazowej (ta nie zmienia si\u0119 od 2009 roku i\u00a0wynosi 1523,29 z\u0142), stanowi\u0105cej przeci\u0119tne uposa\u017cenie funkcjonariuszy. Mno\u017cniki okre\u015blaj\u0105ce stawki uposa\u017cenia zasadniczego funkcjonariuszy wzrosn\u0105 o\u00a00,43.<\/p>\n<p>Najmniejszy mno\u017cnik, tak jak dotychczas, otrzymaj\u0105 stra\u017cacy. Wielokrotno\u015b\u0107 kwoty bazowej w\u00a0PSP wzros\u0142a do\u00a0poziomu 3,65, dzi\u0119ki czemu przeci\u0119tne miesi\u0119czne uposa\u017cenie w\u00a0PSP wynosi teraz 5 560 z\u0142otych brutto. Mno\u017cnik na\u00a0poziomie 3,71 b\u0119d\u0105 dostali stra\u017cnicy graniczni i\u00a0policjanci, co da przeci\u0119tne miesi\u0119czne uposa\u017cenie w\u00a0wysoko\u015bci 5 651 z\u0142otych. Najwy\u017cszy, bo\u00a0wynosz\u0105cy a\u017c 4,42 mno\u017cnik, wyst\u0119puje w\u00a0S\u0142u\u017cbie Ochrony Pa\u0144stwa. Po\u00a0styczniowych podwy\u017ckach, przeci\u0119tne uposa\u017cenie SOP-owca b\u0119dzie wynosi\u0142o 6 733 z\u0142ote.<\/p>\n<p>Wi\u0119ksze mno\u017cniki prze\u0142o\u017c\u0105 si\u0119 na\u00a0zwi\u0119kszenie wynagrodze\u0144 o\u00a0520 z\u0142otych brutto. Ponadto, jak podkre\u015bla resort spraw wewn\u0119trznych, \u201ewraz ze wzrostem stawek uposa\u017cenia zasadniczego nast\u0105pi jego wzrost w\u00a0zwi\u0105zku z\u00a0indywidualn\u0105 wys\u0142ug\u0105 lat \u015brednio o\u00a084 z\u0142\u201d. Brakuj\u0105ce 51 z\u0142otych to kwota zwi\u0105zana z\u00a0nagrod\u0105 roczn\u0105, czyli\u00a0tzw. trzynastk\u0105. \u0141\u0105cznie, kwoty te daj\u0105 wynegocjowane przez\u00a0funkcjonariuszy 655 z\u0142otych.<\/p>\n<p>Ustalona w\u00a0rozporz\u0105dzeniach wielokrotno\u015b\u0107 kwoty bazowej, odnosi si\u0119 do\u00a0przeci\u0119tnego miesi\u0119cznego uposa\u017cenia funkcjonariuszy, a\u00a0nie indywidualnych pensji, kt\u00f3re ustalane s\u0105 na\u00a0podstawie rozporz\u0105dze\u0144 Ministra Spraw Wewn\u0119trznych i\u00a0Administracji w\u00a0sprawie stawek uposa\u017cenia zasadniczego funkcjonariuszy ka\u017cdej z\u00a0formacji.<\/p>\n<\/div>\n<\/article>\n<\/div>\n<div class=\"col-lg-4 col-md-4 col-sm-12 col-xs-12 lewa\">\n<div id=\"blokAktualnosciPrawne\" class=\"blokLewejBelki hidden-xs hidden-sm\">\n<div class=\"row\">\n<div class=\"col-lg-12 col-md-12 col-sm-12 col-xs-12\">\n<h4><em><a href=\"http:\/\/dziennikustaw.gov.pl\/du\/2019\/186\/D2019000018601.pdf\" target=\"_blank\" rel=\"noopener noreferrer\"><span id=\"dnn_ctr491_ViewAct_lblTitle\">Rozporz\u0105dzenie Rady Ministr\u00f3w z dnia 28 stycznia 2019 r. w sprawie wielokrotno\u015bci kwoty bazowej, stanowi\u0105cej przeci\u0119tne uposa\u017cenie policjant\u00f3w &#8211; zobacz<\/span><\/a><\/em><\/h4>\n<\/div>\n<p>za: nszzp.pl<\/p>\n<\/div>\n<\/div>\n<\/div>\n","protected":false},"excerpt":{"rendered":"<p>Komunikat Biura Prasowego NSZZ Policjant\u00f3w w\u00a0sprawie podwy\u017cek. Poni\u017cej publikujemy aktualny Komunikat Biura Prasowego NSZZ Policjant\u00f3w na\u00a0temat bie\u017c\u0105cych ustale\u0144 p\u0142acowych: ***** Po\u00a0podpisaniu i\u00a0opublikowaniu w\u00a0Dzienniku Ustaw rozporz\u0105dze\u0144 \u201ep\u0142acowych\u201d policjanci czekaj\u0105 a\u017c got\u00f3wka wp\u0142ynie na\u00a0ich konta. Nadal trwaj\u0105 rozmowy pomi\u0119dzy NSZZ Policjant\u00f3w a\u00a0stron\u0105 s\u0142u\u017cbow\u0105 w\u00a0temacie podwy\u017cki p\u0142ac dla\u00a0funkcjonariuszy przeniesionych na\u00a0ni\u017csze stanowisko z\u00a0zachowaniem grupy uposa\u017cenia. W\u00a0tej sprawie trwaj\u0105 rozmowy [&hellip;]<\/p>\n","protected":false},"author":2,"featured_media":57217,"comment_status":"closed","ping_status":"closed","sticky":false,"template":"","format":"standard","meta":{"footnotes":""},"categories":[28,1,446,6],"tags":[],"class_list":["post-57216","post","type-post","status-publish","format-standard","has-post-thumbnail","hentry","category-baner","category-bez-kategorii","category-przeglad","category-kolumna-1"],"_links":{"self":[{"href":"http:\/\/nszzp.wroclaw.pl\/index.php\/wp-json\/wp\/v2\/posts\/57216","targetHints":{"allow":["GET"]}}],"collection":[{"href":"http:\/\/nszzp.wroclaw.pl\/index.php\/wp-json\/wp\/v2\/posts"}],"about":[{"href":"http:\/\/nszzp.wroclaw.pl\/index.php\/wp-json\/wp\/v2\/types\/post"}],"author":[{"embeddable":true,"href":"http:\/\/nszzp.wroclaw.pl\/index.php\/wp-json\/wp\/v2\/users\/2"}],"replies":[{"embeddable":true,"href":"http:\/\/nszzp.wroclaw.pl\/index.php\/wp-json\/wp\/v2\/comments?post=57216"}],"version-history":[{"count":2,"href":"http:\/\/nszzp.wroclaw.pl\/index.php\/wp-json\/wp\/v2\/posts\/57216\/revisions"}],"predecessor-version":[{"id":57219,"href":"http:\/\/nszzp.wroclaw.pl\/index.php\/wp-json\/wp\/v2\/posts\/57216\/revisions\/57219"}],"wp:featuredmedia":[{"embeddable":true,"href":"http:\/\/nszzp.wroclaw.pl\/index.php\/wp-json\/wp\/v2\/media\/57217"}],"wp:attachment":[{"href":"http:\/\/nszzp.wroclaw.pl\/index.php\/wp-json\/wp\/v2\/media?parent=57216"}],"wp:term":[{"taxonomy":"category","embeddable":true,"href":"http:\/\/nszzp.wroclaw.pl\/index.php\/wp-json\/wp\/v2\/categories?post=57216"},{"taxonomy":"post_tag","embeddable":true,"href":"http:\/\/nszzp.wroclaw.pl\/index.php\/wp-json\/wp\/v2\/tags?post=57216"}],"curies":[{"name":"wp","href":"https:\/\/api.w.org\/{rel}","templated":true}]}}