{"id":57304,"date":"2019-02-05T10:34:20","date_gmt":"2019-02-05T09:34:20","guid":{"rendered":"http:\/\/nszzp.wroclaw.pl\/?p=57304"},"modified":"2019-02-05T10:34:20","modified_gmt":"2019-02-05T09:34:20","slug":"rafal-jankowski-w-programie-panstwo-w-panstwie-odcinek-specjalny-zamach-na-prezydenta-adamowicza","status":"publish","type":"post","link":"http:\/\/nszzp.wroclaw.pl\/index.php\/2019\/02\/05\/rafal-jankowski-w-programie-panstwo-w-panstwie-odcinek-specjalny-zamach-na-prezydenta-adamowicza\/","title":{"rendered":"Rafa\u0142 Jankowski w programie \u201ePa\u0144stwo w Pa\u0144stwie\u201d. Odcinek specjalny \u2013 zamach na prezydenta Adamowicza"},"content":{"rendered":"<h4 class=\"entry-title\">Rafa\u0142 Jankowski w\u00a0programie \u201ePa\u0144stwo w\u00a0Pa\u0144stwie\u201d.<\/h4>\n<p><img loading=\"lazy\" decoding=\"async\" class=\"blazy aligncenter size-full wp-image-57305\" src=\"http:\/\/nszzp.wroclaw.pl\/wp-content\/themes\/newsmag-pro\/assets\/images\/picture_placeholder_list.jpg\" data-src=\"http:\/\/nszzp.wroclaw.pl\/wp-content\/uploads\/2019\/02\/JANKES_PP_6_dpn.jpg\" alt=\"\" width=\"730\" height=\"426\" \/><noscript><img loading=\"lazy\" decoding=\"async\" class=\"aligncenter size-full wp-image-57305\" src=\"http:\/\/nszzp.wroclaw.pl\/wp-content\/uploads\/2019\/02\/JANKES_PP_6_dpn.jpg\" alt=\"\" width=\"730\" height=\"426\" \/><\/noscript><\/p>\n<div class=\"entry-content\">\n<p>Od wczoraj dost\u0119pne jest na\u00a0stronie POLSAT nagranie programu Przemys\u0142awa Talkowskiego \u201ePa\u0144stwo w\u00a0Pa\u0144stwie\u201d wyemitowanego na\u00a0\u017cywo w\u00a0niedziel\u0119 27 stycznia 2019\u2032. W\u00a0programie wzi\u0105\u0142 udzia\u0142 mi\u0119dzy innymi przewodnicz\u0105cy Zarz\u0105du G\u0142\u00f3wnego NSZZ Policjant\u00f3w Rafa\u0142 Jankowski.<\/p>\n<p>Program \u201ePa\u0144stwo w\u00a0Pa\u0144stwie\u201d jest nadawany co tydzie\u0144 na\u00a0\u017cywo w\u00a0telewizji Polsat i\u00a0Polsat News o\u00a0godzinie 19:30. W\u00a0programie zadawane jest pytanie \u201eCzy mo\u017cna by\u0142oby unikn\u0105\u0107 tragedii, gdyby pa\u0144stwo zadzia\u0142a\u0142o prawid\u0142owo?\u201d.<\/p>\n<p><img loading=\"lazy\" decoding=\"async\" class=\"blazy size-medium wp-image-15137 alignleft\" src=\"http:\/\/nszzp.wroclaw.pl\/wp-content\/themes\/newsmag-pro\/assets\/images\/picture_placeholder_list.jpg\" data-src=\"http:\/\/nszzp.pl\/wp-content\/uploads\/2019\/02\/jankes_pp1-290x193.jpg\" sizes=\"auto, (max-width: 290px) 85vw, 290px\" srcset=\"http:\/\/nszzp.pl\/wp-content\/uploads\/2019\/02\/jankes_pp1-290x193.jpg 290w, http:\/\/nszzp.pl\/wp-content\/uploads\/2019\/02\/jankes_pp1-641x426.jpg 641w, http:\/\/nszzp.pl\/wp-content\/uploads\/2019\/02\/jankes_pp1.jpg 674w\" alt=\"\" width=\"290\" height=\"193\" \/><noscript><img loading=\"lazy\" decoding=\"async\" class=\"size-medium wp-image-15137 alignleft\" src=\"http:\/\/nszzp.pl\/wp-content\/uploads\/2019\/02\/jankes_pp1-290x193.jpg\" sizes=\"auto, (max-width: 290px) 85vw, 290px\" srcset=\"http:\/\/nszzp.pl\/wp-content\/uploads\/2019\/02\/jankes_pp1-290x193.jpg 290w, http:\/\/nszzp.pl\/wp-content\/uploads\/2019\/02\/jankes_pp1-641x426.jpg 641w, http:\/\/nszzp.pl\/wp-content\/uploads\/2019\/02\/jankes_pp1.jpg 674w\" alt=\"\" width=\"290\" height=\"193\" \/><\/noscript>W\u00a0programie opr\u00f3cz Rafa\u0142a Jankowskiego udzia\u0142 wzi\u0119li: by\u0142y minister spraw wewn\u0119trznych Ryszard Kalisz oraz\u00a0Dariusz Loranty, by\u0142y policjant \u015bledczy. Nieco p\u00f3\u017aniej do\u00a0programu dotar\u0142 prof.\u00a0Brunon Ho\u0142yst, kryminolog.<\/p>\n<p>Pa\u0144stwo w\u00a0pa\u0144stwie \u2013 Odcinek specjalny \u2013 zamach na\u00a0prezydenta Adamowicza<br \/>\n27 stycznia 2019. \u015amier\u0107 prezydenta Gda\u0144ska, Paw\u0142a Adamowicza wstrz\u0105sn\u0119\u0142a ca\u0142\u0105 Polsk\u0105.<\/p>\n<p>Program do\u00a0obejrzenia \u2013<a href=\"http:\/\/www.polsatnews.pl\/wideo-program\/panstwo-w-panstwie-odcinek-specjalny-zamach-na-prezydenta-adamowicza_6735230\/\" target=\"_blank\" rel=\"noopener noreferrer\"> <strong>Tutaj<\/strong><\/a><\/p>\n<\/div>\n<div class=\"zroodloBox\"><span class=\"zrodlo\">\u017ar\u00f3d\u0142o:<\/span> <a title=\"http:\/\/www.polsatnews.pl\/wideo-program\/panstwo-w-panstwie-odcinek-specjalny-zamach-na-prezydenta-adamowicza_6735230\/\" href=\"http:\/\/www.polsatnews.pl\/wideo-program\/panstwo-w-panstwie-odcinek-specjalny-zamach-na-prezydenta-adamowicza_6735230\/\" target=\"_blank\" rel=\"noopener noreferrer\">http:\/\/www.polsatnews.pl\/wideo-program\/panstwo-w-panstwie-odcinek-specjalny-zamach-na-prezydenta-adamowicza_6735230\/<\/a> <span class=\"date\">2019.02.05<\/span><\/div>\n","protected":false},"excerpt":{"rendered":"<p>Rafa\u0142 Jankowski w\u00a0programie \u201ePa\u0144stwo w\u00a0Pa\u0144stwie\u201d. Od wczoraj dost\u0119pne jest na\u00a0stronie POLSAT nagranie programu Przemys\u0142awa Talkowskiego \u201ePa\u0144stwo w\u00a0Pa\u0144stwie\u201d wyemitowanego na\u00a0\u017cywo w\u00a0niedziel\u0119 27 stycznia 2019\u2032. W\u00a0programie wzi\u0105\u0142 udzia\u0142 mi\u0119dzy innymi przewodnicz\u0105cy Zarz\u0105du G\u0142\u00f3wnego NSZZ Policjant\u00f3w Rafa\u0142 Jankowski. Program \u201ePa\u0144stwo w\u00a0Pa\u0144stwie\u201d jest nadawany co tydzie\u0144 na\u00a0\u017cywo w\u00a0telewizji Polsat i\u00a0Polsat News o\u00a0godzinie 19:30. W\u00a0programie zadawane jest pytanie \u201eCzy mo\u017cna [&hellip;]<\/p>\n","protected":false},"author":2,"featured_media":57305,"comment_status":"closed","ping_status":"closed","sticky":false,"template":"","format":"standard","meta":{"footnotes":""},"categories":[8,28,1,446],"tags":[],"class_list":["post-57304","post","type-post","status-publish","format-standard","has-post-thumbnail","hentry","category-kolumna-3","category-baner","category-bez-kategorii","category-przeglad"],"_links":{"self":[{"href":"http:\/\/nszzp.wroclaw.pl\/index.php\/wp-json\/wp\/v2\/posts\/57304","targetHints":{"allow":["GET"]}}],"collection":[{"href":"http:\/\/nszzp.wroclaw.pl\/index.php\/wp-json\/wp\/v2\/posts"}],"about":[{"href":"http:\/\/nszzp.wroclaw.pl\/index.php\/wp-json\/wp\/v2\/types\/post"}],"author":[{"embeddable":true,"href":"http:\/\/nszzp.wroclaw.pl\/index.php\/wp-json\/wp\/v2\/users\/2"}],"replies":[{"embeddable":true,"href":"http:\/\/nszzp.wroclaw.pl\/index.php\/wp-json\/wp\/v2\/comments?post=57304"}],"version-history":[{"count":1,"href":"http:\/\/nszzp.wroclaw.pl\/index.php\/wp-json\/wp\/v2\/posts\/57304\/revisions"}],"predecessor-version":[{"id":57306,"href":"http:\/\/nszzp.wroclaw.pl\/index.php\/wp-json\/wp\/v2\/posts\/57304\/revisions\/57306"}],"wp:featuredmedia":[{"embeddable":true,"href":"http:\/\/nszzp.wroclaw.pl\/index.php\/wp-json\/wp\/v2\/media\/57305"}],"wp:attachment":[{"href":"http:\/\/nszzp.wroclaw.pl\/index.php\/wp-json\/wp\/v2\/media?parent=57304"}],"wp:term":[{"taxonomy":"category","embeddable":true,"href":"http:\/\/nszzp.wroclaw.pl\/index.php\/wp-json\/wp\/v2\/categories?post=57304"},{"taxonomy":"post_tag","embeddable":true,"href":"http:\/\/nszzp.wroclaw.pl\/index.php\/wp-json\/wp\/v2\/tags?post=57304"}],"curies":[{"name":"wp","href":"https:\/\/api.w.org\/{rel}","templated":true}]}}