{"id":59632,"date":"2019-02-18T10:34:35","date_gmt":"2019-02-18T09:34:35","guid":{"rendered":"http:\/\/nszzp.wroclaw.pl\/?p=59632"},"modified":"2019-02-18T10:47:11","modified_gmt":"2019-02-18T09:47:11","slug":"zakonczyl-sie-x-miedzynarodowy-turniej-sluzb-mundurowych-w-pilce-halowej-im-podkom-andrzeja-struja","status":"publish","type":"post","link":"http:\/\/nszzp.wroclaw.pl\/index.php\/2019\/02\/18\/zakonczyl-sie-x-miedzynarodowy-turniej-sluzb-mundurowych-w-pilce-halowej-im-podkom-andrzeja-struja\/","title":{"rendered":"Zako\u0144czy\u0142 si\u0119 X Mi\u0119dzynarodowy Turniej S\u0142u\u017cb Mundurowych w pi\u0142ce halowej im. podkom. Andrzeja Struja"},"content":{"rendered":"<h5 class=\"entry-title\">Zako\u0144czy\u0142 si\u0119 X Mi\u0119dzynarodowy Turniej S\u0142u\u017cb Mundurowych w\u00a0pi\u0142ce halowej im. podkom. Andrzeja Struja<\/h5>\n<p><img loading=\"lazy\" decoding=\"async\" class=\"blazy aligncenter size-full wp-image-59633\" src=\"http:\/\/nszzp.wroclaw.pl\/wp-content\/themes\/newsmag-pro\/assets\/images\/picture_placeholder_list.jpg\" data-src=\"http:\/\/nszzp.wroclaw.pl\/wp-content\/uploads\/2019\/02\/A_Struj_I_Mce_2019_dpn.jpg\" alt=\"\" width=\"730\" height=\"426\" \/><noscript><img loading=\"lazy\" decoding=\"async\" class=\"aligncenter size-full wp-image-59633\" src=\"http:\/\/nszzp.wroclaw.pl\/wp-content\/uploads\/2019\/02\/A_Struj_I_Mce_2019_dpn.jpg\" alt=\"\" width=\"730\" height=\"426\" \/><\/noscript><\/p>\n<div class=\"entry-content\">\n<p>Zako\u0144czy\u0142 si\u0119 X Mi\u0119dzynarodowy Turniej S\u0142u\u017cb Mundurowych w\u00a0pi\u0142ce halowej im. podkom. Andrzeja Struja. Turniej honorowym patronatem obj\u0119li: Minister Spraw Wewn\u0119trznych i\u00a0Administracji, Minister Sportu i\u00a0Turystyki, Prezes Polskiego Komitetu Olimpijskiego, Prezes Polskiego Zwi\u0105zku Pi\u0142ki No\u017cnej oraz\u00a0Zarz\u0105d G\u0142\u00f3wny NSZZ Policjant\u00f3w.<\/p>\n<p>Patronat medialny nad\u00a0Turniejem sprawuje\u00a0 magazyn \u201ePolicja 997\u201d oraz\u00a0TVP Sport.<\/p>\n<p>W\u00a0tym roku o\u00a0puchar Komendanta G\u0142\u00f3wnego Policji przez\u00a03 dni, na\u00a010 halach sportowych walczy\u0142o <strong>ponad 100 dru\u017cyn z\u00a0kilkunastu kraj\u00f3w<\/strong>. <strong>W\u015br\u00f3d pa\u0144 najlepsza okaza\u0142a si\u0119 ponownie reprezentacja polskiej Policji.<\/strong> Z\u00a0kolei po\u00a0najwy\u017csze trofeum w\u015br\u00f3d pan\u00f3w w\u00a0<strong>kategorii open si\u0119gn\u0119\u0142a dru\u017cyna Dinamo Mai z\u00a0Mo\u0142dawii,<\/strong> <strong>a\u00a0w nowej kategorii 35 + reprezentanci IPA ze Lwowa.<\/strong><\/p>\n<p>W\u00a0imieniu Komendanta G\u0142\u00f3wnego Policji gen. insp. Jaros\u0142awa Szymczyka puchary, statuetki oraz\u00a0nagrody wr\u0119czy\u0142 Komendant Sto\u0142eczny Policji nadinsp. Pawe\u0142 Dobrodziej oraz\u00a0Dyrektor Gabinetu KGP insp. S\u0142awomir Litwin.<\/p>\n<p>Pe\u0142ne wyniki turnieju <a href=\"http:\/\/www.policja.pl\/pol\/aktualnosci\/169662,X-Miedzynarodowy-Turniej-Sluzb-Mundurowych-w-pilce-halowej-im-podkom-Andrzeja-St.html\" target=\"_blank\" rel=\"noopener noreferrer\"><strong>tutaj<\/strong><\/a><\/p>\n<p>Przypominamy, \u017ce\u00a0 NSZZ Policjant\u00f3w od lat wspiera organizacj\u0119 Turnieju. Naszym specjalnym wys\u0142annikiem z\u00a0ramienia Zarz\u0105du G\u0142\u00f3wnego w\u00a0tym roku by\u0142 wiceprzewodnicz\u0105cy ZG Artur Garbacz (na fotce pierwszy z\u00a0prawej)<\/p>\n<p><img loading=\"lazy\" decoding=\"async\" class=\"blazy alignnone wp-image-15400\" src=\"http:\/\/nszzp.wroclaw.pl\/wp-content\/themes\/newsmag-pro\/assets\/images\/picture_placeholder_list.jpg\" data-src=\"http:\/\/nszzp.pl\/wp-content\/uploads\/2019\/02\/A_Struj_I_Mce_2019grupowe-330x150.jpg\" sizes=\"auto, (max-width: 381px) 85vw, 381px\" srcset=\"http:\/\/nszzp.pl\/wp-content\/uploads\/2019\/02\/A_Struj_I_Mce_2019grupowe-330x150.jpg 330w, http:\/\/nszzp.pl\/wp-content\/uploads\/2019\/02\/A_Struj_I_Mce_2019grupowe-768x349.jpg 768w, http:\/\/nszzp.pl\/wp-content\/uploads\/2019\/02\/A_Struj_I_Mce_2019grupowe-730x332.jpg 730w, http:\/\/nszzp.pl\/wp-content\/uploads\/2019\/02\/A_Struj_I_Mce_2019grupowe.jpg 897w\" alt=\"\" width=\"381\" height=\"173\" \/><noscript><img loading=\"lazy\" decoding=\"async\" class=\"alignnone wp-image-15400\" src=\"http:\/\/nszzp.pl\/wp-content\/uploads\/2019\/02\/A_Struj_I_Mce_2019grupowe-330x150.jpg\" sizes=\"auto, (max-width: 381px) 85vw, 381px\" srcset=\"http:\/\/nszzp.pl\/wp-content\/uploads\/2019\/02\/A_Struj_I_Mce_2019grupowe-330x150.jpg 330w, http:\/\/nszzp.pl\/wp-content\/uploads\/2019\/02\/A_Struj_I_Mce_2019grupowe-768x349.jpg 768w, http:\/\/nszzp.pl\/wp-content\/uploads\/2019\/02\/A_Struj_I_Mce_2019grupowe-730x332.jpg 730w, http:\/\/nszzp.pl\/wp-content\/uploads\/2019\/02\/A_Struj_I_Mce_2019grupowe.jpg 897w\" alt=\"\" width=\"381\" height=\"173\" \/><\/noscript><\/p>\n<\/div>\n<div class=\"zroodloBox\"><span class=\"zrodlo\">\u017ar\u00f3d\u0142o:<\/span> <a title=\"http:\/\/www.policja.pl\/pol\/aktualnosci\/169662,X-Miedzynarodowy-Turniej-Sluzb-Mundurowych-w-pilce-halowej-im-podkom-Andrzeja-St.html\" href=\"http:\/\/www.policja.pl\/pol\/aktualnosci\/169662,X-Miedzynarodowy-Turniej-Sluzb-Mundurowych-w-pilce-halowej-im-podkom-Andrzeja-St.html\" target=\"_blank\" rel=\"noopener noreferrer\">http:\/\/www.policja.pl\/pol\/aktualnosci\/169662,X-Miedzynarodowy-Turniej-Sluzb-Mundurowych-w-pilce-halowej-im-podkom-Andrzeja-St.html<\/a> <span class=\"date\">2019.02.17<\/span><\/div>\n","protected":false},"excerpt":{"rendered":"<p>Zako\u0144czy\u0142 si\u0119 X Mi\u0119dzynarodowy Turniej S\u0142u\u017cb Mundurowych w\u00a0pi\u0142ce halowej im. podkom. Andrzeja Struja Zako\u0144czy\u0142 si\u0119 X Mi\u0119dzynarodowy Turniej S\u0142u\u017cb Mundurowych w\u00a0pi\u0142ce halowej im. podkom. Andrzeja Struja. Turniej honorowym patronatem obj\u0119li: Minister Spraw Wewn\u0119trznych i\u00a0Administracji, Minister Sportu i\u00a0Turystyki, Prezes Polskiego Komitetu Olimpijskiego, Prezes Polskiego Zwi\u0105zku Pi\u0142ki No\u017cnej oraz\u00a0Zarz\u0105d G\u0142\u00f3wny NSZZ Policjant\u00f3w. Patronat medialny nad\u00a0Turniejem sprawuje\u00a0 magazyn [&hellip;]<\/p>\n","protected":false},"author":2,"featured_media":59633,"comment_status":"closed","ping_status":"closed","sticky":false,"template":"","format":"standard","meta":{"footnotes":""},"categories":[28,1,446,6],"tags":[],"class_list":["post-59632","post","type-post","status-publish","format-standard","has-post-thumbnail","hentry","category-baner","category-bez-kategorii","category-przeglad","category-kolumna-1"],"_links":{"self":[{"href":"http:\/\/nszzp.wroclaw.pl\/index.php\/wp-json\/wp\/v2\/posts\/59632","targetHints":{"allow":["GET"]}}],"collection":[{"href":"http:\/\/nszzp.wroclaw.pl\/index.php\/wp-json\/wp\/v2\/posts"}],"about":[{"href":"http:\/\/nszzp.wroclaw.pl\/index.php\/wp-json\/wp\/v2\/types\/post"}],"author":[{"embeddable":true,"href":"http:\/\/nszzp.wroclaw.pl\/index.php\/wp-json\/wp\/v2\/users\/2"}],"replies":[{"embeddable":true,"href":"http:\/\/nszzp.wroclaw.pl\/index.php\/wp-json\/wp\/v2\/comments?post=59632"}],"version-history":[{"count":1,"href":"http:\/\/nszzp.wroclaw.pl\/index.php\/wp-json\/wp\/v2\/posts\/59632\/revisions"}],"predecessor-version":[{"id":59634,"href":"http:\/\/nszzp.wroclaw.pl\/index.php\/wp-json\/wp\/v2\/posts\/59632\/revisions\/59634"}],"wp:featuredmedia":[{"embeddable":true,"href":"http:\/\/nszzp.wroclaw.pl\/index.php\/wp-json\/wp\/v2\/media\/59633"}],"wp:attachment":[{"href":"http:\/\/nszzp.wroclaw.pl\/index.php\/wp-json\/wp\/v2\/media?parent=59632"}],"wp:term":[{"taxonomy":"category","embeddable":true,"href":"http:\/\/nszzp.wroclaw.pl\/index.php\/wp-json\/wp\/v2\/categories?post=59632"},{"taxonomy":"post_tag","embeddable":true,"href":"http:\/\/nszzp.wroclaw.pl\/index.php\/wp-json\/wp\/v2\/tags?post=59632"}],"curies":[{"name":"wp","href":"https:\/\/api.w.org\/{rel}","templated":true}]}}