{"id":6296,"date":"2017-11-06T10:15:23","date_gmt":"2017-11-06T09:15:23","guid":{"rendered":"http:\/\/nszzp.wroclaw.pl\/?p=6296"},"modified":"2017-11-06T10:16:31","modified_gmt":"2017-11-06T09:16:31","slug":"dorwac-szarego-ujawniamy-jak-bsw-szukalo-na-niego-hakow","status":"publish","type":"post","link":"http:\/\/nszzp.wroclaw.pl\/index.php\/2017\/11\/06\/dorwac-szarego-ujawniamy-jak-bsw-szukalo-na-niego-hakow\/","title":{"rendered":"Dorwa\u0107 Szarego. Ujawniamy, jak BSW szuka\u0142o na niego hak\u00f3w"},"content":{"rendered":"<h4 class=\"entry-title\">Dorwa\u0107 Szarego. Policyjny zwi\u0105zkowiec krytykowa\u0142 ministra. Ujawniamy, jak BSW szuka\u0142o na\u00a0niego hak\u00f3w<\/h4>\n<p>&nbsp;<\/p>\n<p><img loading=\"lazy\" decoding=\"async\" class=\"blazy aligncenter size-full wp-image-6297\" src=\"http:\/\/nszzp.wroclaw.pl\/wp-content\/themes\/newsmag-pro\/assets\/images\/picture_placeholder_list.jpg\" data-src=\"http:\/\/nszzp.wroclaw.pl\/wp-content\/uploads\/2017\/11\/dorwac_szarego_dk.jpg\" alt=\"\" width=\"730\" height=\"350\" \/><noscript><img loading=\"lazy\" decoding=\"async\" class=\"aligncenter size-full wp-image-6297\" src=\"http:\/\/nszzp.wroclaw.pl\/wp-content\/uploads\/2017\/11\/dorwac_szarego_dk.jpg\" alt=\"\" width=\"730\" height=\"350\" srcset=\"http:\/\/nszzp.wroclaw.pl\/wp-content\/uploads\/2017\/11\/dorwac_szarego_dk.jpg 730w, http:\/\/nszzp.wroclaw.pl\/wp-content\/uploads\/2017\/11\/dorwac_szarego_dk-300x144.jpg 300w\" sizes=\"auto, (max-width: 730px) 100vw, 730px\" \/><\/noscript><\/p>\n<div class=\"entry-content\">\n<p>\u201eDorwa\u0107 Szarego\u201d. Szef MSWiA zaliczy\u0142 policyjnego zwi\u0105zkowca do\u00a0\u201etotalnej opozycji\u201d, a\u00a0policyjne Biuro Spraw Wewn\u0119trznych w\u0142a\u015bnie donios\u0142o na\u00a0niego do\u00a0prokuratury.<\/p>\n<p>W\u00a0sierpniu szef MSWiA Mariusz B\u0142aszczak zaliczy\u0142 podinspektora Andrzeja Szarego do\u00a0\u201etotalnej opozycji\u201d. Policyjne Biuro Spraw Wewn\u0119trznych w\u0142a\u015bnie donios\u0142o na\u00a0niego do\u00a0prokuratury<br \/>\nPodinspektor Andrzej Szary jest na\u00a0s\u0142u\u017cbie od 1982 roku. By\u0142 dow\u00f3dc\u0105 plutonu, oficerem dy\u017curnym i\u00a0zast\u0119pc\u0105 komendanta komisariatu. Od 18 lat jest szefem policyjnych zwi\u0105zkowc\u00f3w w\u00a0Wielkopolsce i\u00a0wiceszefem og\u00f3lnopolskich struktur NSZZ Policjant\u00f3w. Cz\u0119sto wypowiada si\u0119 w\u00a0mediach.<\/p>\n<p><strong>Andrzej Szary: Policja jest upolityczniona, komendanci zostali wymienieni<\/strong><\/p>\n<p>\u2013 W\u00a0Gda\u0144sku policjanci zatrzymali radn\u0105 PiS, a\u00a0szef MSWiA oskar\u017cy\u0142 ich, \u017ce\u00a0napadli na\u00a0kobiet\u0119. A\u00a0przecie\u017c to ona zaatakowa\u0142a kordon policji \u2013 m\u00f3wi\u0142 \u201eWyborczej\u201d w\u00a0sierpniu Szary. Skrytykowa\u0142 te\u017c wniosek ministra Ziobry o\u00a0wstrzymanie kary dla\u00a0kibola, kt\u00f3ry naruszy\u0142 nietykalno\u015b\u0107 policjanta.<br \/>\nZapowied\u017a degradowania policjant\u00f3w, kt\u00f3rzy zaczynali s\u0142u\u017cb\u0119 przed rokiem 1989, nazwa\u0142 polityczn\u0105 rozgrywk\u0105 i\u00a0z\u0142amaniem prawa. Suchej nitki nie zostawi\u0142 na\u00a0zmianach kadrowych pod\u00a0rz\u0105dami PiS: \u2013 Policja jest upolityczniona. Praktycznie wszyscy komendanci, pocz\u0105wszy od komisariat\u00f3w, a\u00a0ko\u0144cz\u0105c na\u00a0komendancie g\u0142\u00f3wnym, zostali wymienieni.<\/p>\n<p>Co na\u00a0to szef MSWiA Mariusz B\u0142aszczak? \u2013 Ten pan, moim zdaniem, pr\u00f3buje wpisa\u0107 si\u0119 w\u00a0dzia\u0142alno\u015b\u0107 totalnej opozycji, kt\u00f3ra m\u00f3wi\u0142a, \u017ce\u00a0b\u0119dzie zmienia\u0142a wynik wybor\u00f3w za\u00a0pomoc\u0105 ulicy i\u00a0zagranicy.<br \/>\nBiuro Spraw Wewn\u0119trznych szuka\u0142o dowod\u00f3w na\u00a0\u015blepo<\/p>\n<p><strong>Zwi\u0105zkowy etat daje Szaremu ochron\u0119 przed zwolnieniem z\u00a0pracy. Chyba \u017ce\u00a0z\u0142amie prawo.<\/strong><\/p>\n<p>Pierwsze informacje, \u017ce\u00a0m\u00f3g\u0142 znale\u017a\u0107 si\u0119 na\u00a0celowniku, dotar\u0142y do\u00a0zwi\u0105zkowc\u00f3w pod\u00a0koniec czerwca. Rafa\u0142 Jankowski, szef NSZZ Policjant\u00f3w, us\u0142ysza\u0142 od dyrektora departamentu MSWiA, \u017ce\u00a0Szary nie mo\u017ce przyj\u015b\u0107 na\u00a0spotkanie z\u00a0komendantem g\u0142\u00f3wnym policji i\u00a0wiceministrem Jaros\u0142awem Zieli\u0144skim \u201eze wzgl\u0119du na\u00a0przeszkody formalne niezwi\u0105zane z\u00a0dzia\u0142alno\u015bci\u0105 zwi\u0105zkow\u0105\u201d. Dopytywany dyrektor powiedzia\u0142, \u017ce\u00a0Szary m\u00f3g\u0142 z\u0142ama\u0107 prawo.<\/p>\n<p>Kilka dni temu \u201eSuper Express\u201d, powo\u0142uj\u0105c si\u0119 na\u00a0Biuro Spraw Wewn\u0119trznych, czyli\u00a0tzw. policj\u0119 w\u00a0policji, poda\u0142, \u017ce\u00a0zwi\u0105zkowiec m\u00f3g\u0142 defraudowa\u0107 pieni\u0105dze NSZZ Policjant\u00f3w, a\u00a0o sprawie powiadomiona zosta\u0142a prokuratura. \u2013 To pom\u00f3wienia \u2013 m\u00f3wi \u201eWyborczej\u201d podinspektor Szary i\u00a0zapowiada kroki prawne.<\/p>\n<p>Pretekstem mia\u0142 by\u0107 dla\u00a0BSW anonimowy donos. Z\u00a0naszych ustale\u0144 wynika, \u017ce\u00a0je\u015bli w\u00a0og\u00f3le istnia\u0142, to nie by\u0142 zbyt konkretny, bo\u00a0dowod\u00f3w na\u00a0pope\u0142nienie przest\u0119pstwa Biuro szuka\u0142o na\u00a0\u015blepo.<\/p>\n<p><strong>Biuro Spraw Wewn\u0119trznych sprawdza\u0142o rachunki z\u00a0hoteli<\/strong><\/p>\n<p>Pod\u00a0koniec sierpnia policjanci z\u00a0wroc\u0142awskiego BSW poprosili dyrekcj\u0119 hotelu pod\u00a0Poznaniem o\u00a0wgl\u0105d i\u00a0\u201eewentualne wykonanie kopii wszelkiej dokumentacji, w\u00a0tym rachunk\u00f3w, faktur, listy go\u015bci (\u2026)\u201d od lipca do\u00a0wrze\u015bnia 2016 r. Wielkopolscy zwi\u0105zkowcy organizuj\u0105 tam gal\u0119 dla\u00a0funkcjonariuszy, kt\u00f3rzy ratowali \u017cycie: wyci\u0105gali dzieci z\u00a0p\u0142on\u0105cych dom\u00f3w czy\u00a0prowadzili negocjacje z\u00a0samob\u00f3jcami.<\/p>\n<p>Gdy okaza\u0142o si\u0119, \u017ce\u00a0w czerwcu 2016 r. w\u00a0hotelu odby\u0142o si\u0119 wesele syna Andrzeja Szarego, ludzie z\u00a0BSW r\u0119cznie poprawili w\u00a0swoim pi\u015bmie \u201elipiec\u201d 2016 na\u00a0\u201eczerwiec\u201d.<\/p>\n<p>Kilkaset kilometr\u00f3w dalej naczelnik BSW w\u00a0Szczecinie poprosi\u0142 dyrekcj\u0119 nadmorskiego hotelu o\u00a0\u201edokumentacj\u0119 dotycz\u0105c\u0105 turnus\u00f3w profilaktycznych, antystresowych lub\u00a0innego rodzaju\u201d, organizowanych przez\u00a0zwi\u0105zkowc\u00f3w z\u00a0Wielkopolski.<\/p>\n<p>BSW nie mog\u0142o oficjalnie zabezpieczy\u0107 dokument\u00f3w, bo\u00a0prokuratura nie prowadzi\u0142a \u015bledztwa. Powo\u0142a\u0142o si\u0119 na\u00a0\u201eprowadzone czynno\u015bci s\u0142u\u017cbowe\u201d i\u00a0przepis ustawy o\u00a0policji, kt\u00f3ry pozwala zwraca\u0107 si\u0119 do\u00a0przedsi\u0119biorc\u00f3w i\u00a0organizacji spo\u0142ecznych o\u00a0niezb\u0119dn\u0105 pomoc.<br \/>\nOd policyjnych zwi\u0105zkowc\u00f3w BSW chcia\u0142o dosta\u0107 list\u0119 wydatk\u00f3w na\u00a0wyposa\u017cenie pomieszcze\u0144 s\u0142u\u017cbowych i\u00a0\u201ecele spo\u017cywcze\u201d. Komisja rewizyjna zwi\u0105zku, kt\u00f3ra regularnie bada wydatki i\u00a0do\u00a0tej pory nie dopatrywa\u0142a si\u0119 nieprawid\u0142owo\u015bci, poprosi\u0142a o\u00a0wskazanie podstawy prawnej.<\/p>\n<p>Naczelnik BSW z\u00a0Wroc\u0142awia zapewni\u0142, \u017ce\u00a0Biuro nie prowadzi \u201eczynno\u015bci kontrolnych\u201d wobec zwi\u0105zku. NSZZ Policjant\u00f3w nie wyda\u0142 dokument\u00f3w.<\/p>\n<p><strong>Kto zap\u0142aci\u0142 za\u00a0wesele syna i\u00a0samoch\u00f3d Andrzeja Szarego?<\/strong><\/p>\n<p><strong>Ustalili\u015bmy, co BSW przekaza\u0142o pozna\u0144skiej prokuraturze okr\u0119gowej.<\/strong><\/p>\n<p>* Z\u00a0kasy NSZZ Policjant\u00f3w Szary mia\u0142 kupi\u0107 za\u00a063,5 tys. z\u0142 opla astr\u0119. Zwi\u0105zkowcy pokazuj\u0105 nam umow\u0119 kupna z\u00a02011 r. i\u00a0dokument, z\u00a0kt\u00f3rego wynika, \u017ce\u00a0Szary wzi\u0105\u0142 na\u00a0samoch\u00f3d kredyt w\u00a0banku.<\/p>\n<p>* BSW twierdzi, \u017ce\u00a0za\u00a0pieni\u0105dze NSZZ P \u2013 21,2 tys. z\u0142, Szary wyprawi\u0142 synowi wesele. Zwi\u0105zkowcy zaprzeczaj\u0105, maj\u0105 rachunek z\u00a0hotelu pod\u00a0Poznaniem wystawiony na\u00a0Andrzeja Szarego.<\/p>\n<p>* BSW zarzuca Szaremu nepotyzm, bo\u00a0\u017cona policjanta jest specjalistk\u0105 w\u00a0zespole nadzoru pozna\u0144skiej komendy, a\u00a0syn starszym technikiem w\u00a0zespole wydatk\u00f3w. Andrzej Borowiak, rzecznik wielkopolskiej policji, m\u00f3wi, \u017ce\u00a0syn Szarego przeszed\u0142 procedur\u0119 przed komisj\u0105 kwalifikacyjn\u0105, a\u00a0\u017cona jest cywilnym pracownikiem policji od 25 lat.<br \/>\n* W\u00a0ci\u0105gu trzech lat \u017cona kilka razy dostawa\u0142a zapomogi, w\u00a0sumie ok. 13 tys. z\u0142. Szefem przyznaj\u0105cej je komisji by\u0142 Andrzej Szary, ale\u00a0zwi\u0105zkowcy wyja\u015bniaj\u0105, \u017ce\u00a0zgodnie z\u00a0regulaminem wy\u0142\u0105cza\u0142 si\u0119 z\u00a0opiniowania wniosk\u00f3w \u017cony, a\u00a0suma wszystkich wyp\u0142aconych zapom\u00f3g w\u00a0ostatnich czterech latach to 2,4 mln z\u0142.<\/p>\n<p>* Jest jeszcze jeden zarzut \u2013 podinspektor Szary ma 211 dni zaleg\u0142ego urlopu. Na\u00a0czym mia\u0142oby polega\u0107 przest\u0119pstwo, nie wiadomo.<\/p>\n<p>Zwi\u0105zkowcy nie czuj\u0105 si\u0119 pokrzywdzeni przez\u00a0swojego koleg\u0119 i\u00a0twierdz\u0105, \u017ce\u00a0BSW dzia\u0142a\u0142o na\u00a0zlecenie polityczne. Kategorycznie zaprzecza temu rzecznik Komendy G\u0142\u00f3wnej Mariusz Ciarka.<\/p>\n<p>Prokuratura jeszcze nie zdecydowa\u0142a, czy\u00a0wszcz\u0105\u0107 \u015bledztwo.<\/p>\n<\/div>\n<div class=\"zroodloBox\"><span class=\"zrodlo\">\u017ar\u00f3d\u0142o:<\/span> <a title=\"http:\/\/poznan.wyborcza.pl\/poznan\/7,36001,22608140,dorwac-szarego-policyjny-zwiazkowiec-krytykowal-ministra.html\" href=\"http:\/\/poznan.wyborcza.pl\/poznan\/7,36001,22608140,dorwac-szarego-policyjny-zwiazkowiec-krytykowal-ministra.html\" target=\"_blank\" rel=\"noopener noreferrer\">http:\/\/poznan.wyborcza.pl\/poznan\/7,36001,22608140,dorwac-szarego-policyjny-zwiazkowiec-krytykowal-ministra.html<\/a> <span class=\"date\">6 listopada 2017<\/span><\/div>\n","protected":false},"excerpt":{"rendered":"<p>Dorwa\u0107 Szarego. Policyjny zwi\u0105zkowiec krytykowa\u0142 ministra. Ujawniamy, jak BSW szuka\u0142o na\u00a0niego hak\u00f3w &nbsp; \u201eDorwa\u0107 Szarego\u201d. Szef MSWiA zaliczy\u0142 policyjnego zwi\u0105zkowca do\u00a0\u201etotalnej opozycji\u201d, a\u00a0policyjne Biuro Spraw Wewn\u0119trznych w\u0142a\u015bnie donios\u0142o na\u00a0niego do\u00a0prokuratury. W\u00a0sierpniu szef MSWiA Mariusz B\u0142aszczak zaliczy\u0142 podinspektora Andrzeja Szarego do\u00a0\u201etotalnej opozycji\u201d. Policyjne Biuro Spraw Wewn\u0119trznych w\u0142a\u015bnie donios\u0142o na\u00a0niego do\u00a0prokuratury Podinspektor Andrzej Szary jest na\u00a0s\u0142u\u017cbie od [&hellip;]<\/p>\n","protected":false},"author":2,"featured_media":6299,"comment_status":"closed","ping_status":"closed","sticky":false,"template":"","format":"standard","meta":{"footnotes":""},"categories":[8,28,1],"tags":[],"class_list":["post-6296","post","type-post","status-publish","format-standard","has-post-thumbnail","hentry","category-kolumna-3","category-baner","category-bez-kategorii"],"_links":{"self":[{"href":"http:\/\/nszzp.wroclaw.pl\/index.php\/wp-json\/wp\/v2\/posts\/6296","targetHints":{"allow":["GET"]}}],"collection":[{"href":"http:\/\/nszzp.wroclaw.pl\/index.php\/wp-json\/wp\/v2\/posts"}],"about":[{"href":"http:\/\/nszzp.wroclaw.pl\/index.php\/wp-json\/wp\/v2\/types\/post"}],"author":[{"embeddable":true,"href":"http:\/\/nszzp.wroclaw.pl\/index.php\/wp-json\/wp\/v2\/users\/2"}],"replies":[{"embeddable":true,"href":"http:\/\/nszzp.wroclaw.pl\/index.php\/wp-json\/wp\/v2\/comments?post=6296"}],"version-history":[{"count":1,"href":"http:\/\/nszzp.wroclaw.pl\/index.php\/wp-json\/wp\/v2\/posts\/6296\/revisions"}],"predecessor-version":[{"id":6298,"href":"http:\/\/nszzp.wroclaw.pl\/index.php\/wp-json\/wp\/v2\/posts\/6296\/revisions\/6298"}],"wp:featuredmedia":[{"embeddable":true,"href":"http:\/\/nszzp.wroclaw.pl\/index.php\/wp-json\/wp\/v2\/media\/6299"}],"wp:attachment":[{"href":"http:\/\/nszzp.wroclaw.pl\/index.php\/wp-json\/wp\/v2\/media?parent=6296"}],"wp:term":[{"taxonomy":"category","embeddable":true,"href":"http:\/\/nszzp.wroclaw.pl\/index.php\/wp-json\/wp\/v2\/categories?post=6296"},{"taxonomy":"post_tag","embeddable":true,"href":"http:\/\/nszzp.wroclaw.pl\/index.php\/wp-json\/wp\/v2\/tags?post=6296"}],"curies":[{"name":"wp","href":"https:\/\/api.w.org\/{rel}","templated":true}]}}