{"id":6443,"date":"2017-11-22T12:28:22","date_gmt":"2017-11-22T11:28:22","guid":{"rendered":"http:\/\/nszzp.wroclaw.pl\/?p=6443"},"modified":"2017-11-22T12:28:22","modified_gmt":"2017-11-22T11:28:22","slug":"piotr-malon-przewodniczacy-nszz-policjantow-w-radiu-wroclaw","status":"publish","type":"post","link":"http:\/\/nszzp.wroclaw.pl\/index.php\/2017\/11\/22\/piotr-malon-przewodniczacy-nszz-policjantow-w-radiu-wroclaw\/","title":{"rendered":"Piotr Malon Przewodnicz\u0105cy NSZZ Policjant\u00f3w w Radiu Wroc\u0142aw"},"content":{"rendered":"<h4>Rozmowa Dnia: O doniesieniu policyjnych zwi\u0105zkowc\u00f3w<\/h4>\n<p>Policyjni zwi\u0105zkowcy z Wroc\u0142awia z\u0142o\u017cyli doniesienie do prokuratury na dziennikarza, kt\u00f3ry ujawni\u0142 okoliczno\u015bci zatrzymania i \u015bmierci Igora Stachowiaka na wroc\u0142awskim rynku. Ich zdaniem publikuj\u0105c nagrania, dziennikarze dokonali linczu na policjantach, a to wywo\u0142a\u0142o fal\u0119 hejtu.<\/p>\n<p>Tyle, \u017ce nawet w\u015br\u00f3d zwi\u0105zkowych policjant\u00f3w nie ma jednomy\u015blno\u015bci, czy korporacja powinna broni\u0107 policjant\u00f3w, kt\u00f3rych interwencja zako\u0144czy\u0142a si\u0119 \u015bmierci\u0105 23-latka. Go\u015bciem Rozmowy Dnia by\u0142 dzisiaj Piotr Malon, szef zwi\u0105zku NSZZ Policjant\u00f3w na Dolnym \u015al\u0105sku.<\/p>\n<h4>\u00a0\u017ar\u00f3d\u0142o: <strong><span style=\"color: #0000ff;\"><a style=\"color: #0000ff;\" href=\"http:\/\/www.radiowroclaw.pl\/articles\/view\/72600\/Rozmowa-Dnia-O-doniesieniu-policyjnych-zwiazkowcow-POSLUCHAJ\" target=\"_blank\" rel=\"noopener noreferrer\">Pos\u0142uchaj Tutaj<\/a><\/span><\/strong><\/h4>\n<p><a href=\"http:\/\/nszzp.wroclaw.pl\/index.php\/2017\/11\/22\/piotr-malon-przewodniczacy-nszz-policjantow-w-radiu-wroclaw\/cmz6a4zzzt\/\" rel=\"attachment wp-att-6444\"><img loading=\"lazy\" decoding=\"async\" class=\"blazy aligncenter size-full wp-image-6444\" src=\"http:\/\/nszzp.wroclaw.pl\/wp-content\/themes\/newsmag-pro\/assets\/images\/picture_placeholder_list.jpg\" data-src=\"http:\/\/nszzp.wroclaw.pl\/wp-content\/uploads\/2017\/11\/CmZ6a4ZZzt.jpg\" alt=\"\" width=\"800\" height=\"600\" \/><noscript><img loading=\"lazy\" decoding=\"async\" class=\"aligncenter size-full wp-image-6444\" src=\"http:\/\/nszzp.wroclaw.pl\/wp-content\/uploads\/2017\/11\/CmZ6a4ZZzt.jpg\" alt=\"\" width=\"800\" height=\"600\" srcset=\"http:\/\/nszzp.wroclaw.pl\/wp-content\/uploads\/2017\/11\/CmZ6a4ZZzt.jpg 800w, http:\/\/nszzp.wroclaw.pl\/wp-content\/uploads\/2017\/11\/CmZ6a4ZZzt-300x225.jpg 300w, http:\/\/nszzp.wroclaw.pl\/wp-content\/uploads\/2017\/11\/CmZ6a4ZZzt-768x576.jpg 768w, http:\/\/nszzp.wroclaw.pl\/wp-content\/uploads\/2017\/11\/CmZ6a4ZZzt-360x270.jpg 360w\" sizes=\"auto, (max-width: 800px) 100vw, 800px\" \/><\/noscript><\/a><\/p>\n<p>\u017ar\u00f3d\u0142o: <a href=\"http:\/\/www.radiowroclaw.pl\/articles\/view\/72600\/Rozmowa-Dnia-O-doniesieniu-policyjnych-zwiazkowcow-POSLUCHAJ\" target=\"_blank\" rel=\"noopener noreferrer\">http:\/\/www.radiowroclaw.pl\/articles\/view\/72600\/Rozmowa-Dnia-O-doniesieniu-policyjnych-zwiazkowcow-POSLUCHAJ<\/a><\/p>\n","protected":false},"excerpt":{"rendered":"<p>Rozmowa Dnia: O doniesieniu policyjnych zwi\u0105zkowc\u00f3w Policyjni zwi\u0105zkowcy z Wroc\u0142awia z\u0142o\u017cyli doniesienie do prokuratury na dziennikarza, kt\u00f3ry ujawni\u0142 okoliczno\u015bci zatrzymania i \u015bmierci Igora Stachowiaka na wroc\u0142awskim rynku. Ich zdaniem publikuj\u0105c nagrania, dziennikarze dokonali linczu na policjantach, a to wywo\u0142a\u0142o fal\u0119 hejtu. Tyle, \u017ce nawet w\u015br\u00f3d zwi\u0105zkowych policjant\u00f3w nie ma jednomy\u015blno\u015bci, czy korporacja powinna broni\u0107 policjant\u00f3w, [&hellip;]<\/p>\n","protected":false},"author":2,"featured_media":6445,"comment_status":"closed","ping_status":"closed","sticky":false,"template":"","format":"standard","meta":{"footnotes":""},"categories":[8,28,1],"tags":[],"class_list":["post-6443","post","type-post","status-publish","format-standard","has-post-thumbnail","hentry","category-kolumna-3","category-baner","category-bez-kategorii"],"_links":{"self":[{"href":"http:\/\/nszzp.wroclaw.pl\/index.php\/wp-json\/wp\/v2\/posts\/6443","targetHints":{"allow":["GET"]}}],"collection":[{"href":"http:\/\/nszzp.wroclaw.pl\/index.php\/wp-json\/wp\/v2\/posts"}],"about":[{"href":"http:\/\/nszzp.wroclaw.pl\/index.php\/wp-json\/wp\/v2\/types\/post"}],"author":[{"embeddable":true,"href":"http:\/\/nszzp.wroclaw.pl\/index.php\/wp-json\/wp\/v2\/users\/2"}],"replies":[{"embeddable":true,"href":"http:\/\/nszzp.wroclaw.pl\/index.php\/wp-json\/wp\/v2\/comments?post=6443"}],"version-history":[{"count":2,"href":"http:\/\/nszzp.wroclaw.pl\/index.php\/wp-json\/wp\/v2\/posts\/6443\/revisions"}],"predecessor-version":[{"id":6447,"href":"http:\/\/nszzp.wroclaw.pl\/index.php\/wp-json\/wp\/v2\/posts\/6443\/revisions\/6447"}],"wp:featuredmedia":[{"embeddable":true,"href":"http:\/\/nszzp.wroclaw.pl\/index.php\/wp-json\/wp\/v2\/media\/6445"}],"wp:attachment":[{"href":"http:\/\/nszzp.wroclaw.pl\/index.php\/wp-json\/wp\/v2\/media?parent=6443"}],"wp:term":[{"taxonomy":"category","embeddable":true,"href":"http:\/\/nszzp.wroclaw.pl\/index.php\/wp-json\/wp\/v2\/categories?post=6443"},{"taxonomy":"post_tag","embeddable":true,"href":"http:\/\/nszzp.wroclaw.pl\/index.php\/wp-json\/wp\/v2\/tags?post=6443"}],"curies":[{"name":"wp","href":"https:\/\/api.w.org\/{rel}","templated":true}]}}