{"id":64675,"date":"2019-06-06T20:26:16","date_gmt":"2019-06-06T18:26:16","guid":{"rendered":"http:\/\/nszzp.wroclaw.pl\/?p=64675"},"modified":"2019-06-06T20:26:16","modified_gmt":"2019-06-06T18:26:16","slug":"wsa-zasada-domniemania-niewinnosci-wobec-policjanta-nie-dziala","status":"publish","type":"post","link":"http:\/\/nszzp.wroclaw.pl\/index.php\/2019\/06\/06\/wsa-zasada-domniemania-niewinnosci-wobec-policjanta-nie-dziala\/","title":{"rendered":"WSA: Zasada &#8222;domniemania niewinno\u015bci&#8221; wobec policjanta nie dzia\u0142a"},"content":{"rendered":"<h5><b>WSA: Zasada &#8222;domniemania niewinno\u015bci&#8221; wobec policjanta nie dzia\u0142a<\/b><\/h5>\n<p><a href=\"https:\/\/www.prawo.pl\/profil-autora\/218175227,katarzyna-zaczkiewicz-zborska,profil.html\"><strong>Katarzyna \u017baczkiewicz-Zborska<\/strong><\/a><\/p>\n<p><img loading=\"lazy\" decoding=\"async\" class=\"blazy aligncenter  wp-image-64676\" src=\"http:\/\/nszzp.wroclaw.pl\/wp-content\/themes\/newsmag-pro\/assets\/images\/picture_placeholder_list.jpg\" data-src=\"http:\/\/nszzp.wroclaw.pl\/wp-content\/uploads\/2019\/06\/DSC_0264.jpg\" alt=\"\" width=\"1124\" height=\"352\" \/><noscript><img loading=\"lazy\" decoding=\"async\" class=\"aligncenter  wp-image-64676\" src=\"http:\/\/nszzp.wroclaw.pl\/wp-content\/uploads\/2019\/06\/DSC_0264.jpg\" alt=\"\" width=\"1124\" height=\"352\" srcset=\"http:\/\/nszzp.wroclaw.pl\/wp-content\/uploads\/2019\/06\/DSC_0264.jpg 1899w, http:\/\/nszzp.wroclaw.pl\/wp-content\/uploads\/2019\/06\/DSC_0264-300x94.jpg 300w, http:\/\/nszzp.wroclaw.pl\/wp-content\/uploads\/2019\/06\/DSC_0264-768x241.jpg 768w, http:\/\/nszzp.wroclaw.pl\/wp-content\/uploads\/2019\/06\/DSC_0264-1024x321.jpg 1024w\" sizes=\"auto, (max-width: 1124px) 100vw, 1124px\" \/><\/noscript><\/p>\n<p><a href=\"https:\/\/www.prawo.pl\/kadry\/orzeczenia\/\" target=\"_blank\" rel=\"noopener noreferrer\"><strong>Orzeczenia<\/strong><\/a><\/p>\n<p><em>Data dodania: 03.06.2019 <\/em><\/p>\n<p>Je\u015bli prokuratura postawi\u0142a policjantowi zarzuty karne i skierowa\u0142a spraw\u0119 do s\u0105du, to zasada domniemania niewinno\u015bci nie ma w tym przypadku znaczenia. Interes spo\u0142eczny pozwala stosowa\u0107 kar\u0119 dyscyplinarn\u0105 w postaci zwolnienia funkcjonariusza ze s\u0142u\u017cby &#8211; orzek\u0142 Wojew\u00f3dzki S\u0105d Administracyjny w Warszawie.<\/p>\n<p>Komendant Policji w Gda\u0144sku rozkazem personalnym zwolni\u0142 ze s\u0142u\u017cby Ewelin\u0119 F. Podstaw\u0105 by\u0142 szczeg\u00f3lny interes s\u0142u\u017cby (art. 41 ust. 2 pkt. 5 ustawy o Policji).<\/p>\n<p><strong>Funkcjonariusz mia\u0142 ukrywa\u0107 poszukiwanego<\/strong><\/p>\n<p>Ot\u00f3\u017c policjantce prokuratura postawi\u0142a zarzut, \u017ce od 8 do 17 stycznia 2018 r. w Starym Tomy\u015blu pe\u0142ni\u0105c s\u0142u\u017cb\u0119 na posterunku nie poinformowa\u0142a o tym, <strong>gdzie znajduje si\u0119 poszukiwany<\/strong> Patryk K. M\u0119\u017cczyzna ten zosta\u0142 skazany i powinien stawi\u0107 si\u0119 w zak\u0142adzie karnym w celu odbycia kary, czego nie zrobi\u0142 i ukrywa\u0142 si\u0119 przed policj\u0105.<\/p>\n<p><strong>Powodem zwolnienia ze s\u0142u\u017cby by\u0142o podejrzenie pope\u0142nienia przest\u0119pstwa nadu\u017cycia uprawnie\u0144 przez funkcjonariuszk\u0119 (art. 231 par. 1 kk). Zgodnie z tym przepisem <\/strong>funkcjonariusz publiczny, kt\u00f3ry, przekraczaj\u0105c swoje uprawnienia lub nie dope\u0142niaj\u0105c obowi\u0105zk\u00f3w, dzia\u0142a na szkod\u0119 interesu publicznego lub prywatnego, podlega karze pozbawienia wolno\u015bci do lat trzech.<\/p>\n<p><strong>Czytaj: <\/strong><\/p>\n<p><a href=\"https:\/\/www.prawo.pl\/prawnicy-sady\/nsa-policjant-musi-dbac-o-wizerunek-sluzby,58119.html\" target=\"_blank\" rel=\"noopener noreferrer\"><strong>NSA: policjant musi dba\u0107 o wizerunek s\u0142u\u017cby&gt;&gt;<\/strong><\/a><\/p>\n<p>Ewelina F. z\u0142o\u017cy\u0142a odwo\u0142anie do Komendanta G\u0142\u00f3wnego Policji, ale bezskutecznie.<\/p>\n<p><strong>Skarga policjantki do WSA<\/strong><\/p>\n<p>Na decyzj\u0119 KG Policji funkcjonariuszka z\u0142o\u017cy\u0142a skarg\u0119 do Wojew\u00f3dzkiego S\u0105du Administracyjnego, zarzucaj\u0105c organowi, \u017ce nie kierowa\u0142 si\u0119 domniemaniem niewinno\u015bci. Jej zdaniem samo z\u0142o\u017cenie przez Prokuratur\u0119 Rejonow\u0105 aktu oskar\u017cenia do s\u0105du nie przes\u0105dza o winie. A ponadto obowi\u0105zuje <strong>domniemanie niewinno\u015bci<\/strong> do czasu wydania prawomocnego wyroku (art. 5 par. 1 kpk). Zdaniem skar\u017c\u0105cej w razie w\u0105tpliwo\u015bci podejrzana powinna by\u0107 zawieszona w wykonywaniu zawodu, a nie zwolniona ze s\u0142u\u017cby.<\/p>\n<p>Jednak WSA nie podzieli\u0142 argument\u00f3w skar\u017c\u0105cej. Oddali\u0142 skarg\u0119 Eweliny F., gdy\u017c rozkaz personalny odpowiada prawu. S\u0105d I instancji wskaza\u0142, \u017ce <strong>skierowanie aktu oskar\u017cenia do s\u0105du jest uznawane za wa\u017cny interes s\u0142u\u017cby. &#8211; Zasada domniemania niewinno\u015bci<\/strong> nie pozwala na stosowanie sankcji karnych, ale mo\u017cna stosowa\u0107 kar\u0119 dyscyplinarn\u0105 w postaci zwolnienia ze s\u0142u\u017cby, dlatego, \u017ce osoby zatrudnione w Policji musz\u0105 by\u0107 nieposzlakowanego charakteru &#8211; powiedzia\u0142 <strong>s\u0119dzia \u0141ukasz Krzycki<\/strong>.<\/p>\n<p><strong>WSA doda\u0142, \u017ce nawet je\u015bli post\u0119powanie karne nie sko\u0144czy\u0142o si\u0119 wydaniem prawomocnego wyroku, to dobre imi\u0119 s\u0142u\u017cby i interes spo\u0142eczny ma przewag\u0119 nad interesem prywatnym.<\/strong><\/p>\n<p><strong>Sygnatura akt II SA\/Wa 44\/19, wyrok nieprawomocny z 3 czerwca 2019 r<\/strong><\/p>\n<p>\u017ar\u00f3d\u0142o: <a href=\"http:\/\/www.nszzpwlkp.pl\/\" target=\"_blank\" rel=\"noopener noreferrer\">http:\/\/www.nszzpwlkp.pl\/<\/a><\/p>\n","protected":false},"excerpt":{"rendered":"<p>WSA: Zasada &#8222;domniemania niewinno\u015bci&#8221; wobec policjanta nie dzia\u0142a Katarzyna \u017baczkiewicz-Zborska Orzeczenia Data dodania: 03.06.2019 Je\u015bli prokuratura postawi\u0142a policjantowi zarzuty karne i skierowa\u0142a spraw\u0119 do s\u0105du, to zasada domniemania niewinno\u015bci nie ma w tym przypadku znaczenia. Interes spo\u0142eczny pozwala stosowa\u0107 kar\u0119 dyscyplinarn\u0105 w postaci zwolnienia funkcjonariusza ze s\u0142u\u017cby &#8211; orzek\u0142 Wojew\u00f3dzki S\u0105d Administracyjny w Warszawie. Komendant [&hellip;]<\/p>\n","protected":false},"author":2,"featured_media":64676,"comment_status":"closed","ping_status":"closed","sticky":false,"template":"","format":"standard","meta":{"footnotes":""},"categories":[8,28,1,446],"tags":[],"class_list":["post-64675","post","type-post","status-publish","format-standard","has-post-thumbnail","hentry","category-kolumna-3","category-baner","category-bez-kategorii","category-przeglad"],"_links":{"self":[{"href":"http:\/\/nszzp.wroclaw.pl\/index.php\/wp-json\/wp\/v2\/posts\/64675","targetHints":{"allow":["GET"]}}],"collection":[{"href":"http:\/\/nszzp.wroclaw.pl\/index.php\/wp-json\/wp\/v2\/posts"}],"about":[{"href":"http:\/\/nszzp.wroclaw.pl\/index.php\/wp-json\/wp\/v2\/types\/post"}],"author":[{"embeddable":true,"href":"http:\/\/nszzp.wroclaw.pl\/index.php\/wp-json\/wp\/v2\/users\/2"}],"replies":[{"embeddable":true,"href":"http:\/\/nszzp.wroclaw.pl\/index.php\/wp-json\/wp\/v2\/comments?post=64675"}],"version-history":[{"count":1,"href":"http:\/\/nszzp.wroclaw.pl\/index.php\/wp-json\/wp\/v2\/posts\/64675\/revisions"}],"predecessor-version":[{"id":64677,"href":"http:\/\/nszzp.wroclaw.pl\/index.php\/wp-json\/wp\/v2\/posts\/64675\/revisions\/64677"}],"wp:featuredmedia":[{"embeddable":true,"href":"http:\/\/nszzp.wroclaw.pl\/index.php\/wp-json\/wp\/v2\/media\/64676"}],"wp:attachment":[{"href":"http:\/\/nszzp.wroclaw.pl\/index.php\/wp-json\/wp\/v2\/media?parent=64675"}],"wp:term":[{"taxonomy":"category","embeddable":true,"href":"http:\/\/nszzp.wroclaw.pl\/index.php\/wp-json\/wp\/v2\/categories?post=64675"},{"taxonomy":"post_tag","embeddable":true,"href":"http:\/\/nszzp.wroclaw.pl\/index.php\/wp-json\/wp\/v2\/tags?post=64675"}],"curies":[{"name":"wp","href":"https:\/\/api.w.org\/{rel}","templated":true}]}}