{"id":64873,"date":"2019-06-11T14:29:10","date_gmt":"2019-06-11T12:29:10","guid":{"rendered":"http:\/\/nszzp.wroclaw.pl\/?p=64873"},"modified":"2019-06-11T14:29:10","modified_gmt":"2019-06-11T12:29:10","slug":"petycja-w-sprawie-odszkodowan-za-zniszczone-mienie-prywatne-funkcjonariusza-w-czwartek-posiedzenie-komisji-ds-petycji","status":"publish","type":"post","link":"http:\/\/nszzp.wroclaw.pl\/index.php\/2019\/06\/11\/petycja-w-sprawie-odszkodowan-za-zniszczone-mienie-prywatne-funkcjonariusza-w-czwartek-posiedzenie-komisji-ds-petycji\/","title":{"rendered":"Petycja w sprawie odszkodowa\u0144 za zniszczone mienie prywatne funkcjonariusza. W czwartek posiedzenie Komisji ds. Petycji."},"content":{"rendered":"<h4 class=\"entry-title\">Petycja w\u00a0sprawie odszkodowa\u0144 za\u00a0zniszczone mienie prywatne funkcjonariusza. W\u00a0czwartek posiedzenie Komisji ds. Petycji.<\/h4>\n<p><img loading=\"lazy\" decoding=\"async\" class=\"blazy aligncenter size-full wp-image-64874\" src=\"http:\/\/nszzp.wroclaw.pl\/wp-content\/themes\/newsmag-pro\/assets\/images\/picture_placeholder_list.jpg\" data-src=\"http:\/\/nszzp.wroclaw.pl\/wp-content\/uploads\/2019\/06\/okulary_dpn.jpg\" alt=\"\" width=\"730\" height=\"426\" \/><noscript><img loading=\"lazy\" decoding=\"async\" class=\"aligncenter size-full wp-image-64874\" src=\"http:\/\/nszzp.wroclaw.pl\/wp-content\/uploads\/2019\/06\/okulary_dpn.jpg\" alt=\"\" width=\"730\" height=\"426\" srcset=\"http:\/\/nszzp.wroclaw.pl\/wp-content\/uploads\/2019\/06\/okulary_dpn.jpg 730w, http:\/\/nszzp.wroclaw.pl\/wp-content\/uploads\/2019\/06\/okulary_dpn-300x175.jpg 300w\" sizes=\"auto, (max-width: 730px) 100vw, 730px\" \/><\/noscript><\/p>\n<div class=\"entry-content\">\n<p>Za\u00a0zniszczone czy\u00a0utracone w\u00a0trakcie s\u0142u\u017cby przedmioty osobistego u\u017cytku policjanci obecnie nie otrzymuj\u0105 \u017cadnych rekompensat \u2013 pisze Gra\u017cyna Zawadka w\u00a0Rzeczpospolitej w\u00a0artykule zatytu\u0142owanym: \u201eBonus za\u00a0rozbity zegarek\u201d.<br \/>\nGazeta cytuje wypowiedzi wiceprzewodnicz\u0105cego Zarz\u0105du G\u0142\u00f3wnego NSZZ Policjant\u00f3w Andrzeja Szarego. Tekst odnosi si\u0119 do\u00a0petycji w\u00a0sprawie odszkodowa\u0144 dla\u00a0funkcjonariuszy za\u00a0mienie prywatne zniszczone w\u00a0trakcie s\u0142u\u017cby, kt\u00f3ra znalaz\u0142a si\u0119 w\u00a0porz\u0105dku posiedzenia Komisji ds. Petycji w\u00a0czwartek 13 czerwca 2019\u2032 W\u00a0posiedzeniu Komisji uczestniczy\u0107 b\u0119d\u0105 reprezentanci Zarz\u0105du G\u0142\u00f3wnego NSZZ Policjant\u00f3w: wiceprzewodnicz\u0105cy Kazimierz Barbachowski i\u00a0cz\u0142onek Prezydium Zarz\u0105du G\u0142\u00f3wnego Aleksander Babi\u0144ski.<\/p>\n<figure id=\"attachment_17666\" class=\"wp-caption alignleft\"><img loading=\"lazy\" decoding=\"async\" class=\"blazy wp-image-17666 size-full\" src=\"http:\/\/nszzp.wroclaw.pl\/wp-content\/themes\/newsmag-pro\/assets\/images\/picture_placeholder_list.jpg\" data-src=\"http:\/\/nszzp.pl\/wp-content\/uploads\/2019\/06\/andrzej_szary_m.jpg\" alt=\"\" width=\"200\" height=\"192\" \/><noscript><img loading=\"lazy\" decoding=\"async\" class=\"wp-image-17666 size-full\" src=\"http:\/\/nszzp.pl\/wp-content\/uploads\/2019\/06\/andrzej_szary_m.jpg\" alt=\"\" width=\"200\" height=\"192\" \/><\/noscript><figcaption id=\"caption-attachment-17666\" class=\"wp-caption-text\">Andrzej Szary<\/figcaption><\/figure>\n<p>Za\u00a0zniszczone czy\u00a0utracone w\u00a0trakcie s\u0142u\u017cby przedmioty osobistego u\u017cytku policjanci obecnie nie otrzymuj\u0105 \u017cadnych rekompensat \u2013 przepisy nie przewiduj\u0105 mo\u017cliwo\u015bci wyp\u0142aty \u015brodk\u00f3w z\u00a0tego tytu\u0142u. Policyjny zwi\u0105zek chce t\u0119 luk\u0119 wype\u0142ni\u0107 \u2013 informuje autorka artyku\u0142u. W\u00a0petycji chce podj\u0119cia stosownych prac ustawodawczych. W\u00a0najbli\u017cszy czwartek zajmie si\u0119 ni\u0105 Komisja ds. Petycji. \u2013<em><strong> Wbrew pozorom problem nie jest b\u0142ahy, chocia\u017c trudno m\u00f3wi\u0107 o\u00a0jakiej\u015b masowej skali zjawiska. Jednak\u00a0utrata np.\u00a0okular\u00f3w oznacza wydatek rz\u0119du ponad tysi\u0105ca z\u0142otych \u2013 m\u00f3wi Andrzej Szary, szef policyjnego zwi\u0105zku w\u00a0Wielkopolsce.<\/strong><\/em><\/p>\n<p><em><strong>\u201eW czasie pe\u0142nienia s\u0142u\u017cby dochodzi do\u00a0utraty, zniszczenia czy\u00a0uszkodzenia mienia osobistego policjant\u00f3w w\u00a0postaci chocia\u017cby okular\u00f3w, zegark\u00f3w, telefon\u00f3w czy\u00a0odzie\u017cy\u201d \u2013 czytamy w\u00a0petycji z\u0142o\u017conej przez\u00a0Zarz\u0105d G\u0142\u00f3wny NSZZ Policjant\u00f3w (w lutym wp\u0142yn\u0119\u0142a do\u00a0Kancelarii Sejmu, kt\u00f3ra w\u00a0marcu trafi\u0142a do\u00a0sejmowej Komisji ds. Petycji).<\/strong><\/em><\/p>\n<p><em><strong>\u2013 Dzieje si\u0119 tak np.\u00a0podczas ochraniania r\u00f3\u017cnego rodzaju imprez masowych i\u00a0demonstracji, kiedy dochodzi do\u00a0atak\u00f3w na\u00a0funkcjonariuszy. Ale\u00a0tak\u017ce przy\u00a0interwencjach, zatrzymaniach lub\u00a0po\u015bcigach \u2013 wskazuje Andrzej Szary.<\/strong><\/em><\/p>\n<p><strong><em>Jak zauwa\u017ca, to dotyczy nie tylko policjant\u00f3w z\u00a0prewencji, ale\u00a0r\u00f3wnie\u017c funkcjonariuszy z\u00a0pion\u00f3w kryminalnych. \u2013 Chyba tylko siedz\u0105cy za\u00a0biurkiem nie s\u0105 nara\u017ceni na\u00a0takie straty \u2013 zaznacza Szary.<\/em><\/strong><\/p>\n<p><img loading=\"lazy\" decoding=\"async\" class=\"blazy  wp-image-17670 alignleft\" src=\"http:\/\/nszzp.wroclaw.pl\/wp-content\/themes\/newsmag-pro\/assets\/images\/picture_placeholder_list.jpg\" data-src=\"http:\/\/nszzp.pl\/wp-content\/uploads\/2019\/06\/telefon-292x193.jpg\" sizes=\"auto, (max-width: 253px) 85vw, 253px\" srcset=\"http:\/\/nszzp.pl\/wp-content\/uploads\/2019\/06\/telefon-292x193.jpg 292w, http:\/\/nszzp.pl\/wp-content\/uploads\/2019\/06\/telefon.jpg 562w\" alt=\"\" width=\"253\" height=\"167\" \/><noscript><img loading=\"lazy\" decoding=\"async\" class=\" wp-image-17670 alignleft\" src=\"http:\/\/nszzp.pl\/wp-content\/uploads\/2019\/06\/telefon-292x193.jpg\" sizes=\"auto, (max-width: 253px) 85vw, 253px\" srcset=\"http:\/\/nszzp.pl\/wp-content\/uploads\/2019\/06\/telefon-292x193.jpg 292w, http:\/\/nszzp.pl\/wp-content\/uploads\/2019\/06\/telefon.jpg 562w\" alt=\"\" width=\"253\" height=\"167\" \/><\/noscript>Cz\u0119sto uszkodzenie takich prywatnych przedmiot\u00f3w podczas policyjnych dzia\u0142a\u0144 nie wi\u0105\u017ce si\u0119 z\u00a0jednoczesnym doznaniem urazu przez\u00a0funkcjonariusza, i\u00a0co za\u00a0tym idzie, uszczerbkiem na\u00a0zdrowiu. A\u00a0wtedy \u201emo\u017cliwo\u015b\u0107 uzyskania odszkodowania od w\u0142a\u015bciwej komendy Policji jest wy\u0142\u0105czona\u201d \u2013 wskazuj\u0105 zwi\u0105zkowcy. I\u00a0uwa\u017caj\u0105, \u017ce\u00a0trzeba zagwarantowa\u0107 policjantom prawo do\u00a0odszkodowania za\u00a0takie szkody na\u00a0s\u0142u\u017cbie w\u00a0ka\u017cdej sytuacji.<\/p>\n<p>Dzisiaj policjant mo\u017ce wyst\u0105pi\u0107 o\u00a0takie odszkodowanie za\u00a0zniszczon\u0105 prywatn\u0105 rzecz tylko na\u00a0drodze cywilnej \u2013 sk\u0142adaj\u0105c pozew, b\u0105d\u017a\u00a0karnej \u2013 je\u015bli dosz\u0142o do\u00a0pope\u0142nienia przest\u0119pstwa.<\/p>\n<p>W\u00a0praktyce rzadko si\u0119 na\u00a0to decyduj\u0105, poniewa\u017c\u00a0jest to droga d\u0142ugotrwa\u0142a i\u00a0nara\u017caj\u0105ca na\u00a0koszty zwi\u0105zane tak\u017ce z\u00a0post\u0119powaniem egzekucyjnym, \u201ekt\u00f3re finalnie mo\u017ce okaza\u0107 si\u0119 bezskuteczne\u201d \u2013 twierdz\u0105 zwi\u0105zkowcy. I\u00a0uwa\u017caj\u0105, \u017ce\u00a0kwesti\u0119 odszkodowa\u0144 nale\u017cy uregulowa\u0107 w\u00a0przepisach. Chc\u0105 podj\u0119cia inicjatywy ustawodawczej w\u00a0zakresie przyznania funkcjonariuszom prawa do\u00a0odszkodowania za\u00a0szkod\u0119 poniesion\u0105 wskutek utraty, zniszczenia lub\u00a0uszkodzenia podczas pe\u0142nienia s\u0142u\u017cby przedmiot\u00f3w osobistego u\u017cytku, niezale\u017cnie od tego, czy\u00a0skutkiem zdarzenia powoduj\u0105cego szkod\u0119 by\u0142 uszczerbek na\u00a0zdrowiu lub\u00a0\u015bmier\u0107 funkcjonariusza.<\/p>\n<p><img loading=\"lazy\" decoding=\"async\" class=\"blazy  wp-image-17671 alignleft\" src=\"http:\/\/nszzp.wroclaw.pl\/wp-content\/themes\/newsmag-pro\/assets\/images\/picture_placeholder_list.jpg\" data-src=\"http:\/\/nszzp.pl\/wp-content\/uploads\/2019\/06\/zegarek-262x193.jpg\" sizes=\"auto, (max-width: 252px) 85vw, 252px\" srcset=\"http:\/\/nszzp.pl\/wp-content\/uploads\/2019\/06\/zegarek-262x193.jpg 262w, http:\/\/nszzp.pl\/wp-content\/uploads\/2019\/06\/zegarek-579x426.jpg 579w, http:\/\/nszzp.pl\/wp-content\/uploads\/2019\/06\/zegarek.jpg 715w\" alt=\"\" width=\"252\" height=\"186\" \/><noscript><img loading=\"lazy\" decoding=\"async\" class=\" wp-image-17671 alignleft\" src=\"http:\/\/nszzp.pl\/wp-content\/uploads\/2019\/06\/zegarek-262x193.jpg\" sizes=\"auto, (max-width: 252px) 85vw, 252px\" srcset=\"http:\/\/nszzp.pl\/wp-content\/uploads\/2019\/06\/zegarek-262x193.jpg 262w, http:\/\/nszzp.pl\/wp-content\/uploads\/2019\/06\/zegarek-579x426.jpg 579w, http:\/\/nszzp.pl\/wp-content\/uploads\/2019\/06\/zegarek.jpg 715w\" alt=\"\" width=\"252\" height=\"186\" \/><\/noscript>Zdanie Andrzeja Szarego popiera cytowany w\u00a0artykule Rzecznik Prasowy Komendanta G\u0142\u00f3wnego Policji insp. Mariusz Ciarka.<\/p>\n<p>Na\u00a0temat pomys\u0142u zawartego w\u00a0petycji ju\u017c wypowiedzia\u0142o si\u0119 w\u00a0opinii Biuro Analiz Sejmowych. Oceni\u0142o, \u017ce\u00a0to postulat o\u00a0\u201edonios\u0142ym znaczeniu dla\u00a0funkcjonariuszy, kt\u00f3rzy doznali sta\u0142ego lub\u00a0d\u0142ugotrwa\u0142ego uszczerbku na\u00a0zdrowiu wskutek wypadku albo\u00a0choroby\u201d. Jednak\u00a0pozostawi\u0142o do\u00a0uznania ustawodawcy \u201ekszta\u0142towanie zasad nabywania \u015bwiadcze\u0144 przez\u00a0wybrane grupy zawodowe\u201d.<\/p>\n<p>Zwi\u0105zkowcy postuluj\u0105, aby\u00a0policjanci mogli odszkodowanie za\u00a0utracone lub\u00a0zniszczone osobiste rzeczy otrzymywa\u0107 bezpo\u015brednio od komendy, w\u00a0kt\u00f3rej pracuj\u0105, czyli\u00a0z bud\u017cetu.<\/p>\n<p>Ca\u0142y artyku\u0142 pod\u00a0poni\u017cszym linkiem:<\/p>\n<\/div>\n<div class=\"zroodloBox\"><span class=\"zrodlo\">\u017ar\u00f3d\u0142o:<\/span> <a title=\"https:\/\/www.rp.pl\/Sluzby-mundurowe\/306109918-Bonus-za-zbity-zegarek.html\" href=\"https:\/\/www.rp.pl\/Sluzby-mundurowe\/306109918-Bonus-za-zbity-zegarek.html\" target=\"_blank\" rel=\"noopener noreferrer\">https:\/\/www.rp.pl\/Sluzby-mundurowe\/306109918-Bonus-za-zbity-zegarek.html<\/a> <span class=\"date\">2019.06.11<\/span><\/div>\n","protected":false},"excerpt":{"rendered":"<p>Petycja w\u00a0sprawie odszkodowa\u0144 za\u00a0zniszczone mienie prywatne funkcjonariusza. W\u00a0czwartek posiedzenie Komisji ds. Petycji. Za\u00a0zniszczone czy\u00a0utracone w\u00a0trakcie s\u0142u\u017cby przedmioty osobistego u\u017cytku policjanci obecnie nie otrzymuj\u0105 \u017cadnych rekompensat \u2013 pisze Gra\u017cyna Zawadka w\u00a0Rzeczpospolitej w\u00a0artykule zatytu\u0142owanym: \u201eBonus za\u00a0rozbity zegarek\u201d. Gazeta cytuje wypowiedzi wiceprzewodnicz\u0105cego Zarz\u0105du G\u0142\u00f3wnego NSZZ Policjant\u00f3w Andrzeja Szarego. Tekst odnosi si\u0119 do\u00a0petycji w\u00a0sprawie odszkodowa\u0144 dla\u00a0funkcjonariuszy za\u00a0mienie prywatne zniszczone [&hellip;]<\/p>\n","protected":false},"author":2,"featured_media":64874,"comment_status":"closed","ping_status":"closed","sticky":false,"template":"","format":"standard","meta":{"footnotes":""},"categories":[28,1,446,6],"tags":[],"class_list":["post-64873","post","type-post","status-publish","format-standard","has-post-thumbnail","hentry","category-baner","category-bez-kategorii","category-przeglad","category-kolumna-1"],"_links":{"self":[{"href":"http:\/\/nszzp.wroclaw.pl\/index.php\/wp-json\/wp\/v2\/posts\/64873","targetHints":{"allow":["GET"]}}],"collection":[{"href":"http:\/\/nszzp.wroclaw.pl\/index.php\/wp-json\/wp\/v2\/posts"}],"about":[{"href":"http:\/\/nszzp.wroclaw.pl\/index.php\/wp-json\/wp\/v2\/types\/post"}],"author":[{"embeddable":true,"href":"http:\/\/nszzp.wroclaw.pl\/index.php\/wp-json\/wp\/v2\/users\/2"}],"replies":[{"embeddable":true,"href":"http:\/\/nszzp.wroclaw.pl\/index.php\/wp-json\/wp\/v2\/comments?post=64873"}],"version-history":[{"count":1,"href":"http:\/\/nszzp.wroclaw.pl\/index.php\/wp-json\/wp\/v2\/posts\/64873\/revisions"}],"predecessor-version":[{"id":64875,"href":"http:\/\/nszzp.wroclaw.pl\/index.php\/wp-json\/wp\/v2\/posts\/64873\/revisions\/64875"}],"wp:featuredmedia":[{"embeddable":true,"href":"http:\/\/nszzp.wroclaw.pl\/index.php\/wp-json\/wp\/v2\/media\/64874"}],"wp:attachment":[{"href":"http:\/\/nszzp.wroclaw.pl\/index.php\/wp-json\/wp\/v2\/media?parent=64873"}],"wp:term":[{"taxonomy":"category","embeddable":true,"href":"http:\/\/nszzp.wroclaw.pl\/index.php\/wp-json\/wp\/v2\/categories?post=64873"},{"taxonomy":"post_tag","embeddable":true,"href":"http:\/\/nszzp.wroclaw.pl\/index.php\/wp-json\/wp\/v2\/tags?post=64873"}],"curies":[{"name":"wp","href":"https:\/\/api.w.org\/{rel}","templated":true}]}}