{"id":65577,"date":"2019-08-11T14:28:20","date_gmt":"2019-08-11T12:28:20","guid":{"rendered":"http:\/\/nszzp.wroclaw.pl\/?p=65577"},"modified":"2019-08-11T14:28:20","modified_gmt":"2019-08-11T12:28:20","slug":"nszz-policjantow-ocenzurowano","status":"publish","type":"post","link":"http:\/\/nszzp.wroclaw.pl\/index.php\/2019\/08\/11\/nszz-policjantow-ocenzurowano\/","title":{"rendered":"NSZZ Policjant\u00f3w \u2013 ocenzurowano"},"content":{"rendered":"<h1 class=\"entry-title\">NSZZ Policjant\u00f3w \u2013 ocenzurowano<\/h1>\n<p><img loading=\"lazy\" decoding=\"async\" class=\"blazy aligncenter size-full wp-image-65578\" src=\"http:\/\/nszzp.wroclaw.pl\/wp-content\/themes\/newsmag-pro\/assets\/images\/picture_placeholder_list.jpg\" data-src=\"http:\/\/nszzp.wroclaw.pl\/wp-content\/uploads\/2019\/08\/A_JANKES_CENZURA_dpn.jpg\" alt=\"\" width=\"730\" height=\"426\" \/><noscript><img loading=\"lazy\" decoding=\"async\" class=\"aligncenter size-full wp-image-65578\" src=\"http:\/\/nszzp.wroclaw.pl\/wp-content\/uploads\/2019\/08\/A_JANKES_CENZURA_dpn.jpg\" alt=\"\" width=\"730\" height=\"426\" \/><\/noscript><\/p>\n<p><strong><\/strong><\/p>\n<div class=\"entry-content\">\n<p>Wydzia\u0142 Prasowo \u2013 Informacyjny Biura Komunikacji Spo\u0142ecznej Komendy G\u0142\u00f3wnej Policji, opr\u00f3cz rozlicznych obowi\u0105zk\u00f3w sporz\u0105dza codziennie przegl\u0105d materia\u0142\u00f3w prasowych dotycz\u0105cych policji i\u00a0zwi\u0105zanych z\u00a0policj\u0105. Oczywi\u015bcie nie chodzi tutaj o\u00a0klasyczny przegl\u0105d prasy z\u00a0komentarzem, lecz\u00a0jedynie zestawienie zeskanowanych materia\u0142\u00f3w prasowych z\u00a0danego dnia.<\/p>\n<p>Ten przegl\u0105d prasy zatytu\u0142owany: \u201eInformacje Prasowe zamieszczone w\u00a0dziennikach og\u00f3lnopolskich\u201d, wspomniany Wydzia\u0142 rozsy\u0142a do\u00a0jednostek organizacyjnych Policji w\u00a0kraju.<\/p>\n<p>Samo zestawienie zeskanowanych materia\u0142\u00f3w bez komentowania ich zawarto\u015bci, nie wyklucza mo\u017cliwo\u015bci cenzury. Ot\u00f3\u017c pewne materia\u0142y, chocia\u017c \u015brodowiska policyjnego dotycz\u0105 jak najbardziej, do\u00a0przegl\u0105du nigdy nie trafiaj\u0105.<\/p>\n<p>Naj\u015bwie\u017cszy przyk\u0142ad tej manipulacji odnotowali\u015bmy w\u00a0pi\u0105tek 9 sierpnia 2019\u2032. W\u00a0Dzienniku Gazecie Prawnej ukaza\u0142y si\u0119 obok\u00a0siebie dwa artyku\u0142y dotycz\u0105ce najnowszych zmian legislacyjnych w\u00a0ustawie o\u00a0Policji. Pierwszy, zatytu\u0142owany: \u201eCzy zamach na\u00a0wolno\u015b\u0107 zwi\u0105zkow\u0105 w\u00a0policji to pocz\u0105tek wi\u0119kszej rewolucji?\u201d znalaz\u0142 si\u0119 w\u015br\u00f3d informacji w\u00a0przegl\u0105dzie prasy.<\/p>\n<p>S\u0105siedni artyku\u0142 zatytu\u0142owany: \u201eOdebranie oficerom ochrony prawnej jest \u017cenuj\u0105ce\u201d b\u0119d\u0105cy wywiadem Rafa\u0142a Jankowskiego dla\u00a0Dziennika Gazety Prawnej, nie znalaz\u0142 si\u0119 w\u00a0zbior\u00f3wce. Trudno w\u00a0tym przypadku przypuszcza\u0107, \u017ce\u00a0go nie zauwa\u017cono, skoro s\u0105 na\u00a0tej samej stronie w\u00a0gazecie.<\/p>\n<p>Jest to ewidentny przyk\u0142ad cenzury. Cenzura obejmuje materia\u0142y dotycz\u0105ce dzia\u0142alno\u015bci NSZZ Policjant\u00f3w nie od dzisiaj. By\u0142o to szczeg\u00f3lnie widoczne podczas ubieg\u0142orocznego protestu, gdy wszystkie media pe\u0142ne by\u0142y wypowiedzi zwi\u0105zkowc\u00f3w a\u00a0w przegl\u0105dzie KGP w\u00a0najlepszym razie dawano skany wyst\u0105pie\u0144 ministra i\u00a0Komendanta G\u0142\u00f3wnego Policji. Efekt ko\u0144cowy znamy.<\/p>\n<p>Jak pogodzi\u0107 t\u0119 cenzur\u0119 z\u00a0transparentno\u015bci\u0105 dzia\u0142a\u0144 Policji? Dok\u0142adnie nie wiadomo. P\u00f3\u0142 biedy, gdyby chodzi\u0142o o\u00a0sprawy interesuj\u0105ce niewielk\u0105 grup\u0119 spo\u0142eczn\u0105, ale\u00a0tematami wywiad\u00f3w Przewodnicz\u0105cego NSZZ Policjant\u00f3w zainteresowane jest ca\u0142e \u015brodowisko policyjne.<\/p>\n<p>A\u00a0co im si\u0119 serwuje w\u00a0przegl\u0105dzie prasy? Informacj\u0119 o\u00a0kradzie\u017cy 60 papug i\u00a0konieczno\u015bci uzasadnienia zakazu sprzeda\u017cy piwa. Wstrz\u0105saj\u0105ce.<\/p>\n<p>(jp)<\/p>\n<\/div>\n<p>&nbsp;<\/p>\n","protected":false},"excerpt":{"rendered":"<p>NSZZ Policjant\u00f3w \u2013 ocenzurowano Wydzia\u0142 Prasowo \u2013 Informacyjny Biura Komunikacji Spo\u0142ecznej Komendy G\u0142\u00f3wnej Policji, opr\u00f3cz rozlicznych obowi\u0105zk\u00f3w sporz\u0105dza codziennie przegl\u0105d materia\u0142\u00f3w prasowych dotycz\u0105cych policji i\u00a0zwi\u0105zanych z\u00a0policj\u0105. Oczywi\u015bcie nie chodzi tutaj o\u00a0klasyczny przegl\u0105d prasy z\u00a0komentarzem, lecz\u00a0jedynie zestawienie zeskanowanych materia\u0142\u00f3w prasowych z\u00a0danego dnia. Ten przegl\u0105d prasy zatytu\u0142owany: \u201eInformacje Prasowe zamieszczone w\u00a0dziennikach og\u00f3lnopolskich\u201d, wspomniany Wydzia\u0142 rozsy\u0142a do\u00a0jednostek organizacyjnych [&hellip;]<\/p>\n","protected":false},"author":2,"featured_media":65578,"comment_status":"closed","ping_status":"closed","sticky":false,"template":"","format":"standard","meta":{"footnotes":""},"categories":[8,28,1,446],"tags":[],"class_list":["post-65577","post","type-post","status-publish","format-standard","has-post-thumbnail","hentry","category-kolumna-3","category-baner","category-bez-kategorii","category-przeglad"],"_links":{"self":[{"href":"http:\/\/nszzp.wroclaw.pl\/index.php\/wp-json\/wp\/v2\/posts\/65577","targetHints":{"allow":["GET"]}}],"collection":[{"href":"http:\/\/nszzp.wroclaw.pl\/index.php\/wp-json\/wp\/v2\/posts"}],"about":[{"href":"http:\/\/nszzp.wroclaw.pl\/index.php\/wp-json\/wp\/v2\/types\/post"}],"author":[{"embeddable":true,"href":"http:\/\/nszzp.wroclaw.pl\/index.php\/wp-json\/wp\/v2\/users\/2"}],"replies":[{"embeddable":true,"href":"http:\/\/nszzp.wroclaw.pl\/index.php\/wp-json\/wp\/v2\/comments?post=65577"}],"version-history":[{"count":1,"href":"http:\/\/nszzp.wroclaw.pl\/index.php\/wp-json\/wp\/v2\/posts\/65577\/revisions"}],"predecessor-version":[{"id":65579,"href":"http:\/\/nszzp.wroclaw.pl\/index.php\/wp-json\/wp\/v2\/posts\/65577\/revisions\/65579"}],"wp:featuredmedia":[{"embeddable":true,"href":"http:\/\/nszzp.wroclaw.pl\/index.php\/wp-json\/wp\/v2\/media\/65578"}],"wp:attachment":[{"href":"http:\/\/nszzp.wroclaw.pl\/index.php\/wp-json\/wp\/v2\/media?parent=65577"}],"wp:term":[{"taxonomy":"category","embeddable":true,"href":"http:\/\/nszzp.wroclaw.pl\/index.php\/wp-json\/wp\/v2\/categories?post=65577"},{"taxonomy":"post_tag","embeddable":true,"href":"http:\/\/nszzp.wroclaw.pl\/index.php\/wp-json\/wp\/v2\/tags?post=65577"}],"curies":[{"name":"wp","href":"https:\/\/api.w.org\/{rel}","templated":true}]}}