{"id":65585,"date":"2019-08-12T10:07:24","date_gmt":"2019-08-12T08:07:24","guid":{"rendered":"http:\/\/nszzp.wroclaw.pl\/?p=65585"},"modified":"2019-08-12T10:07:24","modified_gmt":"2019-08-12T08:07:24","slug":"policji-grozi-kadrowy-kryzys-nowego-ministra-czekaja-stare-problemy","status":"publish","type":"post","link":"http:\/\/nszzp.wroclaw.pl\/index.php\/2019\/08\/12\/policji-grozi-kadrowy-kryzys-nowego-ministra-czekaja-stare-problemy\/","title":{"rendered":"Policji grozi kadrowy kryzys. Nowego ministra czekaj\u0105 stare problemy."},"content":{"rendered":"<h1 class=\"entry-title\">Policji grozi kadrowy kryzys. Nowego ministra czekaj\u0105 stare problemy.<\/h1>\n<p><img loading=\"lazy\" decoding=\"async\" class=\"blazy aligncenter size-full wp-image-65586\" src=\"http:\/\/nszzp.wroclaw.pl\/wp-content\/themes\/newsmag-pro\/assets\/images\/picture_placeholder_list.jpg\" data-src=\"http:\/\/nszzp.wroclaw.pl\/wp-content\/uploads\/2019\/08\/apel_zostan_jednym_z_nas_dpn.jpg\" alt=\"\" width=\"730\" height=\"426\" \/><noscript><img loading=\"lazy\" decoding=\"async\" class=\"aligncenter size-full wp-image-65586\" src=\"http:\/\/nszzp.wroclaw.pl\/wp-content\/uploads\/2019\/08\/apel_zostan_jednym_z_nas_dpn.jpg\" alt=\"\" width=\"730\" height=\"426\" \/><\/noscript><\/p>\n<div class=\"entry-content\">\n<p>W\u00a0tym roku zwolni\u0142o si\u0119 3,2 tys.funkcjonariuszy, przyj\u0119to 1,8 tys. Policji grozi kadrowy kryzys. Nowego ministra czekaj\u0105 stare problemy \u2013 pisze Gra\u017cyna Zawadka w\u00a0Rzeczpospolitej w\u00a0artykule zatytu\u0142owanym: \u201eZmiana w\u00a0MSWiA. Nowy minister, stary problem: ubywa policjant\u00f3w\u201d. W\u00a0artykule cytowane s\u0105 wypowiedzi Rafa\u0142 Jankowski, przewodnicz\u0105cego NSZZ Policjant\u00f3w i\u00a0Andrzeja Szarego, wiceprzewodnicz\u0105cego NSZZ Policjant\u00f3w.<\/p>\n<p><em><strong>\u2013 Jest ju\u017c blisko 6 tys. wakat\u00f3w, i\u00a0coraz mniej ch\u0119tnych, by wst\u0105pi\u0107 do\u00a0policji. Rz\u0105d powinien podj\u0105\u0107 jeszcze w\u00a0tym roku realne dzia\u0142ania, \u017ceby zapobiec zbli\u017caj\u0105cemu si\u0119 kryzysowi kadrowemu \u2013 m\u00f3wi \u201eRzeczpospolitej\u201d Rafa\u0142 Jankowski, przewodnicz\u0105cy NSZZ Policjant\u00f3<\/strong><\/em>w.<\/p>\n<p>\u2013 To ju\u017c wyra\u017any trend: liczba ch\u0119tnych do\u00a0policji spada. W\u00a0pierwszym p\u00f3\u0142roczu tego roku akces do\u00a0s\u0142u\u017cby zg\u0142osi\u0142o blisko 8 tys. os\u00f3b \u2013 to o\u00a0ponad 900 mniej ni\u017c w\u00a0tym samym okresie ubieg\u0142ego roku, wynika z\u00a0najnowszych danych Komendy G\u0142\u00f3wnej Policji. Wymowny jest i\u00a0inny fakt: w\u00a0minionym p\u00f3\u0142roczu ze szkolenia podstawowego zrezygnowa\u0142o 126 s\u0142uchaczy \u2013 przeszli weryfikacyjne sito, zdali nie\u0142atwe testy i\u00a0w trakcie przygotowa\u0144 do\u00a0zawodu zrezygnowali. \u2013 To dot\u0105d zdarza\u0142o si\u0119 sporadycznie \u2013 m\u00f3wi nam wyk\u0142adowca szko\u0142y policji.<\/p>\n<p>Spadek zainteresowania tym bardziej niepokoi, \u017ce\u00a0z policji tylko w\u00a0tym roku zwolni\u0142o si\u0119 ponad 3,2 tys. funkcjonariuszy, a\u00a0nowych przyj\u0119to blisko 1,8 tys. \u2013 r\u00f3\u017cnica jest niebagatelna, si\u0119ga ponad 1,4 tys. \u2013 podkre\u015bla Gra\u017cyna Zawadka.<\/p>\n<p>W\u00a0policji jest coraz wi\u0119cej wakat\u00f3w. Na\u00a0pocz\u0105tek lipca by\u0142o ich 5951, to o\u00a01,3 tys. wi\u0119cej ni\u017c na\u00a0pocz\u0105tku roku. Najwi\u0119kszy deficyt dotyka sto\u0142ecznej policji, gdzie brakuje 1,1 tys. funkcjonariuszy (ponad 11 proc. sk\u0142adu). Ponad 700 brak na\u00a0Dolnym \u015al\u0105sku, a\u00a0po p\u00f3\u0142 tysi\u0105ca w\u00a0woj. \u0142\u00f3dzkim, \u015bl\u0105skim, gda\u0144skim czy\u00a0wielkopolskim. Na\u00a0zachodzie kraju \u2013 w\u00a0woj. zachodniopomorskim i\u00a0lubuskim \u2013 nieobsadzone jest (w ka\u017cdym z\u00a0nich) ponad 10 proc. sk\u0142adu. \u2013 A\u00a0za tzw. bezpieczny poziom uznaje si\u0119 wakaty si\u0119gaj\u0105ce do\u00a05 proc. sk\u0142adu.<\/p>\n<figure id=\"attachment_18543\" class=\"wp-caption alignleft\"><img loading=\"lazy\" decoding=\"async\" class=\"blazy wp-image-18543 size-medium\" src=\"http:\/\/nszzp.wroclaw.pl\/wp-content\/themes\/newsmag-pro\/assets\/images\/picture_placeholder_list.jpg\" data-src=\"http:\/\/nszzp.pl\/wp-content\/uploads\/2019\/08\/andrzej_szary_m2-176x193.jpg\" sizes=\"auto, (max-width: 176px) 85vw, 176px\" srcset=\"http:\/\/nszzp.pl\/wp-content\/uploads\/2019\/08\/andrzej_szary_m2-176x193.jpg 176w, http:\/\/nszzp.pl\/wp-content\/uploads\/2019\/08\/andrzej_szary_m2.jpg 200w\" alt=\"\" width=\"176\" height=\"193\" \/><noscript><img loading=\"lazy\" decoding=\"async\" class=\"wp-image-18543 size-medium\" src=\"http:\/\/nszzp.pl\/wp-content\/uploads\/2019\/08\/andrzej_szary_m2-176x193.jpg\" sizes=\"auto, (max-width: 176px) 85vw, 176px\" srcset=\"http:\/\/nszzp.pl\/wp-content\/uploads\/2019\/08\/andrzej_szary_m2-176x193.jpg 176w, http:\/\/nszzp.pl\/wp-content\/uploads\/2019\/08\/andrzej_szary_m2.jpg 200w\" alt=\"\" width=\"176\" height=\"193\" \/><\/noscript><figcaption id=\"caption-attachment-18543\" class=\"wp-caption-text\">Andrzej Szary<\/figcaption><\/figure>\n<p><em><strong>W\u00a0mniejszych regionach sytuacja jest lepsza. Np.\u00a0w\u00a0woj. \u015bwi\u0119tokrzyskim brakuje tylko 21 policjant\u00f3w na\u00a0trzytysi\u0119czny garnizon. Deficyt ludzi przek\u0142ada si\u0119 na\u00a0prac\u0119 policji \u2013 d\u0142u\u017cej czekamy na\u00a0przyjazd patrolu do\u00a0interwencji czy\u00a0wypadku. \u2013 Brakuje zw\u0142aszcza policjant\u00f3w w\u00a0prewencji, patrol\u00f3wce, dzielnicowych, ale\u00a0i\u00a0dochodzeniowo-\u015bledczych \u2013 m\u00f3wi Andrzej Szary, szef policyjnego zwi\u0105zku w\u00a0Wielkopolsce.<\/strong><\/em><\/p>\n<p><em><strong>Policyjny zwi\u0105zek uwa\u017ca, \u017ce\u00a0rz\u0105d powinien szybko podj\u0105\u0107 dzia\u0142ania, bo\u00a0policji grozi kryzys kadrowy, kt\u00f3ry odbije si\u0119 na\u00a0bezpiecze\u0144stwie. \u2013 W\u00a0przysz\u0142ym i\u00a0kolejnym roku oko\u0142o 15 tys. funkcjonariuszy uzyska prawa emerytalne. Bez dodatkowych zach\u0119t wielu odejdzie \u2013 uwa\u017ca Andrzej Szary. Przyznaje, \u017ce\u00a0podwy\u017cki by\u0142y odczuwalne. \u2013 Ale\u00a0s\u0142u\u017cba w\u00a0policji wci\u0105\u017c jest niekonkurencyjna \u2013 ocenia.<\/strong><\/em><\/p>\n<p><em><strong>Jedn\u0105 z\u00a0propozycji zwi\u0105zku, by powstrzyma\u0107 odej\u015bcia, jest tzw. nagroda przedemerytalna. \u2013 Policjant z\u00a025-letnim sta\u017cem mia\u0142by dostawa\u0107 co miesi\u0105c do\u00a0pensji 50 proc. nagrody przedemerytalnej w\u00a0wysoko\u015bci hipotetycznej emerytury. Projekt opracowa\u0142a KGP, ale\u00a0zwi\u0105zkowcy maj\u0105 do\u00a0niego zastrze\u017cenia.<\/strong><\/em><\/p>\n<p>\u2013 Zmiany na\u00a0stanowisku ministra spraw wewn\u0119trznych od pocz\u0105tku kadencji PiS-u maj\u0105 charakter wizerunkowy. Teraz wrzucono do\u00a0resortu kogo\u015b, kto kojarzy si\u0119 ze s\u0142u\u017cbami. Jednak\u00a0nie s\u0105dz\u0119, by pan minister Kami\u0144ski mia\u0142 wiele do\u00a0powiedzenia na\u00a0dwa miesi\u0105ce przed wyborami. Polityka wobec s\u0142u\u017cb mundurowych si\u0119 nie zmieni, zw\u0142aszcza, \u017ce\u00a0w istocie resortem rz\u0105dzi wiceminister Zieli\u0144ski \u2013 komentuje pose\u0142 Marek W\u00f3jcik z\u00a0PO, wiceszef Sejmowej Komisji Spraw Wewn\u0119trznych i\u00a0Administracji.<\/p>\n<figure id=\"attachment_18544\" class=\"wp-caption alignleft\"><img loading=\"lazy\" decoding=\"async\" class=\"blazy wp-image-18544\" src=\"http:\/\/nszzp.wroclaw.pl\/wp-content\/themes\/newsmag-pro\/assets\/images\/picture_placeholder_list.jpg\" data-src=\"http:\/\/nszzp.pl\/wp-content\/uploads\/2019\/08\/jankes_dgp_dpn-2-330x193.jpg\" sizes=\"auto, (max-width: 232px) 85vw, 232px\" srcset=\"http:\/\/nszzp.pl\/wp-content\/uploads\/2019\/08\/jankes_dgp_dpn-2-330x193.jpg 330w, http:\/\/nszzp.pl\/wp-content\/uploads\/2019\/08\/jankes_dgp_dpn-2-150x88.jpg 150w, http:\/\/nszzp.pl\/wp-content\/uploads\/2019\/08\/jankes_dgp_dpn-2.jpg 730w\" alt=\"\" width=\"232\" height=\"136\" \/><noscript><img loading=\"lazy\" decoding=\"async\" class=\"wp-image-18544\" src=\"http:\/\/nszzp.pl\/wp-content\/uploads\/2019\/08\/jankes_dgp_dpn-2-330x193.jpg\" sizes=\"auto, (max-width: 232px) 85vw, 232px\" srcset=\"http:\/\/nszzp.pl\/wp-content\/uploads\/2019\/08\/jankes_dgp_dpn-2-330x193.jpg 330w, http:\/\/nszzp.pl\/wp-content\/uploads\/2019\/08\/jankes_dgp_dpn-2-150x88.jpg 150w, http:\/\/nszzp.pl\/wp-content\/uploads\/2019\/08\/jankes_dgp_dpn-2.jpg 730w\" alt=\"\" width=\"232\" height=\"136\" \/><\/noscript><figcaption id=\"caption-attachment-18544\" class=\"wp-caption-text\">Rafa\u0142 Jankowski<\/figcaption><\/figure>\n<p><strong><em>Pompowanie pieni\u0119dzy i\u00a0podwy\u017cki \u2013 co zauwa\u017cy\u0142 NIK \u2013 nie powstrzyma\u0142y fali odej\u015b\u0107. Rafa\u0142 Jankowski uwa\u017ca, \u017ce\u00a0trzeba zmieni\u0107 tak\u017ce zasady rekrutacji. \u2013 Obecny tryb naboru dzia\u0142a odstraszaj\u0105co. M\u0142ody cz\u0142owiek marzy o\u00a0pracy np.\u00a0w\u00a0wydziale kryminalnym, a\u00a0s\u0142yszy, \u017ce\u00a0po szkole najpierw p\u00f3jdzie patrolowa\u0107 ulice. Sami stawiamy bariery \u2013 uwa\u017ca Jankowski. Dzi\u015b dla\u00a0wszystkich wymogi s\u0105 takie same. \u2013 Policja powinna stawia\u0107 na\u00a0specjalizacj\u0119. Czy\u00a0np.\u00a0w\u00a0wydzia\u0142ach dochodzeniowo-\u015bledczych lub\u00a0cyberprzest\u0119pczo\u015bci potrzebni nam s\u0105 dobrzy prawnicy i\u00a0informatycy czy\u00a0sprinterzy, kt\u00f3rzy pokonaj\u0105 tor przeszk\u00f3d w\u00a0minut\u0119 i\u00a030 sekund? \u2013 m\u00f3wi Jankowski. \u2013 Je\u017celi\u00a0kto\u015b chce by\u0107 \u017co\u0142nierzem, to wie, czy\u00a0chce je\u017adzi\u0107 czo\u0142giem, czy\u00a0p\u0142ywa\u0107 okr\u0119tem, i\u00a0tam idzie. Tak powinno by\u0107 z\u00a0policj\u0105. Trzeba wykorzysta\u0107 naturalne predyspozycje, pasje i\u00a0wiedz\u0119 \u2013 uwa\u017ca Jankowski.<\/em><\/strong><\/p>\n<p><strong>Dzi\u015b w\u00a0naborze odpada 75 proc. startuj\u0105cych, wi\u0119c\u00a0nie ma szans na\u00a0zape\u0142nienie wakat\u00f3w.<\/strong><\/p>\n<p>Mariusz Kami\u0144ski, nawet je\u015bli przez\u00a0kr\u00f3tki czas b\u0119dzie szefem MSWiA \u2013 co raczej pewne, bo\u00a0wybory parlamentarne za\u00a0pasem \u2013 zmierzy si\u0119 z\u00a0problemem kadrowym w\u00a0policji. Zw\u0142aszcza \u017ce\u00a0ten szybko mo\u017ce objawi\u0107 si\u0119 w\u00a0praktyce, kiedy np.\u00a0policyjny patrol sp\u00f3\u017ani si\u0119 na\u00a0interwencj\u0119, czy\u00a0spotka si\u0119 z\u00a0krytyk\u0105 w\u00a0zwi\u0105zku z\u00a0ochron\u0105 manifestacji. Jak Kami\u0144ski sobie poradzi w\u00a0resorcie, kt\u00f3remu podlega blisko 100 tys. funkcjonariuszy, Policja b\u0119d\u0105ca na\u00a0pierwszej linii, Stra\u017c Po\u017carna czy\u00a0SOP? Zw\u0142aszcza \u017ce\u00a0jest ma\u0142o aktywny medialnie i\u00a0od miesi\u0119cy nie pokazuje si\u0119 publicznie \u2013 podsumowuje autorka artyku\u0142u.<\/p>\n<p>Om\u00f3wienie (jp)<\/p>\n<p>Ca\u0142y tekst pod\u00a0poni\u017cszym linkiem<\/p>\n<p>&nbsp;<\/p>\n<\/div>\n<div class=\"zroodloBox\"><span class=\"zrodlo\">\u017ar\u00f3d\u0142o:<\/span> <a title=\"https:\/\/www.rp.pl\/Rzad-PiS\/308119967-Zmiana-w-MSWiA-Nowy-minister-stary-problem-ubywa-policjantow.html\" href=\"https:\/\/www.rp.pl\/Rzad-PiS\/308119967-Zmiana-w-MSWiA-Nowy-minister-stary-problem-ubywa-policjantow.html\" target=\"_blank\" rel=\"noopener noreferrer\">https:\/\/www.rp.pl\/Rzad-PiS\/308119967-Zmiana-w-MSWiA-Nowy-minister-stary-problem-ubywa-policjantow.html<\/a> <span class=\"date\">2019.08.12<\/span><\/div>\n","protected":false},"excerpt":{"rendered":"<p>Policji grozi kadrowy kryzys. Nowego ministra czekaj\u0105 stare problemy. W\u00a0tym roku zwolni\u0142o si\u0119 3,2 tys.funkcjonariuszy, przyj\u0119to 1,8 tys. Policji grozi kadrowy kryzys. Nowego ministra czekaj\u0105 stare problemy \u2013 pisze Gra\u017cyna Zawadka w\u00a0Rzeczpospolitej w\u00a0artykule zatytu\u0142owanym: \u201eZmiana w\u00a0MSWiA. Nowy minister, stary problem: ubywa policjant\u00f3w\u201d. W\u00a0artykule cytowane s\u0105 wypowiedzi Rafa\u0142 Jankowski, przewodnicz\u0105cego NSZZ Policjant\u00f3w i\u00a0Andrzeja Szarego, wiceprzewodnicz\u0105cego NSZZ [&hellip;]<\/p>\n","protected":false},"author":2,"featured_media":65586,"comment_status":"closed","ping_status":"closed","sticky":false,"template":"","format":"standard","meta":{"footnotes":""},"categories":[8,28,1,446],"tags":[],"class_list":["post-65585","post","type-post","status-publish","format-standard","has-post-thumbnail","hentry","category-kolumna-3","category-baner","category-bez-kategorii","category-przeglad"],"_links":{"self":[{"href":"http:\/\/nszzp.wroclaw.pl\/index.php\/wp-json\/wp\/v2\/posts\/65585","targetHints":{"allow":["GET"]}}],"collection":[{"href":"http:\/\/nszzp.wroclaw.pl\/index.php\/wp-json\/wp\/v2\/posts"}],"about":[{"href":"http:\/\/nszzp.wroclaw.pl\/index.php\/wp-json\/wp\/v2\/types\/post"}],"author":[{"embeddable":true,"href":"http:\/\/nszzp.wroclaw.pl\/index.php\/wp-json\/wp\/v2\/users\/2"}],"replies":[{"embeddable":true,"href":"http:\/\/nszzp.wroclaw.pl\/index.php\/wp-json\/wp\/v2\/comments?post=65585"}],"version-history":[{"count":1,"href":"http:\/\/nszzp.wroclaw.pl\/index.php\/wp-json\/wp\/v2\/posts\/65585\/revisions"}],"predecessor-version":[{"id":65587,"href":"http:\/\/nszzp.wroclaw.pl\/index.php\/wp-json\/wp\/v2\/posts\/65585\/revisions\/65587"}],"wp:featuredmedia":[{"embeddable":true,"href":"http:\/\/nszzp.wroclaw.pl\/index.php\/wp-json\/wp\/v2\/media\/65586"}],"wp:attachment":[{"href":"http:\/\/nszzp.wroclaw.pl\/index.php\/wp-json\/wp\/v2\/media?parent=65585"}],"wp:term":[{"taxonomy":"category","embeddable":true,"href":"http:\/\/nszzp.wroclaw.pl\/index.php\/wp-json\/wp\/v2\/categories?post=65585"},{"taxonomy":"post_tag","embeddable":true,"href":"http:\/\/nszzp.wroclaw.pl\/index.php\/wp-json\/wp\/v2\/tags?post=65585"}],"curies":[{"name":"wp","href":"https:\/\/api.w.org\/{rel}","templated":true}]}}