{"id":65590,"date":"2019-08-13T12:29:47","date_gmt":"2019-08-13T10:29:47","guid":{"rendered":"http:\/\/nszzp.wroclaw.pl\/?p=65590"},"modified":"2019-08-13T20:52:19","modified_gmt":"2019-08-13T18:52:19","slug":"na-dolnym-slasku-brakuje-policjantow-coraz-mniej-chetnych-zglasza-sie-do-sluzby-gazeta-wroclawska","status":"publish","type":"post","link":"http:\/\/nszzp.wroclaw.pl\/index.php\/2019\/08\/13\/na-dolnym-slasku-brakuje-policjantow-coraz-mniej-chetnych-zglasza-sie-do-sluzby-gazeta-wroclawska\/","title":{"rendered":"Na Dolnym \u015al\u0105sku brakuje policjant\u00f3w. Coraz mniej ch\u0119tnych zg\u0142asza si\u0119 do s\u0142u\u017cby &#8211; Gazeta Wroc\u0142awska"},"content":{"rendered":"<h4>Dramat kadrowy na Dolnym \u015al\u0105sku. Brakuje ponad 700 policjant\u00f3w, Ch\u0119tnych brak, a ci co s\u0105 coraz cz\u0119\u015bciej odchodz\u0105 nawet bez praw emerytalnych. Coraz wi\u0119cej ludzi odchodzi do spokojniejszej i lepiej p\u0142atnej pracy. Nie zach\u0119ca nawet troch\u0119 wcze\u015bniejsza emerytura.<\/h4>\n<p>&#8211; Ca\u0142y czas prowadzimy dzia\u0142ania zwi\u0105zane z naborem \u2013 zapewnia podinsp. Krzysztof Zaporowski z Komendy Wojew\u00f3dzkiej Policji we Wroc\u0142aw &#8211;<a href=\"https:\/\/gazetawroclawska.pl\/na-dolnym-slasku-brakuje-policjantow-coraz-mniej-chetnych-zglasza-sie-do-sluzby\/ar\/c3-14347229?fbclid=IwAR011rUkm5eCt2HBAHtv-CdelIRUAqoEQdfsZx9RTVAzmQcAwvEq39srDj4\" target=\"_blank\" rel=\"noopener noreferrer\"> ca\u0142y materia\u0142 tutaj<\/a>.<\/p>\n<p><img loading=\"lazy\" decoding=\"async\" class=\"blazy aligncenter size-full wp-image-65593\" src=\"http:\/\/nszzp.wroclaw.pl\/wp-content\/themes\/newsmag-pro\/assets\/images\/picture_placeholder_list.jpg\" data-src=\"http:\/\/nszzp.wroclaw.pl\/wp-content\/uploads\/2019\/08\/foto.jpg\" alt=\"\" width=\"643\" height=\"960\" \/><noscript><img loading=\"lazy\" decoding=\"async\" class=\"aligncenter size-full wp-image-65593\" src=\"http:\/\/nszzp.wroclaw.pl\/wp-content\/uploads\/2019\/08\/foto.jpg\" alt=\"\" width=\"643\" height=\"960\" srcset=\"http:\/\/nszzp.wroclaw.pl\/wp-content\/uploads\/2019\/08\/foto.jpg 643w, http:\/\/nszzp.wroclaw.pl\/wp-content\/uploads\/2019\/08\/foto-201x300.jpg 201w\" sizes=\"auto, (max-width: 643px) 100vw, 643px\" \/><\/noscript><br \/>\nWi\u0119cej :\u00a0\u00a0<a href=\"https:\/\/gazetawroclawska.pl\/na-dolnym-slasku-brakuje-policjantow-coraz-mniej-chetnych-zglasza-sie-do-sluzby\/ar\/c3-14347229?fbclid=IwAR011rUkm5eCt2HBAHtv-CdelIRUAqoEQdfsZx9RTVAzmQcAwvEq39srDj4\" target=\"_blank\" rel=\"noopener noreferrer\"> https:\/\/gazetawroclawska.pl\/na-dolnym-slasku-brakuje-policjantow-coraz-mniej-chetnych-zglasza-sie-do-sluzby\/ar\/c3-14347229?fbclid=IwAR011rUkm5eCt2HBAHtv-CdelIRUAqoEQdfsZx9RTVAzmQcAwvEq39srDj4<\/a><\/p>\n","protected":false},"excerpt":{"rendered":"<p>Dramat kadrowy na Dolnym \u015al\u0105sku. Brakuje ponad 700 policjant\u00f3w, Ch\u0119tnych brak, a ci co s\u0105 coraz cz\u0119\u015bciej odchodz\u0105 nawet bez praw emerytalnych. Coraz wi\u0119cej ludzi odchodzi do spokojniejszej i lepiej p\u0142atnej pracy. Nie zach\u0119ca nawet troch\u0119 wcze\u015bniejsza emerytura. &#8211; Ca\u0142y czas prowadzimy dzia\u0142ania zwi\u0105zane z naborem \u2013 zapewnia podinsp. Krzysztof Zaporowski z Komendy Wojew\u00f3dzkiej Policji [&hellip;]<\/p>\n","protected":false},"author":2,"featured_media":0,"comment_status":"closed","ping_status":"closed","sticky":false,"template":"","format":"standard","meta":{"footnotes":""},"categories":[8,28,1,446],"tags":[],"class_list":["post-65590","post","type-post","status-publish","format-standard","hentry","category-kolumna-3","category-baner","category-bez-kategorii","category-przeglad"],"_links":{"self":[{"href":"http:\/\/nszzp.wroclaw.pl\/index.php\/wp-json\/wp\/v2\/posts\/65590","targetHints":{"allow":["GET"]}}],"collection":[{"href":"http:\/\/nszzp.wroclaw.pl\/index.php\/wp-json\/wp\/v2\/posts"}],"about":[{"href":"http:\/\/nszzp.wroclaw.pl\/index.php\/wp-json\/wp\/v2\/types\/post"}],"author":[{"embeddable":true,"href":"http:\/\/nszzp.wroclaw.pl\/index.php\/wp-json\/wp\/v2\/users\/2"}],"replies":[{"embeddable":true,"href":"http:\/\/nszzp.wroclaw.pl\/index.php\/wp-json\/wp\/v2\/comments?post=65590"}],"version-history":[{"count":2,"href":"http:\/\/nszzp.wroclaw.pl\/index.php\/wp-json\/wp\/v2\/posts\/65590\/revisions"}],"predecessor-version":[{"id":65594,"href":"http:\/\/nszzp.wroclaw.pl\/index.php\/wp-json\/wp\/v2\/posts\/65590\/revisions\/65594"}],"wp:attachment":[{"href":"http:\/\/nszzp.wroclaw.pl\/index.php\/wp-json\/wp\/v2\/media?parent=65590"}],"wp:term":[{"taxonomy":"category","embeddable":true,"href":"http:\/\/nszzp.wroclaw.pl\/index.php\/wp-json\/wp\/v2\/categories?post=65590"},{"taxonomy":"post_tag","embeddable":true,"href":"http:\/\/nszzp.wroclaw.pl\/index.php\/wp-json\/wp\/v2\/tags?post=65590"}],"curies":[{"name":"wp","href":"https:\/\/api.w.org\/{rel}","templated":true}]}}