{"id":65595,"date":"2019-08-13T21:27:14","date_gmt":"2019-08-13T19:27:14","guid":{"rendered":"http:\/\/nszzp.wroclaw.pl\/?p=65595"},"modified":"2019-08-13T21:27:14","modified_gmt":"2019-08-13T19:27:14","slug":"768-wakatow-w-dolnym-slasku-a-chetnych-brak-warto-poczytac-dane","status":"publish","type":"post","link":"http:\/\/nszzp.wroclaw.pl\/index.php\/2019\/08\/13\/768-wakatow-w-dolnym-slasku-a-chetnych-brak-warto-poczytac-dane\/","title":{"rendered":"768 wakat\u00f3w w Dolnym \u015al\u0105sku, a ch\u0119tnych brak. Warto poczyta\u0107 &#8211; dane"},"content":{"rendered":"<h2><b>Sytuacja kadrowa w Policji nie ulega poprawie!!!<\/b><\/h2>\n<p><b>Wed\u0142ug danych przekazanych przez KGP w trybie dost\u0119pu do informacji publicznej liczba wakat\u00f3w w Policji si\u0119 nie zmniejsza, ale ro\u015bnie, a ilo\u015b\u0107 ch\u0119tnych do Policji si\u0119 zmniejsza. Rz\u0105d RP musi jeszcze w tym roku podj\u0105\u0107 zdecydowane dzia\u0142ania aby zapobiec zbli\u017caj\u0105cemu si\u0119 w 2020 i 2021 kryzysowi kadrowemu.<\/b><\/p>\n<p><b>Zaklinanie rzeczywisto\u015bci nic tu nie da. Jest problem i dla dobra polskiej Policji, spo\u0142ecze\u0144stwa, a szczeg\u00f3lnie dla tych, kt\u00f3rzy s\u0142u\u017c\u0105 dzisiaj ponad miar\u0119 musi by\u0107 rozwi\u0105zany, bez pr\u00f3by wm\u00f3wienia opinii publicznej, \u017ce wszystko jest pod kontrol\u0105.<\/b><\/p>\n<figure id=\"attachment_65599\" aria-describedby=\"caption-attachment-65599\" style=\"width: 1024px\" class=\"wp-caption aligncenter\"><img loading=\"lazy\" decoding=\"async\" class=\"blazy size-large wp-image-65599\" src=\"http:\/\/nszzp.wroclaw.pl\/wp-content\/themes\/newsmag-pro\/assets\/images\/picture_placeholder_list.jpg\" data-src=\"http:\/\/nszzp.wroclaw.pl\/wp-content\/uploads\/2019\/08\/IMG_20181002_151848-1024x321.jpg\" alt=\"\" width=\"1024\" height=\"321\" \/><figcaption id=\"caption-attachment-65599\" class=\"wp-caption-text\"><noscript><img loading=\"lazy\" decoding=\"async\" class=\"size-large wp-image-65599\" src=\"http:\/\/nszzp.wroclaw.pl\/wp-content\/uploads\/2019\/08\/IMG_20181002_151848-1024x321.jpg\" alt=\"\" width=\"1024\" height=\"321\" srcset=\"http:\/\/nszzp.wroclaw.pl\/wp-content\/uploads\/2019\/08\/IMG_20181002_151848-1024x321.jpg 1024w, http:\/\/nszzp.wroclaw.pl\/wp-content\/uploads\/2019\/08\/IMG_20181002_151848-300x94.jpg 300w, http:\/\/nszzp.wroclaw.pl\/wp-content\/uploads\/2019\/08\/IMG_20181002_151848-768x241.jpg 768w, http:\/\/nszzp.wroclaw.pl\/wp-content\/uploads\/2019\/08\/IMG_20181002_151848.jpg 1899w\" sizes=\"auto, (max-width: 1024px) 100vw, 1024px\" \/><\/noscript> cof<\/figcaption><\/figure>\n<p><b>NSZZ Policjant\u00f3w od kilku lat zwraca uwag\u0119 na problem niedobor\u00f3w kadrowych i brak stabilnego systemu wynagradzania funkcjonariuszy Policji. Mo\u017cna sobie wyobrazi\u0107, co by si\u0119 wydarzy\u0142o gdyby nie przeprowadzona <\/b><b>w 2018 roku <\/b><b>przez Zwi\u0105zek przy oddolnym wsparciu policjantek i policjant\u00f3w\u00a0 najwi\u0119ksza w historii Policji Akcja Protestacyjna, kt\u00f3ra doprowadzi\u0142a do podpisania porozumienia.<\/b><\/p>\n<p><b>Nasz\u0105 diagnoz\u0119 potwierdzi\u0142a ostatnio w swoim raporcie Najwy\u017csza Izba Kontroli, ale Wiceminister Spraw Wewn\u0119trznych i Administracji jest odmiennego zdania i nadal uprawia polityk\u0119.<\/b><\/p>\n<p><b>W\u0142adza pa\u0144stwowa, w tym Prezydent RP zamiast epatowa\u0107 si\u0119 pluralizmem zwi\u0105zkowym i pr\u00f3b\u0105 upolitycznienia s\u0142u\u017cb mundurowych powinna skierowa\u0107 swoje wysi\u0142ki w kierunku zatrzymania w s\u0142u\u017cbie kilku tysi\u0119cy funkcjonariuszy, kt\u00f3rzy w latach 2020 i 2021 nab\u0119d\u0105 pe\u0142nych uprawnie\u0144 emerytalnych i prawdopodobnie po\u017cegnaj\u0105 si\u0119 ze s\u0142u\u017cb\u0105.<br \/>\n<\/b><\/p>\n<p><b>\u017bARTY SI\u0118 SKO\u0143CZY\u0141Y!!!<\/b><\/p>\n<h4><strong>A teraz fakty, kt\u00f3re nie wymagaj\u0105 komentarza:<\/strong><\/h4>\n<h4><strong>na dzie\u0144 1 lipca liczba wakat\u00f3w wynosi 5951, najwi\u0119cej brakuje policjant\u00f3w w KSP &#8211; 1162, Wroc\u0142awiu &#8211; 768, Wielkopolsce &#8211; 575,\u00a0 \u0141odzi &#8211; 550, Katowicach &#8211; 535, Gda\u0144sku &#8211; 525, Szczecinie &#8211; 501, Gorz\u00f3w Wielkopolski &#8211; 278; oraz WSPol &#8211; 25;<\/strong><\/h4>\n<ul>\n<li>\n<h4><strong>do s\u0142u\u017cby w 2019 roku przyj\u0119to 1798 os\u00f3b, a zwolni\u0142o si\u0119 3220 funkcjonariuszy;<\/strong><\/h4>\n<\/li>\n<\/ul>\n<ul>\n<li>\n<h4><strong>ze szkolenia podstawowego w I p\u00f3\u0142roczu 2019 roku zrezygnowa\u0142o 126 s\u0142uchaczy;<\/strong><\/h4>\n<\/li>\n<\/ul>\n<ul>\n<li>\n<h4><strong>w I p\u00f3\u0142roczu 2019 roku akces do s\u0142u\u017cby w Policji zg\u0142osi\u0142o 7981 os\u00f3b, podczas gdy w I p\u00f3\u0142roczu 2018 roku by\u0142o to 8912 os\u00f3b;<\/strong><\/h4>\n<\/li>\n<\/ul>\n<ul>\n<li>\n<h4><strong>w przeliczeniu na liczb\u0119 planowanych przyj\u0119\u0107 w 2019 na poziomie 4448\u00a0 os\u00f3b ch\u0119tnych na jedno miejsce jest 1,7 kandydata, natomiast w przeliczeniu na pe\u0142n\u0105 liczb\u0119 wakat\u00f3w jest to 1,3 <\/strong><\/h4>\n<\/li>\n<li>\n<h4><strong>kandydata na 1 miejsce.\u00a0<\/strong><\/h4>\n<\/li>\n<\/ul>\n<p><img loading=\"lazy\" decoding=\"async\" class=\"blazy aligncenter size-full wp-image-65596\" src=\"http:\/\/nszzp.wroclaw.pl\/wp-content\/themes\/newsmag-pro\/assets\/images\/picture_placeholder_list.jpg\" data-src=\"http:\/\/nszzp.wroclaw.pl\/wp-content\/uploads\/2019\/08\/kgp_2-1.jpg\" alt=\"\" width=\"1001\" height=\"995\" \/><noscript><img loading=\"lazy\" decoding=\"async\" class=\"aligncenter size-full wp-image-65596\" src=\"http:\/\/nszzp.wroclaw.pl\/wp-content\/uploads\/2019\/08\/kgp_2-1.jpg\" alt=\"\" width=\"1001\" height=\"995\" srcset=\"http:\/\/nszzp.wroclaw.pl\/wp-content\/uploads\/2019\/08\/kgp_2-1.jpg 1001w, http:\/\/nszzp.wroclaw.pl\/wp-content\/uploads\/2019\/08\/kgp_2-1-150x150.jpg 150w, http:\/\/nszzp.wroclaw.pl\/wp-content\/uploads\/2019\/08\/kgp_2-1-300x298.jpg 300w, http:\/\/nszzp.wroclaw.pl\/wp-content\/uploads\/2019\/08\/kgp_2-1-768x763.jpg 768w, http:\/\/nszzp.wroclaw.pl\/wp-content\/uploads\/2019\/08\/kgp_2-1-65x65.jpg 65w\" sizes=\"auto, (max-width: 1001px) 100vw, 1001px\" \/><\/noscript> <img loading=\"lazy\" decoding=\"async\" class=\"blazy aligncenter size-large wp-image-65597\" src=\"http:\/\/nszzp.wroclaw.pl\/wp-content\/themes\/newsmag-pro\/assets\/images\/picture_placeholder_list.jpg\" data-src=\"http:\/\/nszzp.wroclaw.pl\/wp-content\/uploads\/2019\/08\/kgp_2-2-686x1024.jpg\" alt=\"\" width=\"686\" height=\"1024\" \/><noscript><img loading=\"lazy\" decoding=\"async\" class=\"aligncenter size-large wp-image-65597\" src=\"http:\/\/nszzp.wroclaw.pl\/wp-content\/uploads\/2019\/08\/kgp_2-2-686x1024.jpg\" alt=\"\" width=\"686\" height=\"1024\" srcset=\"http:\/\/nszzp.wroclaw.pl\/wp-content\/uploads\/2019\/08\/kgp_2-2-686x1024.jpg 686w, http:\/\/nszzp.wroclaw.pl\/wp-content\/uploads\/2019\/08\/kgp_2-2-201x300.jpg 201w, http:\/\/nszzp.wroclaw.pl\/wp-content\/uploads\/2019\/08\/kgp_2-2-768x1146.jpg 768w, http:\/\/nszzp.wroclaw.pl\/wp-content\/uploads\/2019\/08\/kgp_2-2.jpg 1045w\" sizes=\"auto, (max-width: 686px) 100vw, 686px\" \/><\/noscript> <img loading=\"lazy\" decoding=\"async\" class=\"blazy aligncenter size-large wp-image-65598\" src=\"http:\/\/nszzp.wroclaw.pl\/wp-content\/themes\/newsmag-pro\/assets\/images\/picture_placeholder_list.jpg\" data-src=\"http:\/\/nszzp.wroclaw.pl\/wp-content\/uploads\/2019\/08\/kgp_2-3-1024x1019.jpg\" alt=\"\" width=\"1024\" height=\"1019\" \/><noscript><img loading=\"lazy\" decoding=\"async\" class=\"aligncenter size-large wp-image-65598\" src=\"http:\/\/nszzp.wroclaw.pl\/wp-content\/uploads\/2019\/08\/kgp_2-3-1024x1019.jpg\" alt=\"\" width=\"1024\" height=\"1019\" srcset=\"http:\/\/nszzp.wroclaw.pl\/wp-content\/uploads\/2019\/08\/kgp_2-3-1024x1019.jpg 1024w, http:\/\/nszzp.wroclaw.pl\/wp-content\/uploads\/2019\/08\/kgp_2-3-150x150.jpg 150w, http:\/\/nszzp.wroclaw.pl\/wp-content\/uploads\/2019\/08\/kgp_2-3-300x300.jpg 300w, http:\/\/nszzp.wroclaw.pl\/wp-content\/uploads\/2019\/08\/kgp_2-3-768x764.jpg 768w, http:\/\/nszzp.wroclaw.pl\/wp-content\/uploads\/2019\/08\/kgp_2-3-65x65.jpg 65w, http:\/\/nszzp.wroclaw.pl\/wp-content\/uploads\/2019\/08\/kgp_2-3.jpg 1070w\" sizes=\"auto, (max-width: 1024px) 100vw, 1024px\" \/><\/noscript><\/p>\n<p>&nbsp;<\/p>\n<p><img loading=\"lazy\" decoding=\"async\" class=\"blazy aligncenter size-large wp-image-65600\" src=\"http:\/\/nszzp.wroclaw.pl\/wp-content\/themes\/newsmag-pro\/assets\/images\/picture_placeholder_list.jpg\" data-src=\"http:\/\/nszzp.wroclaw.pl\/wp-content\/uploads\/2019\/08\/kgp_1-1024x726.jpg\" alt=\"\" width=\"1024\" height=\"726\" \/><noscript><img loading=\"lazy\" decoding=\"async\" class=\"aligncenter size-large wp-image-65600\" src=\"http:\/\/nszzp.wroclaw.pl\/wp-content\/uploads\/2019\/08\/kgp_1-1024x726.jpg\" alt=\"\" width=\"1024\" height=\"726\" srcset=\"http:\/\/nszzp.wroclaw.pl\/wp-content\/uploads\/2019\/08\/kgp_1-1024x726.jpg 1024w, http:\/\/nszzp.wroclaw.pl\/wp-content\/uploads\/2019\/08\/kgp_1-300x213.jpg 300w, http:\/\/nszzp.wroclaw.pl\/wp-content\/uploads\/2019\/08\/kgp_1-768x545.jpg 768w, http:\/\/nszzp.wroclaw.pl\/wp-content\/uploads\/2019\/08\/kgp_1.jpg 1654w\" sizes=\"auto, (max-width: 1024px) 100vw, 1024px\" \/><\/noscript><\/p>\n<p><img loading=\"lazy\" decoding=\"async\" class=\"blazy aligncenter size-large wp-image-65601\" src=\"http:\/\/nszzp.wroclaw.pl\/wp-content\/themes\/newsmag-pro\/assets\/images\/picture_placeholder_list.jpg\" data-src=\"http:\/\/nszzp.wroclaw.pl\/wp-content\/uploads\/2019\/08\/stan_zatrudnienia_na_dzien_1_stycznia_2019_roku-1-734x1024.jpg\" alt=\"\" width=\"734\" height=\"1024\" \/><noscript><img loading=\"lazy\" decoding=\"async\" class=\"aligncenter size-large wp-image-65601\" src=\"http:\/\/nszzp.wroclaw.pl\/wp-content\/uploads\/2019\/08\/stan_zatrudnienia_na_dzien_1_stycznia_2019_roku-1-734x1024.jpg\" alt=\"\" width=\"734\" height=\"1024\" srcset=\"http:\/\/nszzp.wroclaw.pl\/wp-content\/uploads\/2019\/08\/stan_zatrudnienia_na_dzien_1_stycznia_2019_roku-1-734x1024.jpg 734w, http:\/\/nszzp.wroclaw.pl\/wp-content\/uploads\/2019\/08\/stan_zatrudnienia_na_dzien_1_stycznia_2019_roku-1-215x300.jpg 215w, http:\/\/nszzp.wroclaw.pl\/wp-content\/uploads\/2019\/08\/stan_zatrudnienia_na_dzien_1_stycznia_2019_roku-1-768x1071.jpg 768w, http:\/\/nszzp.wroclaw.pl\/wp-content\/uploads\/2019\/08\/stan_zatrudnienia_na_dzien_1_stycznia_2019_roku-1.jpg 1121w\" sizes=\"auto, (max-width: 734px) 100vw, 734px\" \/><\/noscript> <img loading=\"lazy\" decoding=\"async\" class=\"blazy aligncenter size-large wp-image-65602\" src=\"http:\/\/nszzp.wroclaw.pl\/wp-content\/themes\/newsmag-pro\/assets\/images\/picture_placeholder_list.jpg\" data-src=\"http:\/\/nszzp.wroclaw.pl\/wp-content\/uploads\/2019\/08\/stan_zatrudnienia_na_dzien_1_stycznia_2019_roku-2-734x1024.jpg\" alt=\"\" width=\"734\" height=\"1024\" \/><noscript><img loading=\"lazy\" decoding=\"async\" class=\"aligncenter size-large wp-image-65602\" src=\"http:\/\/nszzp.wroclaw.pl\/wp-content\/uploads\/2019\/08\/stan_zatrudnienia_na_dzien_1_stycznia_2019_roku-2-734x1024.jpg\" alt=\"\" width=\"734\" height=\"1024\" srcset=\"http:\/\/nszzp.wroclaw.pl\/wp-content\/uploads\/2019\/08\/stan_zatrudnienia_na_dzien_1_stycznia_2019_roku-2-734x1024.jpg 734w, http:\/\/nszzp.wroclaw.pl\/wp-content\/uploads\/2019\/08\/stan_zatrudnienia_na_dzien_1_stycznia_2019_roku-2-215x300.jpg 215w, http:\/\/nszzp.wroclaw.pl\/wp-content\/uploads\/2019\/08\/stan_zatrudnienia_na_dzien_1_stycznia_2019_roku-2-768x1071.jpg 768w, http:\/\/nszzp.wroclaw.pl\/wp-content\/uploads\/2019\/08\/stan_zatrudnienia_na_dzien_1_stycznia_2019_roku-2.jpg 1121w\" sizes=\"auto, (max-width: 734px) 100vw, 734px\" \/><\/noscript><\/p>\n<p>&nbsp;<\/p>\n<p>&nbsp;<\/p>\n<p>&nbsp;<\/p>\n<p>&nbsp;<\/p>\n<p>\u017ar\u00f3d\u0142o: <a href=\"http:\/\/www.nszzpwlkp.pl\/aktualnosc,6791,0.htm?fbclid=IwAR1tBaVUIcoEPB9bz3UUp5lq6vtEMAqTVCtCWLUyx5s_QgRgk4yci8oOIh0\" target=\"_blank\" rel=\"noopener noreferrer\">http:\/\/www.nszzpwlkp.pl\/aktualnosc,6791,0.htm?fbclid=IwAR1tBaVUIcoEPB9bz3UUp5lq6vtEMAqTVCtCWLUyx5s_QgRgk4yci8oOIh0<\/a><\/p>\n<p>&nbsp;<\/p>\n<p>&nbsp;<\/p>\n<p>dane :<\/p>\n<p>&nbsp;<\/p>\n","protected":false},"excerpt":{"rendered":"<p>Sytuacja kadrowa w Policji nie ulega poprawie!!! Wed\u0142ug danych przekazanych przez KGP w trybie dost\u0119pu do informacji publicznej liczba wakat\u00f3w w Policji si\u0119 nie zmniejsza, ale ro\u015bnie, a ilo\u015b\u0107 ch\u0119tnych do Policji si\u0119 zmniejsza. Rz\u0105d RP musi jeszcze w tym roku podj\u0105\u0107 zdecydowane dzia\u0142ania aby zapobiec zbli\u017caj\u0105cemu si\u0119 w 2020 i 2021 kryzysowi kadrowemu. Zaklinanie [&hellip;]<\/p>\n","protected":false},"author":2,"featured_media":65599,"comment_status":"closed","ping_status":"closed","sticky":false,"template":"","format":"standard","meta":{"footnotes":""},"categories":[8,28,1,446],"tags":[],"class_list":["post-65595","post","type-post","status-publish","format-standard","has-post-thumbnail","hentry","category-kolumna-3","category-baner","category-bez-kategorii","category-przeglad"],"_links":{"self":[{"href":"http:\/\/nszzp.wroclaw.pl\/index.php\/wp-json\/wp\/v2\/posts\/65595","targetHints":{"allow":["GET"]}}],"collection":[{"href":"http:\/\/nszzp.wroclaw.pl\/index.php\/wp-json\/wp\/v2\/posts"}],"about":[{"href":"http:\/\/nszzp.wroclaw.pl\/index.php\/wp-json\/wp\/v2\/types\/post"}],"author":[{"embeddable":true,"href":"http:\/\/nszzp.wroclaw.pl\/index.php\/wp-json\/wp\/v2\/users\/2"}],"replies":[{"embeddable":true,"href":"http:\/\/nszzp.wroclaw.pl\/index.php\/wp-json\/wp\/v2\/comments?post=65595"}],"version-history":[{"count":1,"href":"http:\/\/nszzp.wroclaw.pl\/index.php\/wp-json\/wp\/v2\/posts\/65595\/revisions"}],"predecessor-version":[{"id":65603,"href":"http:\/\/nszzp.wroclaw.pl\/index.php\/wp-json\/wp\/v2\/posts\/65595\/revisions\/65603"}],"wp:featuredmedia":[{"embeddable":true,"href":"http:\/\/nszzp.wroclaw.pl\/index.php\/wp-json\/wp\/v2\/media\/65599"}],"wp:attachment":[{"href":"http:\/\/nszzp.wroclaw.pl\/index.php\/wp-json\/wp\/v2\/media?parent=65595"}],"wp:term":[{"taxonomy":"category","embeddable":true,"href":"http:\/\/nszzp.wroclaw.pl\/index.php\/wp-json\/wp\/v2\/categories?post=65595"},{"taxonomy":"post_tag","embeddable":true,"href":"http:\/\/nszzp.wroclaw.pl\/index.php\/wp-json\/wp\/v2\/tags?post=65595"}],"curies":[{"name":"wp","href":"https:\/\/api.w.org\/{rel}","templated":true}]}}