{"id":66019,"date":"2019-10-23T18:51:01","date_gmt":"2019-10-23T16:51:01","guid":{"rendered":"http:\/\/nszzp.wroclaw.pl\/?p=66019"},"modified":"2019-10-23T18:51:01","modified_gmt":"2019-10-23T16:51:01","slug":"przewodniczacy-piotr-malon-na-odprawie-kadry-kierowniczej-dolnoslaskiej-policji","status":"publish","type":"post","link":"http:\/\/nszzp.wroclaw.pl\/index.php\/2019\/10\/23\/przewodniczacy-piotr-malon-na-odprawie-kadry-kierowniczej-dolnoslaskiej-policji\/","title":{"rendered":"Przewodnicz\u0105cy Piotr Malon na odprawie kadry kierowniczej dolno\u015bl\u0105skiej Policji"},"content":{"rendered":"<div class=\"WidgetVeloTemplate whiteBorder\">\n<div id=\"PWidgetVeloTemplateP94511P670\" class=\"content\">\n<div class=\"bodyPortlet\">\n<div class=\"page-description bot20 text-justify\">\n<p class=\"bot0\"><strong>We Wroc\u0142awiu odby\u0142a si\u0119 narada s\u0142u\u017cbowa kadry kierowniczej dolno\u015bl\u0105skiej Policji, podczas kt\u00f3rej om\u00f3wiono aktywno\u015b\u0107 i skuteczno\u015b\u0107 funkcjonariuszy od pocz\u0105tku bie\u017c\u0105cego roku. Spotkaniu przewodniczy\u0142 Komendant Wojew\u00f3dzki Policji we Wroc\u0142awiu &#8211; nadinsp. Tomasz Trawi\u0144ski. Podczas spotkania nagrodzeni zostali najlepsi policjanci w konkursach: dzielnicowi, kierownicy dzielnicowych, oskar\u017cyciele publiczni oraz dy\u017curni jednostek organizacyjnych Policji wojew\u00f3dztwa dolno\u015bl\u0105skiego.<\/strong><\/p>\n<p class=\"bot0\"><img loading=\"lazy\" decoding=\"async\" class=\"blazy aligncenter size-full wp-image-66020\" src=\"http:\/\/nszzp.wroclaw.pl\/wp-content\/themes\/newsmag-pro\/assets\/images\/picture_placeholder_list.jpg\" data-src=\"http:\/\/nszzp.wroclaw.pl\/wp-content\/uploads\/2019\/10\/odprawa-5.jpg\" alt=\"\" width=\"800\" height=\"533\" \/><noscript><img loading=\"lazy\" decoding=\"async\" class=\"aligncenter size-full wp-image-66020\" src=\"http:\/\/nszzp.wroclaw.pl\/wp-content\/uploads\/2019\/10\/odprawa-5.jpg\" alt=\"\" width=\"800\" height=\"533\" \/><\/noscript><\/p>\n<\/div>\n<\/div>\n<\/div>\n<\/div>\n<div class=\"Content whiteBorder\">\n<div id=\"PContentP94511P605\" class=\"content\">\n<div class=\"bodyPortlet\">\n<div class=\"box-text bot20 text-justify\">\n<div>\n<p>W siedzibie Komendy Wojew\u00f3dzkiej Policji we Wroc\u0142awiu odby\u0142a si\u0119 odprawa s\u0142u\u017cbowa, kt\u00f3ra by\u0142a okazj\u0105 do podsumowania stanu bezpiecze\u0144stwa na terenie Dolnego \u015al\u0105ska oraz pracy funkcjonariuszy i pracownik\u00f3w Policji na rzecz bezpiecze\u0144stwa. Opr\u00f3cz kierownictwa dolno\u015bl\u0105skiej Policji, w odprawie udzia\u0142 wzi\u0119li komendanci miejscy i powiatowi, naczelnicy i kierownicy kom\u00f3rek organizacyjnych komendy wojew\u00f3dzkiej we Wroc\u0142awiu oraz przedstawiciele NSZZP woj. dolno\u015bl\u0105skiego.<\/p>\n<p>Podczas narady podsumowano wyniki pracy dolno\u015bl\u0105skich policjant\u00f3w osi\u0105gni\u0119te od stycznia do pa\u017adziernika br. Dotychczasow\u0105 aktywno\u015b\u0107 i skuteczno\u015b\u0107 funkcjonariuszy przedstawi\u0142\u00a0 I Zast\u0119pc\u0119 Komendanta Wojew\u00f3dzkiego Policji we Wroc\u0142awiu ds. kryminalnych &#8211; insp. Piotr Leciejewski. Wyniki pracy pionu logistycznego om\u00f3wi\u0142 Zast\u0119pca Komendanta Wojew\u00f3dzkiego Policji we Wroc\u0142awiu &#8211; podinsp. Robert Fr\u0105ckowiak. Natomiast efekty pracy pionu prewencyjnego przedstawi\u0142 Naczelnik Wydzia\u0142u Prewencji nadkom. Pawe\u0142 Adamczak.<\/p>\n<p>Podczas odprawy uroczy\u015bcie nagrodzeni zostali zwyci\u0119zcy w konkursach wojew\u00f3dzkich na najlepszego policjanta: dzielnicowego, kierownika dzielnicowych, oskarzyciela publicznego oraz dy\u017curnego. Gratulacje policjantom z\u0142o\u017cyli Komendant Wojew\u00f3dzki Policji we Wroc\u0142awiu \u2013 nadinsp. Tomasz Trawi\u0144ski, jego Zast\u0119pcy \u2013 insp. Piotr Leciejewski oraz podinsp. Robert Fr\u0105ckowiak, a tak\u017ce przewodnicz\u0105cy NSZZP woj. dolno\u015bl\u0105skiego \u2013 Piotr Malon. Najlepsi funkcjonariusze otrzymali puchary, dyplomy oraz nagrody.<\/p>\n<p>Rywalizacja funkcjonariuszy we wszystkich konkursach przebiega\u0142a na wysokim poziomie, a najlepszymi okazali si\u0119:<\/p>\n<p><strong>Najlepsi dzielnicowi:<\/strong><br \/>\n1. st. sier\u017c. Mariusz Delijewski z Komendy Miejskiej Policji w Legnicy,<br \/>\n2. asp. szt. Andrzej Wu\u017cy\u0144ski z Komendy Powiatowej Policji w Zgorzelcu,<br \/>\n3. st. sier\u017c. Tomasz Nowak z Komendy Powiatowej Policji w Wo\u0142owie.<\/p>\n<p>Dzielnicowi, kt\u00f3rzy zaj\u0119li dwa pierwsze miejsca w konkursie wojew\u00f3dzkim b\u0119d\u0105 teraz reprezentowa\u0107 Dolny \u015al\u0105sk podczas zawod\u00f3w og\u00f3lnopolskich.<\/p>\n<p><strong>Najlepsi kierownicy dzielnicowych:<\/strong><br \/>\n1. asp. szt. Krzysztof Urbanik z Komendy Powiatowej Policji w \u015awidnicy,<br \/>\n2. asp. Adrian Jakubowicz z Komendy Powiatowej Policji w Boles\u0142awcu,<br \/>\n3. asp. szt. Daniel Szersze\u0144 z Komendy Powiatowej Policji w Wo\u0142owie.<br \/>\n<strong>Najlepsi oskar\u017cyciele publiczni:<\/strong><br \/>\n1. podkom. Leszek Momot z Komendy Miejskiej Policji w Jeleniej G\u00f3rze,<br \/>\n2. kom. Andrzej Podlipski z Komendy Miejskiej Policji w Legnicy,<br \/>\n3. asp. szt. Krystian Zacierka z Komendy Powiatowej Policji w Strzelinie.<\/p>\n<p>Zwyci\u0119zca\u00a0 b\u0119dzie reprezentowa\u0107 Dolny \u015al\u0105sk ju\u017c w listopadzie na II og\u00f3lnopolskim finale, kt\u00f3ry odb\u0119dzie sie w Legionowie.<br \/>\n<strong>Najlepsi dy\u017curni jednostek organizacyjnych Policji woj. dolno\u015bl\u0105skiego:<\/strong><br \/>\n1. podkom. Krzysztof Janas z Komendy Powiatowej Policji w Zgorzelcu,<br \/>\n2. asp. szt. Ryszard Rudowicz z Komendy Powiatowej Policji w G\u0142ogowie,<br \/>\n3. asp. szt. Piotr Mroszczyk z Komendy Powiatowej Policji w O\u0142awie.<\/p>\n<p>Podkom. Krzysztof Janas b\u0119dzie reprezentowa\u0142 Komend\u0119 Wojew\u00f3dzk\u0105 Policji we Wroc\u0142awiu podczas II Og\u00f3lnopolskiego Turnieju S\u0142u\u017cby Dy\u017curnej Jednostek Organizacyjnych Policji, kt\u00f3ry odb\u0119dzie si\u0119 w Szkole Policji w Katowicach.<\/p>\n<p><img loading=\"lazy\" decoding=\"async\" class=\"blazy aligncenter size-full wp-image-66021\" src=\"http:\/\/nszzp.wroclaw.pl\/wp-content\/themes\/newsmag-pro\/assets\/images\/picture_placeholder_list.jpg\" data-src=\"http:\/\/nszzp.wroclaw.pl\/wp-content\/uploads\/2019\/10\/odprawa-7.jpg\" alt=\"\" width=\"800\" height=\"533\" \/><noscript><img loading=\"lazy\" decoding=\"async\" class=\"aligncenter size-full wp-image-66021\" src=\"http:\/\/nszzp.wroclaw.pl\/wp-content\/uploads\/2019\/10\/odprawa-7.jpg\" alt=\"\" width=\"800\" height=\"533\" srcset=\"http:\/\/nszzp.wroclaw.pl\/wp-content\/uploads\/2019\/10\/odprawa-7.jpg 800w, http:\/\/nszzp.wroclaw.pl\/wp-content\/uploads\/2019\/10\/odprawa-7-300x200.jpg 300w, http:\/\/nszzp.wroclaw.pl\/wp-content\/uploads\/2019\/10\/odprawa-7-768x512.jpg 768w\" sizes=\"auto, (max-width: 800px) 100vw, 800px\" \/><\/noscript> <img loading=\"lazy\" decoding=\"async\" class=\"blazy aligncenter size-large wp-image-66022\" src=\"http:\/\/nszzp.wroclaw.pl\/wp-content\/themes\/newsmag-pro\/assets\/images\/picture_placeholder_list.jpg\" data-src=\"http:\/\/nszzp.wroclaw.pl\/wp-content\/uploads\/2019\/10\/odprawa-19.jpg\" alt=\"\" width=\"800\" height=\"533\" \/><noscript><img loading=\"lazy\" decoding=\"async\" class=\"aligncenter size-large wp-image-66022\" src=\"http:\/\/nszzp.wroclaw.pl\/wp-content\/uploads\/2019\/10\/odprawa-19.jpg\" alt=\"\" width=\"800\" height=\"533\" srcset=\"http:\/\/nszzp.wroclaw.pl\/wp-content\/uploads\/2019\/10\/odprawa-19.jpg 800w, http:\/\/nszzp.wroclaw.pl\/wp-content\/uploads\/2019\/10\/odprawa-19-300x200.jpg 300w, http:\/\/nszzp.wroclaw.pl\/wp-content\/uploads\/2019\/10\/odprawa-19-768x512.jpg 768w\" sizes=\"auto, (max-width: 800px) 100vw, 800px\" \/><\/noscript><\/p>\n<p><u><em><strong>Wszystkim\u00a0 gratulujemy i \u017cyczymy powodzenia w finale.<\/strong><\/em><\/u><\/p>\n<p><strong>podinsp. Krzysztof Zaporowski<\/strong><\/p>\n<\/div>\n<\/div>\n<\/div>\n<\/div>\n<\/div>\n","protected":false},"excerpt":{"rendered":"<p>We Wroc\u0142awiu odby\u0142a si\u0119 narada s\u0142u\u017cbowa kadry kierowniczej dolno\u015bl\u0105skiej Policji, podczas kt\u00f3rej om\u00f3wiono aktywno\u015b\u0107 i skuteczno\u015b\u0107 funkcjonariuszy od pocz\u0105tku bie\u017c\u0105cego roku. Spotkaniu przewodniczy\u0142 Komendant Wojew\u00f3dzki Policji we Wroc\u0142awiu &#8211; nadinsp. Tomasz Trawi\u0144ski. Podczas spotkania nagrodzeni zostali najlepsi policjanci w konkursach: dzielnicowi, kierownicy dzielnicowych, oskar\u017cyciele publiczni oraz dy\u017curni jednostek organizacyjnych Policji wojew\u00f3dztwa dolno\u015bl\u0105skiego. W siedzibie Komendy [&hellip;]<\/p>\n","protected":false},"author":2,"featured_media":66020,"comment_status":"closed","ping_status":"closed","sticky":false,"template":"","format":"standard","meta":{"footnotes":""},"categories":[8,28,1,446],"tags":[],"class_list":["post-66019","post","type-post","status-publish","format-standard","has-post-thumbnail","hentry","category-kolumna-3","category-baner","category-bez-kategorii","category-przeglad"],"_links":{"self":[{"href":"http:\/\/nszzp.wroclaw.pl\/index.php\/wp-json\/wp\/v2\/posts\/66019","targetHints":{"allow":["GET"]}}],"collection":[{"href":"http:\/\/nszzp.wroclaw.pl\/index.php\/wp-json\/wp\/v2\/posts"}],"about":[{"href":"http:\/\/nszzp.wroclaw.pl\/index.php\/wp-json\/wp\/v2\/types\/post"}],"author":[{"embeddable":true,"href":"http:\/\/nszzp.wroclaw.pl\/index.php\/wp-json\/wp\/v2\/users\/2"}],"replies":[{"embeddable":true,"href":"http:\/\/nszzp.wroclaw.pl\/index.php\/wp-json\/wp\/v2\/comments?post=66019"}],"version-history":[{"count":1,"href":"http:\/\/nszzp.wroclaw.pl\/index.php\/wp-json\/wp\/v2\/posts\/66019\/revisions"}],"predecessor-version":[{"id":66023,"href":"http:\/\/nszzp.wroclaw.pl\/index.php\/wp-json\/wp\/v2\/posts\/66019\/revisions\/66023"}],"wp:featuredmedia":[{"embeddable":true,"href":"http:\/\/nszzp.wroclaw.pl\/index.php\/wp-json\/wp\/v2\/media\/66020"}],"wp:attachment":[{"href":"http:\/\/nszzp.wroclaw.pl\/index.php\/wp-json\/wp\/v2\/media?parent=66019"}],"wp:term":[{"taxonomy":"category","embeddable":true,"href":"http:\/\/nszzp.wroclaw.pl\/index.php\/wp-json\/wp\/v2\/categories?post=66019"},{"taxonomy":"post_tag","embeddable":true,"href":"http:\/\/nszzp.wroclaw.pl\/index.php\/wp-json\/wp\/v2\/tags?post=66019"}],"curies":[{"name":"wp","href":"https:\/\/api.w.org\/{rel}","templated":true}]}}