{"id":66202,"date":"2019-11-20T09:49:44","date_gmt":"2019-11-20T08:49:44","guid":{"rendered":"http:\/\/nszzp.wroclaw.pl\/?p=66202"},"modified":"2019-11-20T09:49:44","modified_gmt":"2019-11-20T08:49:44","slug":"kogo-reprezentuje-dziennikarz","status":"publish","type":"post","link":"http:\/\/nszzp.wroclaw.pl\/index.php\/2019\/11\/20\/kogo-reprezentuje-dziennikarz\/","title":{"rendered":"Kogo reprezentuje dziennikarz?"},"content":{"rendered":"<h1 class=\"entry-title\">Kogo reprezentuje dziennikarz?<\/h1>\n<p><img loading=\"lazy\" decoding=\"async\" class=\"blazy aligncenter size-full wp-image-66203\" src=\"http:\/\/nszzp.wroclaw.pl\/wp-content\/themes\/newsmag-pro\/assets\/images\/picture_placeholder_list.jpg\" data-src=\"http:\/\/nszzp.wroclaw.pl\/wp-content\/uploads\/2019\/11\/tvp3_3_dpn.jpg\" alt=\"\" width=\"730\" height=\"426\" \/><noscript><img loading=\"lazy\" decoding=\"async\" class=\"aligncenter size-full wp-image-66203\" src=\"http:\/\/nszzp.wroclaw.pl\/wp-content\/uploads\/2019\/11\/tvp3_3_dpn.jpg\" alt=\"\" width=\"730\" height=\"426\" \/><\/noscript><\/p>\n<div class=\"entry-content\">\n<p>Nie milkn\u0105 echa interwencji koni\u0144skich policjant\u00f3w, w\u00a0wyniku kt\u00f3rej \u015bmier\u0107 poni\u00f3s\u0142 21-letni m\u0119\u017cczyzna. Trudno si\u0119 temu dziwi\u0107, skoro w\u00a0podgrzewanie atmosfery i\u00a0formu\u0142owanie krytycznych opinii pod\u00a0adresem Policji anga\u017cuj\u0105 si\u0119 dziennikarze telewizji publicznej.<\/p>\n<p>Na\u00a0stronie TVP3 Pozna\u0144 obejrze\u0107 mo\u017cna wywiad, jaki w\u00a0poniedzia\u0142ek z\u00a0rzecznikiem wielkopolskiej Policji m\u0142. insp. Andrzejem Borowiakiem przeprowadzi\u0142 dziennikarz tamtejszej telewizji \u0141ukasz Maciejewski.<\/p>\n<p><img loading=\"lazy\" decoding=\"async\" class=\"blazy size-medium wp-image-19987 alignleft\" src=\"http:\/\/nszzp.wroclaw.pl\/wp-content\/themes\/newsmag-pro\/assets\/images\/picture_placeholder_list.jpg\" data-src=\"http:\/\/nszzp.pl\/wp-content\/uploads\/2019\/11\/borowiak0-297x193.jpg\" sizes=\"auto, (max-width: 297px) 85vw, 297px\" srcset=\"http:\/\/nszzp.pl\/wp-content\/uploads\/2019\/11\/borowiak0-297x193.jpg 297w, http:\/\/nszzp.pl\/wp-content\/uploads\/2019\/11\/borowiak0.jpg 630w\" alt=\"\" width=\"297\" height=\"193\" \/><noscript><img loading=\"lazy\" decoding=\"async\" class=\"size-medium wp-image-19987 alignleft\" src=\"http:\/\/nszzp.pl\/wp-content\/uploads\/2019\/11\/borowiak0-297x193.jpg\" sizes=\"auto, (max-width: 297px) 85vw, 297px\" srcset=\"http:\/\/nszzp.pl\/wp-content\/uploads\/2019\/11\/borowiak0-297x193.jpg 297w, http:\/\/nszzp.pl\/wp-content\/uploads\/2019\/11\/borowiak0.jpg 630w\" alt=\"\" width=\"297\" height=\"193\" \/><\/noscript>Dociekaj\u0105c szczeg\u00f3\u0142\u00f3w tragicznej interwencji, dziennikarz zapyta\u0142 w\u00a0pewnym momencie <strong>\u201eczy mieszka\u0144cy Konina mog\u0105 czu\u0107 si\u0119 bezpiecznie?\u201d Nie chodzi\u0142o mu jednak\u00a0o zagro\u017cenie, kt\u00f3re stwarzaj\u0105 \u201ehordy pijanych, agresywnych m\u0119\u017cczyzn\u201d, usi\u0142uj\u0105ce doprowadzi\u0107 do\u00a0zamieszek, ale\u00a0\u2013 jak stwierdzi\u0142 \u2013 \u201eo policjant\u00f3w strzelaj\u0105cych do\u00a0ludzi\u201d.<\/strong><\/p>\n<p>Prze\u015bwiadczenie zawarte w\u00a0pytaniu, \u017ce\u00a0to policjanci stanowi\u0105 zagro\u017cenie dla\u00a0mieszka\u0144c\u00f3w swojego miasta wprawi\u0142o rzecznika Policji w\u00a0os\u0142upienie. W\u00a0podobny spos\u00f3b reaguje ka\u017cdy, kto ten materia\u0142 obejrzy i\u00a0kto do\u00a0Policji nie jest w\u00a0jaki\u015b spos\u00f3b uprzedzony. (skr\u00f3t nagrania \u2013 <a href=\"https:\/\/www.facebook.com\/TVPPoznan\/videos\/757213864794340\/UzpfSTI4NTA1NDY0ODU5NDEyMTo4MDY0MzQwNjk3ODk1MDc\/\"><strong>tutaj<\/strong><\/a>)<\/p>\n<p>Postawa dziennikarza pozwala zw\u0105tpi\u0107 albo\u00a0w jego profesjonalizm, albo\u00a0w misj\u0119, jak\u0105 dziennikarstwo ma do\u00a0spe\u0142nienia w\u00a0spo\u0142ecze\u0144stwie. Z\u00a0tym drugim wi\u0105\u017ce si\u0119 inne pytanie, czyj interes reprezentuje dziennikarz? Czy\u00a0jest to w\u0142a\u015bciwie rozumiany interes spo\u0142eczny \u2013 troska o\u00a0bezpiecze\u0144stwo mieszka\u0144c\u00f3w uzale\u017cniona od skuteczno\u015bci i\u00a0konsekwencji ze strony Policji \u2013 czy\u00a0mo\u017ce bezpiecze\u0144stwo tych, kt\u00f3rzy zajmuj\u0105 si\u0119 handlem narkotykami?<\/p>\n<p><img loading=\"lazy\" decoding=\"async\" class=\"blazy wp-image-19988 alignleft\" src=\"http:\/\/nszzp.wroclaw.pl\/wp-content\/themes\/newsmag-pro\/assets\/images\/picture_placeholder_list.jpg\" data-src=\"http:\/\/nszzp.pl\/wp-content\/uploads\/2019\/11\/tvp3_2-318x193.jpg\" sizes=\"auto, (max-width: 295px) 85vw, 295px\" srcset=\"http:\/\/nszzp.pl\/wp-content\/uploads\/2019\/11\/tvp3_2-318x193.jpg 318w, http:\/\/nszzp.pl\/wp-content\/uploads\/2019\/11\/tvp3_2.jpg 634w\" alt=\"\" width=\"295\" height=\"179\" \/><noscript><img loading=\"lazy\" decoding=\"async\" class=\"wp-image-19988 alignleft\" src=\"http:\/\/nszzp.pl\/wp-content\/uploads\/2019\/11\/tvp3_2-318x193.jpg\" sizes=\"auto, (max-width: 295px) 85vw, 295px\" srcset=\"http:\/\/nszzp.pl\/wp-content\/uploads\/2019\/11\/tvp3_2-318x193.jpg 318w, http:\/\/nszzp.pl\/wp-content\/uploads\/2019\/11\/tvp3_2.jpg 634w\" alt=\"\" width=\"295\" height=\"179\" \/><\/noscript>W\u00a0chwili obecnej nie wiemy, czy\u00a0m\u0119\u017cczyzna, kt\u00f3ry zgin\u0105\u0142 sprzedawa\u0142 dzieciom \u201ebia\u0142\u0105 \u015bmier\u0107\u201d. Nie wiemy te\u017c, co by\u0142o bezpo\u015bredni\u0105 przyczyn\u0105 u\u017cycia broni przez\u00a0policjanta. Pewni jeste\u015bmy jednak\u00a0tego, \u017ce\u00a0dziennikarstwo podwa\u017caj\u0105ce zaufanie do\u00a0policjant\u00f3w ryzykuj\u0105cych w\u0142asnym \u017cyciem i\u00a0zdrowiem, by zapewnia\u0107 nam wszystkim bezpiecze\u0144stwo mo\u017ce by\u0107 przyk\u0142adem wyj\u0105tkowej nieodpowiedzialno\u015bci i\u00a0zwyk\u0142ym brakiem wyobra\u017ani.<br \/>\nZ\u00a0tego to powodu, Zarz\u0105d G\u0142\u00f3wny NSZZ Policjant\u00f3w podj\u0105\u0142 dzia\u0142ania, by dziennikarz poni\u00f3s\u0142 konsekwencje swojego wyj\u0105tkowego \u201eprofesjonalizmu\u201d. \u201eProfesjonalizmu, kt\u00f3ry u\u00a0ludzi zainteresowanych \u0142adem spo\u0142ecznym i\u00a0rozumiej\u0105cych ile to wymaga wysi\u0142k\u00f3w wywo\u0142uje prawdziw\u0105 konsternacj\u0119.<\/p>\n<p><strong>Biuro Prasowe ZG NSZZ Policjant\u00f3w<\/strong><\/p>\n<\/div>\n<div class=\"zroodloBox\"><span class=\"zrodlo\">\u017ar\u00f3d\u0142o:<\/span> <a title=\"https:\/\/poznan.tvp.pl\/45388571\/policja-po-zamieszkach-w-koninie-horda-pijanych-agresywnych-mezczyzn-nie-zagraza-nikomu-kto-mieszka-w-tym-miescie\" href=\"https:\/\/poznan.tvp.pl\/45388571\/policja-po-zamieszkach-w-koninie-horda-pijanych-agresywnych-mezczyzn-nie-zagraza-nikomu-kto-mieszka-w-tym-miescie\" target=\"_blank\" rel=\"noopener noreferrer\">https:\/\/poznan.tvp.pl\/45388571\/policja-po-zamieszkach-w-koninie-horda-pijanych-agresywnych-mezczyzn-nie-zagraza-nikomu-kto-mieszka-w-tym-miescie<\/a> <span class=\"date\">2019.11.20<\/span><\/div>\n","protected":false},"excerpt":{"rendered":"<p>Kogo reprezentuje dziennikarz? Nie milkn\u0105 echa interwencji koni\u0144skich policjant\u00f3w, w\u00a0wyniku kt\u00f3rej \u015bmier\u0107 poni\u00f3s\u0142 21-letni m\u0119\u017cczyzna. Trudno si\u0119 temu dziwi\u0107, skoro w\u00a0podgrzewanie atmosfery i\u00a0formu\u0142owanie krytycznych opinii pod\u00a0adresem Policji anga\u017cuj\u0105 si\u0119 dziennikarze telewizji publicznej. Na\u00a0stronie TVP3 Pozna\u0144 obejrze\u0107 mo\u017cna wywiad, jaki w\u00a0poniedzia\u0142ek z\u00a0rzecznikiem wielkopolskiej Policji m\u0142. insp. Andrzejem Borowiakiem przeprowadzi\u0142 dziennikarz tamtejszej telewizji \u0141ukasz Maciejewski. Dociekaj\u0105c szczeg\u00f3\u0142\u00f3w [&hellip;]<\/p>\n","protected":false},"author":2,"featured_media":66203,"comment_status":"closed","ping_status":"closed","sticky":false,"template":"","format":"standard","meta":{"footnotes":""},"categories":[28,1,446,6],"tags":[],"class_list":["post-66202","post","type-post","status-publish","format-standard","has-post-thumbnail","hentry","category-baner","category-bez-kategorii","category-przeglad","category-kolumna-1"],"_links":{"self":[{"href":"http:\/\/nszzp.wroclaw.pl\/index.php\/wp-json\/wp\/v2\/posts\/66202","targetHints":{"allow":["GET"]}}],"collection":[{"href":"http:\/\/nszzp.wroclaw.pl\/index.php\/wp-json\/wp\/v2\/posts"}],"about":[{"href":"http:\/\/nszzp.wroclaw.pl\/index.php\/wp-json\/wp\/v2\/types\/post"}],"author":[{"embeddable":true,"href":"http:\/\/nszzp.wroclaw.pl\/index.php\/wp-json\/wp\/v2\/users\/2"}],"replies":[{"embeddable":true,"href":"http:\/\/nszzp.wroclaw.pl\/index.php\/wp-json\/wp\/v2\/comments?post=66202"}],"version-history":[{"count":1,"href":"http:\/\/nszzp.wroclaw.pl\/index.php\/wp-json\/wp\/v2\/posts\/66202\/revisions"}],"predecessor-version":[{"id":66204,"href":"http:\/\/nszzp.wroclaw.pl\/index.php\/wp-json\/wp\/v2\/posts\/66202\/revisions\/66204"}],"wp:featuredmedia":[{"embeddable":true,"href":"http:\/\/nszzp.wroclaw.pl\/index.php\/wp-json\/wp\/v2\/media\/66203"}],"wp:attachment":[{"href":"http:\/\/nszzp.wroclaw.pl\/index.php\/wp-json\/wp\/v2\/media?parent=66202"}],"wp:term":[{"taxonomy":"category","embeddable":true,"href":"http:\/\/nszzp.wroclaw.pl\/index.php\/wp-json\/wp\/v2\/categories?post=66202"},{"taxonomy":"post_tag","embeddable":true,"href":"http:\/\/nszzp.wroclaw.pl\/index.php\/wp-json\/wp\/v2\/tags?post=66202"}],"curies":[{"name":"wp","href":"https:\/\/api.w.org\/{rel}","templated":true}]}}