{"id":66213,"date":"2019-11-21T15:57:01","date_gmt":"2019-11-21T14:57:01","guid":{"rendered":"http:\/\/nszzp.wroclaw.pl\/?p=66213"},"modified":"2019-11-21T15:57:01","modified_gmt":"2019-11-21T14:57:01","slug":"licznik-tyka-jak-podaje-tvn24-150-mln-zl-za-4-mln-nadgodzin","status":"publish","type":"post","link":"http:\/\/nszzp.wroclaw.pl\/index.php\/2019\/11\/21\/licznik-tyka-jak-podaje-tvn24-150-mln-zl-za-4-mln-nadgodzin\/","title":{"rendered":"Licznik tyka &#8211; jak podaje TVN24 &#8211; 150 mln z\u0142 za 4 mln nadgodzin."},"content":{"rendered":"<div>&#8222;Policjanci wypracowali ju\u017c ponad cztery miliony nadgodzin, za kt\u00f3re po raz pierwszy w historii maj\u0105 mie\u0107 zap\u0142acone. Kwota si\u0119ga oko\u0142o 150 milion\u00f3w z\u0142otych. Gdyby nawet zamiast pieni\u0119dzy chcieli wzi\u0105\u0107 wolne dni, nie jest to mo\u017cliwe, bo policja znikn\u0119\u0142aby z polskich ulic.<\/div>\n<div>\n<div>Z danych Komendy G\u0142\u00f3wnej Policji wynika, \u017ce tylko do ko\u0144ca wrze\u015bnia licznik wypracowanych przez funkcjonariuszy nadgodzin si\u0119gn\u0105\u0142 4 milion\u00f3w 13 tysi\u0119cy. &#8211; Licznik nie zatrzyma\u0142 si\u0119. P\u00f3\u017aniej przecie\u017c by\u0142y wymagaj\u0105ce mobilizacji si\u0142 marsze, uroczysto\u015bci zwi\u0105zane z obchodami Dnia Niepodleg\u0142o\u015bci, w ko\u0144cu codzienna praca \u2013 zauwa\u017ca wiceszef policyjnego zwi\u0105zku Andrzej Szary. &#8222;<\/div>\n<\/div>\n<div><\/div>\n<div><img loading=\"lazy\" decoding=\"async\" class=\"blazy aligncenter size-large wp-image-66214\" src=\"http:\/\/nszzp.wroclaw.pl\/wp-content\/themes\/newsmag-pro\/assets\/images\/picture_placeholder_list.jpg\" data-src=\"http:\/\/nszzp.wroclaw.pl\/wp-content\/uploads\/2019\/11\/adam-markowski-22z-rodzin\u0105-ccc1-1024x321.jpg\" alt=\"\" width=\"1024\" height=\"321\" \/><noscript><img loading=\"lazy\" decoding=\"async\" class=\"aligncenter size-large wp-image-66214\" src=\"http:\/\/nszzp.wroclaw.pl\/wp-content\/uploads\/2019\/11\/adam-markowski-22z-rodzin\u0105-ccc1-1024x321.jpg\" alt=\"\" width=\"1024\" height=\"321\" srcset=\"http:\/\/nszzp.wroclaw.pl\/wp-content\/uploads\/2019\/11\/adam-markowski-22z-rodzin\u0105-ccc1-1024x321.jpg 1024w, http:\/\/nszzp.wroclaw.pl\/wp-content\/uploads\/2019\/11\/adam-markowski-22z-rodzin\u0105-ccc1-300x94.jpg 300w, http:\/\/nszzp.wroclaw.pl\/wp-content\/uploads\/2019\/11\/adam-markowski-22z-rodzin\u0105-ccc1-768x241.jpg 768w, http:\/\/nszzp.wroclaw.pl\/wp-content\/uploads\/2019\/11\/adam-markowski-22z-rodzin\u0105-ccc1.jpg 1899w\" sizes=\"auto, (max-width: 1024px) 100vw, 1024px\" \/><\/noscript>foto. tvn24<\/div>\n<div><\/div>\n<div>Ca\u0142y materia\u0142 : <a href=\"https:\/\/www.tvn24.pl\/wiadomosci-z-kraju,3\/nadgodziny-w-policji-warte-150-mln-zl-4-miliony-nadgodzin-w-9-miesiecy,987117.html\" target=\"_blank\" rel=\"noopener noreferrer\">https:\/\/www.tvn24.pl\/wiadomosci-z-kraju,3\/nadgodziny-w-policji-warte-150-mln-zl-4-miliony-nadgodzin-w-9-miesiecy,987117.html<\/a><\/div>\n","protected":false},"excerpt":{"rendered":"<p>&#8222;Policjanci wypracowali ju\u017c ponad cztery miliony nadgodzin, za kt\u00f3re po raz pierwszy w historii maj\u0105 mie\u0107 zap\u0142acone. Kwota si\u0119ga oko\u0142o 150 milion\u00f3w z\u0142otych. Gdyby nawet zamiast pieni\u0119dzy chcieli wzi\u0105\u0107 wolne dni, nie jest to mo\u017cliwe, bo policja znikn\u0119\u0142aby z polskich ulic. Z danych Komendy G\u0142\u00f3wnej Policji wynika, \u017ce tylko do ko\u0144ca wrze\u015bnia licznik wypracowanych przez [&hellip;]<\/p>\n","protected":false},"author":2,"featured_media":66214,"comment_status":"closed","ping_status":"closed","sticky":false,"template":"","format":"standard","meta":{"footnotes":""},"categories":[8,28,1,446],"tags":[],"class_list":["post-66213","post","type-post","status-publish","format-standard","has-post-thumbnail","hentry","category-kolumna-3","category-baner","category-bez-kategorii","category-przeglad"],"_links":{"self":[{"href":"http:\/\/nszzp.wroclaw.pl\/index.php\/wp-json\/wp\/v2\/posts\/66213","targetHints":{"allow":["GET"]}}],"collection":[{"href":"http:\/\/nszzp.wroclaw.pl\/index.php\/wp-json\/wp\/v2\/posts"}],"about":[{"href":"http:\/\/nszzp.wroclaw.pl\/index.php\/wp-json\/wp\/v2\/types\/post"}],"author":[{"embeddable":true,"href":"http:\/\/nszzp.wroclaw.pl\/index.php\/wp-json\/wp\/v2\/users\/2"}],"replies":[{"embeddable":true,"href":"http:\/\/nszzp.wroclaw.pl\/index.php\/wp-json\/wp\/v2\/comments?post=66213"}],"version-history":[{"count":2,"href":"http:\/\/nszzp.wroclaw.pl\/index.php\/wp-json\/wp\/v2\/posts\/66213\/revisions"}],"predecessor-version":[{"id":66216,"href":"http:\/\/nszzp.wroclaw.pl\/index.php\/wp-json\/wp\/v2\/posts\/66213\/revisions\/66216"}],"wp:featuredmedia":[{"embeddable":true,"href":"http:\/\/nszzp.wroclaw.pl\/index.php\/wp-json\/wp\/v2\/media\/66214"}],"wp:attachment":[{"href":"http:\/\/nszzp.wroclaw.pl\/index.php\/wp-json\/wp\/v2\/media?parent=66213"}],"wp:term":[{"taxonomy":"category","embeddable":true,"href":"http:\/\/nszzp.wroclaw.pl\/index.php\/wp-json\/wp\/v2\/categories?post=66213"},{"taxonomy":"post_tag","embeddable":true,"href":"http:\/\/nszzp.wroclaw.pl\/index.php\/wp-json\/wp\/v2\/tags?post=66213"}],"curies":[{"name":"wp","href":"https:\/\/api.w.org\/{rel}","templated":true}]}}