{"id":66232,"date":"2019-11-25T19:38:53","date_gmt":"2019-11-25T18:38:53","guid":{"rendered":"http:\/\/nszzp.wroclaw.pl\/?p=66232"},"modified":"2019-11-25T19:38:53","modified_gmt":"2019-11-25T18:38:53","slug":"policjanci-z-piekar-slaskich-zatrzymali-dwoch-mezczyzn-ktorzy-przewozili-autem-25-kilograma-amfetaminy-sad-wypuscil-ich-na-wolnosc","status":"publish","type":"post","link":"http:\/\/nszzp.wroclaw.pl\/index.php\/2019\/11\/25\/policjanci-z-piekar-slaskich-zatrzymali-dwoch-mezczyzn-ktorzy-przewozili-autem-25-kilograma-amfetaminy-sad-wypuscil-ich-na-wolnosc\/","title":{"rendered":"Policjanci z Piekar \u015al\u0105skich zatrzymali dw\u00f3ch m\u0119\u017cczyzn, kt\u00f3rzy przewozili autem 2,5 kilograma amfetaminy. S\u0105d wypu\u015bci\u0142 ich na wolno\u015b\u0107"},"content":{"rendered":"<h4 class=\"entry-title\">Policjanci z\u00a0Piekar \u015al\u0105skich zatrzymali dw\u00f3ch m\u0119\u017cczyzn, kt\u00f3rzy przewozili autem 2,5 kilograma amfetaminy. S\u0105d wypu\u015bci\u0142 ich na\u00a0wolno\u015b\u0107<\/h4>\n<div class=\"entry-content\">\n<p>Policjanci z\u00a0Piekar \u015al\u0105skich zatrzymali dw\u00f3ch m\u0119\u017cczyzn, kt\u00f3rzy przewozili autem 2,5 kilograma amfetaminy oraz\u00a0tabletki ecstasy. S\u0105d wypu\u015bci\u0142 ich na\u00a0wolno\u015b\u0107, uznaj\u0105c, \u017ce\u00a0nie ma pewno\u015bci, czy\u00a0podejrzani wiedzieli, co wioz\u0105 \u2013 pisze Marcin Pietraszewski w\u00a0dzisiejszym wydaniu Gazety Wyborczej w\u00a0Katowicach.<\/p>\n<p><img loading=\"lazy\" decoding=\"async\" class=\"blazy aligncenter size-full wp-image-66233\" src=\"http:\/\/nszzp.wroclaw.pl\/wp-content\/themes\/newsmag-pro\/assets\/images\/picture_placeholder_list.jpg\" data-src=\"http:\/\/nszzp.wroclaw.pl\/wp-content\/uploads\/2019\/11\/s\u0105d_Tarnowskie_g\u00f3ry_dpn.jpg\" alt=\"\" width=\"730\" height=\"426\" \/><noscript><img loading=\"lazy\" decoding=\"async\" class=\"aligncenter size-full wp-image-66233\" src=\"http:\/\/nszzp.wroclaw.pl\/wp-content\/uploads\/2019\/11\/s\u0105d_Tarnowskie_g\u00f3ry_dpn.jpg\" alt=\"\" width=\"730\" height=\"426\" srcset=\"http:\/\/nszzp.wroclaw.pl\/wp-content\/uploads\/2019\/11\/s\u0105d_Tarnowskie_g\u00f3ry_dpn.jpg 730w, http:\/\/nszzp.wroclaw.pl\/wp-content\/uploads\/2019\/11\/s\u0105d_Tarnowskie_g\u00f3ry_dpn-300x175.jpg 300w\" sizes=\"auto, (max-width: 730px) 100vw, 730px\" \/><\/noscript><\/p>\n<p>Po\u00a0rozpracowaniu operacyjnym w\u00a0zasadzk\u0119 zastawion\u0105 przez\u00a0policjant\u00f3w z\u00a0Piekar \u015al\u0105skich, przy\u00a0punkcie poboru op\u0142at na\u00a0autostradzie A1 wpadli dwaj m\u0119\u017cczy\u017ani, przy\u00a0kt\u00f3rych znaleziono w\u00a0samochodzie worek z\u00a0blisko 2,5 kilograma proszku oraz\u00a050 tabletek ecstasy . Analiza narkotesterem ujawni\u0142a, \u017ce\u00a0proszek to amfetamina.<\/p>\n<p>Zatrzymanym m\u0119\u017cczyznom postawiono zarzut posiadania znacznych ilo\u015bci \u015brodk\u00f3w odurzaj\u0105cych i\u00a0z\u0142o\u017cono wniosek o\u00a0ich aresztowanie umotywowany du\u017cym prawdopodobie\u0144stwem pope\u0142nienia zarzucanego czynu, gro\u017c\u0105c\u0105 wysok\u0105 kar\u0105, a\u00a0tak\u017ce obaw\u0105 matactwa. W\u00a0zwi\u0105zku z\u00a0trwaj\u0105c\u0105 akcj\u0105 \u015bledzenia dostawc\u00f3w i\u00a0odbiorc\u00f3w amfetaminy po\u0142o\u017cono nacisk na\u00a0konieczno\u015b\u0107 odizolowania zatrzymanych.<\/p>\n<p>Jednak\u00a0s\u0105d wypu\u015bci\u0142 podejrzanych na\u00a0wolno\u015b\u0107 i\u00a0nie zastosowa\u0142 wobec nich \u017cadnego \u015brodka zapobiegawczego. S\u0119dzia stwierdzi\u0142, \u017ce\u00a0nie mo\u017cna uzna\u0107, i\u017c podejrzani dopu\u015bcili si\u0119 zarzucanego im czynu. Zdaniem s\u0119dziego przedstawione przez\u00a0policj\u0119 i\u00a0prokuratur\u0119 dowody jedynie wskazuj\u0105, \u017ce\u00a0w poje\u017adzie znajdowa\u0142y si\u0119 \u015brodki odurzaj\u0105ce. \u017baden z\u00a0tych dowod\u00f3w nie wskazuje jednak, czy\u00a0czy te \u015brodki nale\u017ca\u0142y do\u00a0podejrzanych.<\/p>\n<figure id=\"attachment_20083\" class=\"wp-caption alignleft\"><img loading=\"lazy\" decoding=\"async\" class=\"blazy wp-image-20083 size-medium\" src=\"http:\/\/nszzp.wroclaw.pl\/wp-content\/themes\/newsmag-pro\/assets\/images\/picture_placeholder_list.jpg\" data-src=\"http:\/\/nszzp.pl\/wp-content\/uploads\/2019\/11\/jankes_wyst\u0105pienie-323x193.jpg\" sizes=\"auto, (max-width: 323px) 85vw, 323px\" srcset=\"http:\/\/nszzp.pl\/wp-content\/uploads\/2019\/11\/jankes_wyst\u0105pienie-323x193.jpg 323w, http:\/\/nszzp.pl\/wp-content\/uploads\/2019\/11\/jankes_wyst\u0105pienie.jpg 709w\" alt=\"\" width=\"323\" height=\"193\" \/><noscript><img loading=\"lazy\" decoding=\"async\" class=\"wp-image-20083 size-medium\" src=\"http:\/\/nszzp.pl\/wp-content\/uploads\/2019\/11\/jankes_wyst\u0105pienie-323x193.jpg\" sizes=\"auto, (max-width: 323px) 85vw, 323px\" srcset=\"http:\/\/nszzp.pl\/wp-content\/uploads\/2019\/11\/jankes_wyst\u0105pienie-323x193.jpg 323w, http:\/\/nszzp.pl\/wp-content\/uploads\/2019\/11\/jankes_wyst\u0105pienie.jpg 709w\" alt=\"\" width=\"323\" height=\"193\" \/><\/noscript><figcaption id=\"caption-attachment-20083\" class=\"wp-caption-text\">Rafa\u0142 Jankowski<\/figcaption><\/figure>\n<p><em><strong>Cytowany w\u00a0artykule Rafa\u0142 Jankowski \u2013 Przewodnicz\u0105cy NSZZ Policjant\u00f3w i\u00a0by\u0142y kryminalny z\u00a0Piekar \u015al\u0105skich, jest zszokowany decyzj\u0105 s\u0105du. W\u00a0przesz\u0142o\u015bci sam bowiem zatrzymywa\u0142 jednego z\u00a0podejrzanych.<\/strong><\/em><\/p>\n<p><em><strong>\u2013 To nie harcerze, tylko ludzie z\u00a0p\u00f3\u0142\u015bwiatka. Ich wypuszczenie to pora\u017cka wymiaru sprawiedliwo\u015bci i\u00a0sygna\u0142 wysy\u0142any w\u00a0stron\u0119 handlarzy narkotyk\u00f3w, jak maj\u0105 si\u0119 t\u0142umaczy\u0107. Przecie\u017c takiej ilo\u015bci amfetaminy nikt nie podrzuci\u0142 zatrzymanym przez\u00a0okno do\u00a0samochodu. S\u0119dzia wykaza\u0142 si\u0119 du\u017c\u0105 naiwno\u015bci\u0105 \u2013 powiedzia\u0142 nam Jankowski.<\/strong><\/em><\/p>\n<p>Prokuratura zapowiedzia\u0142a z\u0142o\u017cenie za\u017calenia na\u00a0decyzj\u0119 s\u0105du.<\/p>\n<p>&nbsp;<\/p>\n<p>Fot. Budynek S\u0105du Rejonowego w\u00a0Tarnowskich G\u00f3rach<\/p>\n<\/div>\n<div class=\"zroodloBox\"><span class=\"zrodlo\">\u017ar\u00f3d\u0142o:<\/span> <a title=\"https:\/\/katowice.wyborcza.pl\/katowice\/7,35063,25446068,sad-wypuscil-mezczyzn-ktorzy-wiezli-2-5-kilograma-amfetaminy.html\" href=\"https:\/\/katowice.wyborcza.pl\/katowice\/7,35063,25446068,sad-wypuscil-mezczyzn-ktorzy-wiezli-2-5-kilograma-amfetaminy.html\" target=\"_blank\" rel=\"noopener noreferrer\">https:\/\/katowice.wyborcza.pl\/katowice\/7,35063,25446068,sad-wypuscil-mezczyzn-ktorzy-wiezli-2-5-kilograma-amfetaminy.html<\/a> <span class=\"date\">2019.11.25<\/span><\/div>\n","protected":false},"excerpt":{"rendered":"<p>Policjanci z\u00a0Piekar \u015al\u0105skich zatrzymali dw\u00f3ch m\u0119\u017cczyzn, kt\u00f3rzy przewozili autem 2,5 kilograma amfetaminy. S\u0105d wypu\u015bci\u0142 ich na\u00a0wolno\u015b\u0107 Policjanci z\u00a0Piekar \u015al\u0105skich zatrzymali dw\u00f3ch m\u0119\u017cczyzn, kt\u00f3rzy przewozili autem 2,5 kilograma amfetaminy oraz\u00a0tabletki ecstasy. S\u0105d wypu\u015bci\u0142 ich na\u00a0wolno\u015b\u0107, uznaj\u0105c, \u017ce\u00a0nie ma pewno\u015bci, czy\u00a0podejrzani wiedzieli, co wioz\u0105 \u2013 pisze Marcin Pietraszewski w\u00a0dzisiejszym wydaniu Gazety Wyborczej w\u00a0Katowicach. Po\u00a0rozpracowaniu operacyjnym w\u00a0zasadzk\u0119 zastawion\u0105 [&hellip;]<\/p>\n","protected":false},"author":2,"featured_media":66233,"comment_status":"closed","ping_status":"closed","sticky":false,"template":"","format":"standard","meta":{"footnotes":""},"categories":[8,28,1,446],"tags":[],"class_list":["post-66232","post","type-post","status-publish","format-standard","has-post-thumbnail","hentry","category-kolumna-3","category-baner","category-bez-kategorii","category-przeglad"],"_links":{"self":[{"href":"http:\/\/nszzp.wroclaw.pl\/index.php\/wp-json\/wp\/v2\/posts\/66232","targetHints":{"allow":["GET"]}}],"collection":[{"href":"http:\/\/nszzp.wroclaw.pl\/index.php\/wp-json\/wp\/v2\/posts"}],"about":[{"href":"http:\/\/nszzp.wroclaw.pl\/index.php\/wp-json\/wp\/v2\/types\/post"}],"author":[{"embeddable":true,"href":"http:\/\/nszzp.wroclaw.pl\/index.php\/wp-json\/wp\/v2\/users\/2"}],"replies":[{"embeddable":true,"href":"http:\/\/nszzp.wroclaw.pl\/index.php\/wp-json\/wp\/v2\/comments?post=66232"}],"version-history":[{"count":1,"href":"http:\/\/nszzp.wroclaw.pl\/index.php\/wp-json\/wp\/v2\/posts\/66232\/revisions"}],"predecessor-version":[{"id":66234,"href":"http:\/\/nszzp.wroclaw.pl\/index.php\/wp-json\/wp\/v2\/posts\/66232\/revisions\/66234"}],"wp:featuredmedia":[{"embeddable":true,"href":"http:\/\/nszzp.wroclaw.pl\/index.php\/wp-json\/wp\/v2\/media\/66233"}],"wp:attachment":[{"href":"http:\/\/nszzp.wroclaw.pl\/index.php\/wp-json\/wp\/v2\/media?parent=66232"}],"wp:term":[{"taxonomy":"category","embeddable":true,"href":"http:\/\/nszzp.wroclaw.pl\/index.php\/wp-json\/wp\/v2\/categories?post=66232"},{"taxonomy":"post_tag","embeddable":true,"href":"http:\/\/nszzp.wroclaw.pl\/index.php\/wp-json\/wp\/v2\/tags?post=66232"}],"curies":[{"name":"wp","href":"https:\/\/api.w.org\/{rel}","templated":true}]}}