{"id":66302,"date":"2019-12-03T19:30:53","date_gmt":"2019-12-03T18:30:53","guid":{"rendered":"http:\/\/nszzp.wroclaw.pl\/?p=66302"},"modified":"2019-12-03T19:30:53","modified_gmt":"2019-12-03T18:30:53","slug":"federacja-zwiazkow-zawodowych-sluzb-mundurowych-spotka-sie-jutro-z-ministrem-mariuszem-kaminskim","status":"publish","type":"post","link":"http:\/\/nszzp.wroclaw.pl\/index.php\/2019\/12\/03\/federacja-zwiazkow-zawodowych-sluzb-mundurowych-spotka-sie-jutro-z-ministrem-mariuszem-kaminskim\/","title":{"rendered":"Federacja Zwi\u0105zk\u00f3w Zawodowych S\u0142u\u017cb Mundurowych spotka si\u0119 jutro z ministrem Mariuszem Kami\u0144skim"},"content":{"rendered":"<h5 class=\"entry-title\">Federacja Zwi\u0105zk\u00f3w Zawodowych S\u0142u\u017cb Mundurowych spotka si\u0119 jutro z\u00a0ministrem Mariuszem Kami\u0144skim<\/h5>\n<p><img loading=\"lazy\" decoding=\"async\" class=\"blazy aligncenter size-full wp-image-66303\" src=\"http:\/\/nszzp.wroclaw.pl\/wp-content\/themes\/newsmag-pro\/assets\/images\/picture_placeholder_list.jpg\" data-src=\"http:\/\/nszzp.wroclaw.pl\/wp-content\/uploads\/2019\/12\/rafal_minister_kaminski_dpn.jpg\" alt=\"\" width=\"730\" height=\"426\" \/><noscript><img loading=\"lazy\" decoding=\"async\" class=\"aligncenter size-full wp-image-66303\" src=\"http:\/\/nszzp.wroclaw.pl\/wp-content\/uploads\/2019\/12\/rafal_minister_kaminski_dpn.jpg\" alt=\"\" width=\"730\" height=\"426\" \/><\/noscript><\/p>\n<p>Jutro (4 grudnia 2019\u2032) w\u00a0gmachu Ministerstwa Spraw Wewn\u0119trznych i\u00a0Administracji odb\u0119dzie si\u0119 spotkanie Federacji Zwi\u0105zk\u00f3w Zawodowych S\u0142u\u017cb Mundurowych z\u00a0ministrem Mariuszem Kami\u0144skim.<\/p>\n<p>Przewodnicz\u0105cy Federacji Zwi\u0105zk\u00f3w Zawodowych S\u0142u\u017cb Mundurowych Rafa\u0142 Jankowski wyra\u017ca oczekiwanie, \u017ce\u00a0g\u0142\u00f3wnym tematem spotkania b\u0119dzie realizacja porozumienia z\u00a0dnia 8 listopada 2018 roku, szczeg\u00f3lnie za\u015b\u00a0sprawy: przy\u015bpieszenia prac nad\u00a0art. 15a, opracowania wytycznych do\u00a0sposobu realizacji p\u0142atnych nadgodzin, wyp\u0142aty ekwiwalentu za\u00a0niewykorzystany urlop, jak r\u00f3wnie\u017c dalszych podwy\u017cek uposa\u017ce\u0144 funkcjonariuszy.<\/p>\n<p>Zdaniem Rafa\u0142a Jankowskiego czasu na\u00a0podj\u0119cie konkretnych i\u00a0merytorycznych decyzji zosta\u0142o ju\u017c bardzo ma\u0142o, dlatego\u00a0te\u017c oczekuje, \u017ce\u00a0Minister dotrzyma zobowi\u0105zania, jakie z\u0142o\u017cy\u0142 podczas wrze\u015bniowego spotkania, \u017ce\u00a0wsp\u00f3\u0142praca ze zwi\u0105zkami zawodowymi jest dla\u00a0Niego bardzo wa\u017cna i\u00a0b\u0119dzie j\u0105 kontynuowa\u0142.<\/p>\n<p>Spotkanie jutro o\u00a0godzinie 12-tej<\/p>\n<p><strong>Biuro Prasowe ZG NSZZ Policjant\u00f3w<\/strong><\/p>\n<p>&nbsp;<\/p>\n","protected":false},"excerpt":{"rendered":"<p>Federacja Zwi\u0105zk\u00f3w Zawodowych S\u0142u\u017cb Mundurowych spotka si\u0119 jutro z\u00a0ministrem Mariuszem Kami\u0144skim Jutro (4 grudnia 2019\u2032) w\u00a0gmachu Ministerstwa Spraw Wewn\u0119trznych i\u00a0Administracji odb\u0119dzie si\u0119 spotkanie Federacji Zwi\u0105zk\u00f3w Zawodowych S\u0142u\u017cb Mundurowych z\u00a0ministrem Mariuszem Kami\u0144skim. Przewodnicz\u0105cy Federacji Zwi\u0105zk\u00f3w Zawodowych S\u0142u\u017cb Mundurowych Rafa\u0142 Jankowski wyra\u017ca oczekiwanie, \u017ce\u00a0g\u0142\u00f3wnym tematem spotkania b\u0119dzie realizacja porozumienia z\u00a0dnia 8 listopada 2018 roku, szczeg\u00f3lnie za\u015b\u00a0sprawy: przy\u015bpieszenia [&hellip;]<\/p>\n","protected":false},"author":2,"featured_media":66303,"comment_status":"closed","ping_status":"closed","sticky":false,"template":"","format":"standard","meta":{"footnotes":""},"categories":[28,1,446,6],"tags":[],"class_list":["post-66302","post","type-post","status-publish","format-standard","has-post-thumbnail","hentry","category-baner","category-bez-kategorii","category-przeglad","category-kolumna-1"],"_links":{"self":[{"href":"http:\/\/nszzp.wroclaw.pl\/index.php\/wp-json\/wp\/v2\/posts\/66302","targetHints":{"allow":["GET"]}}],"collection":[{"href":"http:\/\/nszzp.wroclaw.pl\/index.php\/wp-json\/wp\/v2\/posts"}],"about":[{"href":"http:\/\/nszzp.wroclaw.pl\/index.php\/wp-json\/wp\/v2\/types\/post"}],"author":[{"embeddable":true,"href":"http:\/\/nszzp.wroclaw.pl\/index.php\/wp-json\/wp\/v2\/users\/2"}],"replies":[{"embeddable":true,"href":"http:\/\/nszzp.wroclaw.pl\/index.php\/wp-json\/wp\/v2\/comments?post=66302"}],"version-history":[{"count":1,"href":"http:\/\/nszzp.wroclaw.pl\/index.php\/wp-json\/wp\/v2\/posts\/66302\/revisions"}],"predecessor-version":[{"id":66304,"href":"http:\/\/nszzp.wroclaw.pl\/index.php\/wp-json\/wp\/v2\/posts\/66302\/revisions\/66304"}],"wp:featuredmedia":[{"embeddable":true,"href":"http:\/\/nszzp.wroclaw.pl\/index.php\/wp-json\/wp\/v2\/media\/66303"}],"wp:attachment":[{"href":"http:\/\/nszzp.wroclaw.pl\/index.php\/wp-json\/wp\/v2\/media?parent=66302"}],"wp:term":[{"taxonomy":"category","embeddable":true,"href":"http:\/\/nszzp.wroclaw.pl\/index.php\/wp-json\/wp\/v2\/categories?post=66302"},{"taxonomy":"post_tag","embeddable":true,"href":"http:\/\/nszzp.wroclaw.pl\/index.php\/wp-json\/wp\/v2\/tags?post=66302"}],"curies":[{"name":"wp","href":"https:\/\/api.w.org\/{rel}","templated":true}]}}