{"id":66414,"date":"2019-12-12T20:34:36","date_gmt":"2019-12-12T19:34:36","guid":{"rendered":"http:\/\/nszzp.wroclaw.pl\/?p=66414"},"modified":"2019-12-12T20:34:36","modified_gmt":"2019-12-12T19:34:36","slug":"sejmowa-komisja-finansow-publicznych-pozytywnie-zaopiniowala-projekt-zwiekszenia-wydatkow-na-sluzbe-zdrowia-oraz-sluzby-mundurowe","status":"publish","type":"post","link":"http:\/\/nszzp.wroclaw.pl\/index.php\/2019\/12\/12\/sejmowa-komisja-finansow-publicznych-pozytywnie-zaopiniowala-projekt-zwiekszenia-wydatkow-na-sluzbe-zdrowia-oraz-sluzby-mundurowe\/","title":{"rendered":"Sejmowa komisja finans\u00f3w publicznych pozytywnie zaopiniowa\u0142a projekt zwi\u0119kszenia wydatk\u00f3w na s\u0142u\u017cb\u0119 zdrowia oraz s\u0142u\u017cby mundurowe"},"content":{"rendered":"<h4 class=\"entry-title\">Sejmowa komisja finans\u00f3w publicznych pozytywnie zaopiniowa\u0142a projekt zwi\u0119kszenia<\/h4>\n<h4 class=\"entry-title\">wydatk\u00f3w na\u00a0s\u0142u\u017cb\u0119 zdrowia oraz\u00a0s\u0142u\u017cby mundurowe<\/h4>\n<p><img loading=\"lazy\" decoding=\"async\" class=\"blazy aligncenter size-full wp-image-66415\" src=\"http:\/\/nszzp.wroclaw.pl\/wp-content\/themes\/newsmag-pro\/assets\/images\/picture_placeholder_list.jpg\" data-src=\"http:\/\/nszzp.wroclaw.pl\/wp-content\/uploads\/2019\/12\/Komisja-Finans\u00f3w1_dpn.jpg\" alt=\"\" width=\"730\" height=\"426\" \/><noscript><img loading=\"lazy\" decoding=\"async\" class=\"aligncenter size-full wp-image-66415\" src=\"http:\/\/nszzp.wroclaw.pl\/wp-content\/uploads\/2019\/12\/Komisja-Finans\u00f3w1_dpn.jpg\" alt=\"\" width=\"730\" height=\"426\" \/><\/noscript><\/p>\n<div class=\"entry-content\">\n<p>Sejmowa komisja finans\u00f3w publicznych pozytywnie zaopiniowa\u0142a projekt zwi\u0119kszenia wydatk\u00f3w na\u00a0s\u0142u\u017cb\u0119 zdrowia oraz\u00a0s\u0142u\u017cby mundurowe. Projekt nowelizacji ustawy oko\u0142obud\u017cetowej zosta\u0142 zg\u0142oszony wczoraj w\u00a0trybie pilnym. Dzi\u015b odby\u0142o si\u0119 pierwsze czytanie.<\/p>\n<p>Wiceminister finans\u00f3w Tomasz Robaczy\u0144ski wyja\u015bnia, \u017ce\u00a0nowelizacja pozwoli przeznaczy\u0107 <strong>ewentualnie<\/strong> zaoszcz\u0119dzone \u015brodki na\u00a0potrzeby policji i\u00a0s\u0142u\u017cby zdrowia<\/p>\n<p>Jak informuje z\u00a0kolei portal infosecurity24.pl w\u00a0artykule zatytu\u0142owanym: \u201eNawet miliard z\u0142otych wi\u0119cej dla\u00a0policji jeszcze w\u00a0tym roku\u201d \u2013 Sejm w\u00a0trybie przyspieszonym pracuje nad\u00a0rz\u0105dowym projektem nowelizacji ustawy o\u00a0szczeg\u00f3lnych rozwi\u0105zaniach do\u00a0realizacji ustawy bud\u017cetowej na\u00a02019 r. Propozycja rz\u0105du przewiduje m.in. zwi\u0119kszenie jeszcze w\u00a0tym roku nawet o\u00a01 mld z\u0142 puli na\u00a0\u201eFundusz Wsparcia Policji\u201d. Dodatkowo, rz\u0105d chce przesun\u0105\u0107 ponad 100 mln z\u0142otych przeznaczonych na\u00a0modernizacj\u0119 s\u0142u\u017cb mundurowych w\u00a02019 roku, na\u00a0kolejny rok. Mo\u017cliwo\u015b\u0107 wydania tych \u015brodk\u00f3w ma tym samym nie wygasn\u0105\u0107 z\u00a0up\u0142ywem roku bud\u017cetowego i\u00a0b\u0119dzie mo\u017cna z\u00a0nich skorzysta\u0107 jeszcze do\u00a020 kwietnia przysz\u0142ego roku.<\/p>\n<p>W\u00a0czwartek rano w\u00a0Sejmie odby\u0142o si\u0119 pierwsze czytanie pilnego rz\u0105dowego projektu noweli ustawy o\u00a0szczeg\u00f3lnych rozwi\u0105zaniach do\u00a0realizacji ustawy bud\u017cetowej na\u00a02019 r. Projekt ten trafi\u0142 do\u00a0Sejmu w\u00a0\u015brod\u0119, 11 grudnia. \u201ePierwsza wa\u017cna rzecz \u2013 i\u00a0to\u00a0jest\u00a0nowo\u015b\u0107 w\u00a0stosunku do\u00a0tego, co m\u00f3wili\u015bmy na\u00a0poprzednim prezydium Sejmu \u2013 wczoraj wp\u0142yn\u0105\u0142 projekt ustawy oko\u0142obud\u017cetowej na\u00a02019 r. Pan premier Mateusz Morawiecki nada\u0142 mu klauzul\u0119 pilnego projektu, st\u0105d b\u0119dzie on procedowany na\u00a0jednym posiedzeniu Sejmu, \u017ceby m\u00f3g\u0142 trafi\u0107 jeszcze do\u00a0Senatu\u201d \u2013 powiedzia\u0142a dzi\u015b rano marsza\u0142ek Sejmu El\u017cbieta Witek.<\/p>\n<p><strong>Pilne pieni\u0105dze<\/strong><\/p>\n<p>Rz\u0105dowy projekt noweli ustawy o\u00a0szczeg\u00f3lnych rozwi\u0105zaniach s\u0142u\u017c\u0105cych realizacji ustawy bud\u017cetowej na\u00a02019 r., zak\u0142ada m.in. przekazanie ponad 100 mln z\u0142 na\u00a0modernizacj\u0119 Policji, Stra\u017cy Granicznej, Pa\u0144stwowej Stra\u017cy Po\u017carnej i\u00a0SOP, a\u00a0tak\u017ce do\u00a01 mld z\u0142otych na\u00a0Fundusz Wsparcia Policji.<\/p>\n<p>Propozycja noweli ma na\u00a0celu wprowadzenie regulacji, kt\u00f3re umo\u017cliwi\u0105 przekazanie z\u00a0bud\u017cetu pa\u0144stwa funduszy na\u00a0realizacj\u0119 zada\u0144 publicznych w\u00a0roku 2019 oraz\u00a0ich wykorzystanie po\u00a0up\u0142ywie roku bud\u017cetowego. Pieni\u0105dze te \u2013 jak zaznaczono w\u00a0uzasadnieniu projektu \u2013 b\u0119d\u0105 mog\u0142y by\u0107 wykorzystane do\u00a030 kwietnia 2020 r.<\/p>\n<p><strong>\u201eW roku 2019 \u017ar\u00f3d\u0142em przychodu Funduszu Wsparcia Policji \u2013 funduszu centralnego, o\u00a0kt\u00f3rym mowa w\u00a0art. 13 ust. 4c ustawy z\u00a0dnia 6 kwietnia 1990 r. o\u00a0Policji, mo\u017ce by\u0107 r\u00f3wnie\u017c wp\u0142ata z\u00a0bud\u017cetu pa\u0144stwa do\u00a0wysoko\u015bci 1 000 000 tys. z\u0142 przekazana przez\u00a0ministra w\u0142a\u015bciwego do\u00a0spraw wewn\u0119trznych\u201d<\/strong> \u2013 brzmi dodawany do\u00a0ustawy o\u00a0szczeg\u00f3lnych rozwi\u0105zaniach s\u0142u\u017c\u0105cych realizacji ustawy bud\u017cetowej na\u00a0rok 2019 artyku\u0142. \u015arodki pochodzi\u0107 b\u0119d\u0105 z\u00a0rezerwy celowej bud\u017cetu pa\u0144stwa, a\u00a0do ich przekazania \u201enie jest wymagane uzyskanie zgody ministra w\u0142a\u015bciwego do\u00a0spraw finans\u00f3w publicznych oraz\u00a0opinii sejmowej komisji w\u0142a\u015bciwej do\u00a0spraw bud\u017cetu\u201d.<\/p>\n<p>Jak podkre\u015bli\u0142 wiceminister finans\u00f3w Tomasz Robaczy\u0144ski, projekt noweli ma umo\u017cliwi\u0107 m.in. zasilenie z\u00a0bud\u017cetu pa\u0144stwa o\u00a0nawet 1 mld z\u0142 Fundusz Wsparcia Policji. <strong>Wiceminister zaznaczy\u0142, \u017ce\u00a0projekt pozwoli na\u00a0pokrycie w\u00a0wi\u0119kszym stopniu wydatk\u00f3w inwestycyjnych, modernizacyjnych i\u00a0remontowanych oraz\u00a0koszt\u00f3w utrzymania i\u00a0funkcjonowania jednostek organizacyjnych policji, a\u00a0tak\u017ce zakup niezb\u0119dnych na\u00a0ich potrzeby towar\u00f3w i\u00a0us\u0142ug.<\/strong><\/p>\n<p>Projekt noweli zak\u0142ada te\u017c umo\u017cliwienie wykorzystania cz\u0119\u015bci pieni\u0119dzy przeznaczonych w\u00a02019 roku na\u00a0realizacj\u0119 programu modernizacji Policji, Stra\u017cy Granicznej, Pa\u0144stwowej Stra\u017cy Po\u017carnej i\u00a0S\u0142u\u017cby Ochrony Pa\u0144stwa w\u00a0latach 2017\u20132020. Ze 103 681 320 z\u0142, pochodz\u0105cych z\u00a0tego roku, policja b\u0119dzie mog\u0142a skorzysta\u0107 do\u00a020 kwietnia 2020 roku.<\/p>\n<p>Wiceminister Robaczy\u0144ski zaznaczy\u0142, <strong>\u017ce\u00a0mimo przedstawienia projektu noweli nie ma jeszcze pewno\u015bci, i\u017c pieni\u0105dze te zostan\u0105 przekazane na\u00a0za\u0142o\u017cone cele<\/strong>. <strong>\u201eMy czekamy teraz na\u00a0wynik bud\u017cetu pa\u0144stwa i\u00a0ostateczne rozliczenia. Pod\u00a0koniec roku widzimy, kt\u00f3re \u015brodki mo\u017cna by jeszcze przeznaczy\u0107 na\u00a0NFZ (uruchomiona ma zosta\u0107 rezerwa celowa w\u00a0wysoko\u015bci 3 mld z\u0142otych z\u00a0czego 2 mld przeznaczone maj\u0105 zosta\u0107 na\u00a0Narodowy Fundusz Zdrowia \u2013 przyp. red.) i\u00a0FWP. Dlatego\u00a0w ustawie zapisany jest limit, a\u00a0nie konkretna wielko\u015b\u0107\u201d \u2013 doda\u0142.<\/strong><\/p>\n<p><strong>\u015arodki z\u00a0terminem wa\u017cno\u015bci<\/strong><\/p>\n<p>Co do\u00a0zasady niewydane w\u00a0danym roku bud\u017cetowym pieni\u0105dze trzeba zwr\u00f3ci\u0107 do\u00a0bud\u017cetu pa\u0144stwa. Bardzo cz\u0119sto zdarza si\u0119, \u017ce\u00a0koniec roku to w\u00a0wielu miejscach czas intensywnych zakup\u00f3w. Zdarza si\u0119 jednak\u00a0te\u017c tak, \u017ce\u00a0niekt\u00f3re zakupy lub\u00a0inwestycje nie zosta\u0142y wykonane w\u00a0danym roku bud\u017cetowym, lub\u00a0inwestycje czy\u00a0zakupy zosta\u0142y rozpocz\u0119te, ale\u00a0nie zako\u0144czone, i\u00a0by mog\u0142y by\u0107 sfinansowane ju\u017c w\u00a0nast\u0119pnej perspektywie bud\u017cetowej, odpowiednie \u015brodki nale\u017cy niejako \u201eprzedatowa\u0107\u201d na\u00a0kolejny rok. Powod\u00f3w konieczno\u015bci wprowadzenia takich rozwi\u0105za\u0144 mo\u017ce by\u0107 wiele. Niemniej jednak\u00a0zar\u00f3wno szybki tryb procedowania, jak i\u00a0kwota mog\u0105ca jeszcze w\u00a0tym roku trafi\u0107 do\u00a0Funduszu Wsparcia Policji, rodz\u0105 pytania.<\/p>\n<figure id=\"attachment_20410\" class=\"wp-caption alignleft\"><img loading=\"lazy\" decoding=\"async\" class=\"blazy wp-image-20410 size-medium\" src=\"http:\/\/nszzp.wroclaw.pl\/wp-content\/themes\/newsmag-pro\/assets\/images\/picture_placeholder_list.jpg\" data-src=\"http:\/\/nszzp.pl\/wp-content\/uploads\/2019\/12\/andrzej_szar1-2-245x193.jpg\" sizes=\"auto, (max-width: 245px) 85vw, 245px\" srcset=\"http:\/\/nszzp.pl\/wp-content\/uploads\/2019\/12\/andrzej_szar1-2-245x193.jpg 245w, http:\/\/nszzp.pl\/wp-content\/uploads\/2019\/12\/andrzej_szar1-2-540x426.jpg 540w, http:\/\/nszzp.pl\/wp-content\/uploads\/2019\/12\/andrzej_szar1-2-768x606.jpg 768w, http:\/\/nszzp.pl\/wp-content\/uploads\/2019\/12\/andrzej_szar1-2.jpg 790w\" alt=\"\" width=\"245\" height=\"193\" \/><noscript><img loading=\"lazy\" decoding=\"async\" class=\"wp-image-20410 size-medium\" src=\"http:\/\/nszzp.pl\/wp-content\/uploads\/2019\/12\/andrzej_szar1-2-245x193.jpg\" sizes=\"auto, (max-width: 245px) 85vw, 245px\" srcset=\"http:\/\/nszzp.pl\/wp-content\/uploads\/2019\/12\/andrzej_szar1-2-245x193.jpg 245w, http:\/\/nszzp.pl\/wp-content\/uploads\/2019\/12\/andrzej_szar1-2-540x426.jpg 540w, http:\/\/nszzp.pl\/wp-content\/uploads\/2019\/12\/andrzej_szar1-2-768x606.jpg 768w, http:\/\/nszzp.pl\/wp-content\/uploads\/2019\/12\/andrzej_szar1-2.jpg 790w\" alt=\"\" width=\"245\" height=\"193\" \/><\/noscript><figcaption id=\"caption-attachment-20410\" class=\"wp-caption-text\">Andrzej Szary<\/figcaption><\/figure>\n<p><em><strong>\u201eW ocenie zwi\u0105zku zawodowego uruchomienie dodatkowych \u015brodk\u00f3w na\u00a0poziomie miliarda z\u0142otych to\u00a0jest\u00a0wa\u017cna decyzja\u201d \u2013 m\u00f3wi w\u00a0rozmowie z\u00a0InfoSecurity24.pl Andrzej Szary, Przewodnicz\u0105cy Zarz\u0105du Wojew\u00f3dzkiego NSZZ Policjant\u00f3w wojew\u00f3dztwa wielkopolskiego. Jednak\u00a0jak dodaje, \u201eprzesuwanie ich z\u00a0rezerwy celowej do\u00a0Funduszu Wsparcia Policji jest kompletnie niezrozumiale\u201d. Jego zdaniem, \u201enale\u017cy te pieni\u0105dze bezpo\u015brednio przekaza\u0107 do\u00a0bud\u017cetu Policji\u201d.<\/strong><\/em><\/p>\n<p>Braki w\u00a0Policji s\u0105 ogromne, si\u0119gaj\u0105 kilkunastu miliard\u00f3w z\u0142otych, by zaspokoi\u0107 wszystkie potrzeby. W\u00a0tej chwili walczymy r\u00f3wnie\u017c o\u00a0podwy\u017cki dla\u00a0funkcjonariuszy, mo\u017ce warto by by\u0142o, \u017ceby ten dodatkowy miliard z\u0142otych pos\u0142u\u017cy\u0142 na\u00a0wzmocnienie systemu p\u0142ac funkcjonariuszy, kt\u00f3rzy prawdopodobnie w\u00a0nast\u0119pnych latach b\u0119d\u0105 chcieli odchodzi\u0107 ze s\u0142u\u017cby.<\/p>\n<p><em><strong>Andrzej Szary, Przewodnicz\u0105cy Zarz\u0105du Wojew\u00f3dzkiego NSZZ Policjant\u00f3w wojew\u00f3dztwa wielkopolskiego<\/strong><\/em><br \/>\n<em><strong>Dlaczego rz\u0105d zdecydowa\u0142 si\u0119 teraz na\u00a0pilne przesuwanie pieni\u0119dzy? Jak ocenia portal money.pl, \u201ewszystko po\u00a0to, by zwi\u0119kszaj\u0105c wydatki w\u00a0tym roku, m\u00f3c obni\u017cy\u0107 je w\u00a0roku przysz\u0142ym. Dzi\u0119ki temu nie b\u0119dzie potrzebna korekta bud\u017cetu\u201d.<\/strong><\/em><\/p>\n<p>Zmiany w\u00a0bud\u017cecie pozytywnie zaopiniowa\u0142a sejmowa Komisja Finans\u00f3w Publicznych, a\u00a0co za\u00a0tym idzie, wieczorne g\u0142osowanie w\u00a0sejmie wydaje si\u0119 jedynie formalno\u015bci\u0105. Pytanie o\u00a0to jak zachowa si\u0119 Senat. Marsza\u0142ek Sejmu w\u00a0porannej wypowiedzi stwierdzi\u0142a, \u017ce\u00a0chcia\u0142aby, aby\u00a0praca nad\u00a0tymi przepisami przebieg\u0142a sprawnie i\u00a0liczy w\u00a0tym wzgl\u0119dzie na\u00a0dobr\u0105 wsp\u00f3\u0142prac\u0119 z\u00a0marsza\u0142kiem Senatu Tomaszem Grodzkim.<\/p>\n<p>PAP\/DM\/MR<\/p>\n<\/div>\n<div class=\"zroodloBox\"><span class=\"zrodlo\">\u017ar\u00f3d\u0142o:<\/span> <a title=\"https:\/\/www.infosecurity24.pl\/nawet-miliard-zlotych-wiecej-dla-policji-jeszcze-w-tym-roku\" href=\"https:\/\/www.infosecurity24.pl\/nawet-miliard-zlotych-wiecej-dla-policji-jeszcze-w-tym-roku\" target=\"_blank\" rel=\"noopener noreferrer\">https:\/\/www.infosecurity24.pl\/nawet-miliard-zlotych-wiecej-dla-policji-jeszcze-w-tym-roku<\/a> <span class=\"date\">2019.12.12<\/span><\/div>\n","protected":false},"excerpt":{"rendered":"<p>Sejmowa komisja finans\u00f3w publicznych pozytywnie zaopiniowa\u0142a projekt zwi\u0119kszenia wydatk\u00f3w na\u00a0s\u0142u\u017cb\u0119 zdrowia oraz\u00a0s\u0142u\u017cby mundurowe Sejmowa komisja finans\u00f3w publicznych pozytywnie zaopiniowa\u0142a projekt zwi\u0119kszenia wydatk\u00f3w na\u00a0s\u0142u\u017cb\u0119 zdrowia oraz\u00a0s\u0142u\u017cby mundurowe. Projekt nowelizacji ustawy oko\u0142obud\u017cetowej zosta\u0142 zg\u0142oszony wczoraj w\u00a0trybie pilnym. Dzi\u015b odby\u0142o si\u0119 pierwsze czytanie. Wiceminister finans\u00f3w Tomasz Robaczy\u0144ski wyja\u015bnia, \u017ce\u00a0nowelizacja pozwoli przeznaczy\u0107 ewentualnie zaoszcz\u0119dzone \u015brodki na\u00a0potrzeby policji i\u00a0s\u0142u\u017cby zdrowia [&hellip;]<\/p>\n","protected":false},"author":2,"featured_media":66415,"comment_status":"closed","ping_status":"closed","sticky":false,"template":"","format":"standard","meta":{"footnotes":""},"categories":[8,28,1,446],"tags":[],"class_list":["post-66414","post","type-post","status-publish","format-standard","has-post-thumbnail","hentry","category-kolumna-3","category-baner","category-bez-kategorii","category-przeglad"],"_links":{"self":[{"href":"http:\/\/nszzp.wroclaw.pl\/index.php\/wp-json\/wp\/v2\/posts\/66414","targetHints":{"allow":["GET"]}}],"collection":[{"href":"http:\/\/nszzp.wroclaw.pl\/index.php\/wp-json\/wp\/v2\/posts"}],"about":[{"href":"http:\/\/nszzp.wroclaw.pl\/index.php\/wp-json\/wp\/v2\/types\/post"}],"author":[{"embeddable":true,"href":"http:\/\/nszzp.wroclaw.pl\/index.php\/wp-json\/wp\/v2\/users\/2"}],"replies":[{"embeddable":true,"href":"http:\/\/nszzp.wroclaw.pl\/index.php\/wp-json\/wp\/v2\/comments?post=66414"}],"version-history":[{"count":1,"href":"http:\/\/nszzp.wroclaw.pl\/index.php\/wp-json\/wp\/v2\/posts\/66414\/revisions"}],"predecessor-version":[{"id":66416,"href":"http:\/\/nszzp.wroclaw.pl\/index.php\/wp-json\/wp\/v2\/posts\/66414\/revisions\/66416"}],"wp:featuredmedia":[{"embeddable":true,"href":"http:\/\/nszzp.wroclaw.pl\/index.php\/wp-json\/wp\/v2\/media\/66415"}],"wp:attachment":[{"href":"http:\/\/nszzp.wroclaw.pl\/index.php\/wp-json\/wp\/v2\/media?parent=66414"}],"wp:term":[{"taxonomy":"category","embeddable":true,"href":"http:\/\/nszzp.wroclaw.pl\/index.php\/wp-json\/wp\/v2\/categories?post=66414"},{"taxonomy":"post_tag","embeddable":true,"href":"http:\/\/nszzp.wroclaw.pl\/index.php\/wp-json\/wp\/v2\/tags?post=66414"}],"curies":[{"name":"wp","href":"https:\/\/api.w.org\/{rel}","templated":true}]}}