{"id":66575,"date":"2019-12-26T10:58:21","date_gmt":"2019-12-26T09:58:21","guid":{"rendered":"http:\/\/nszzp.wroclaw.pl\/?p=66575"},"modified":"2019-12-26T10:58:21","modified_gmt":"2019-12-26T09:58:21","slug":"wystapienie-rafala-jankowskiego-na-konferencji-europejskiej-unii-policji-w-brukseli","status":"publish","type":"post","link":"http:\/\/nszzp.wroclaw.pl\/index.php\/2019\/12\/26\/wystapienie-rafala-jankowskiego-na-konferencji-europejskiej-unii-policji-w-brukseli\/","title":{"rendered":"Wyst\u0105pienie Rafa\u0142a Jankowskiego na konferencji Europejskiej Unii Policji w Brukseli"},"content":{"rendered":"<h5 class=\"entry-title\">Wyst\u0105pienie Rafa\u0142a Jankowskiego na\u00a0konferencji Europejskiej Unii Policji w\u00a0Brukseli<\/h5>\n<p><img loading=\"lazy\" decoding=\"async\" class=\"blazy aligncenter size-full wp-image-66576\" src=\"http:\/\/nszzp.wroclaw.pl\/wp-content\/themes\/newsmag-pro\/assets\/images\/picture_placeholder_list.jpg\" data-src=\"http:\/\/nszzp.wroclaw.pl\/wp-content\/uploads\/2019\/12\/bruksela_jankowski_dpn.jpg\" alt=\"\" width=\"730\" height=\"426\" \/><noscript><img loading=\"lazy\" decoding=\"async\" class=\"aligncenter size-full wp-image-66576\" src=\"http:\/\/nszzp.wroclaw.pl\/wp-content\/uploads\/2019\/12\/bruksela_jankowski_dpn.jpg\" alt=\"\" width=\"730\" height=\"426\" \/><\/noscript><\/p>\n<p>W\u00a0ubieg\u0142ym tygodniu w\u00a0Brukseli, w\u00a0Parlamencie Europejskim odby\u0142a si\u0119 konferencja zorganizowana we wsp\u00f3\u0142pracy Europejskich Konserwatyst\u00f3w i\u00a0Reformator\u00f3w i\u00a0Europejskiej Unii Policji.<\/p>\n<p>Konferencja dotyczy\u0142a zr\u00f3wnania minimalnych standard\u00f3w, kt\u00f3re powinny obowi\u0105zywa\u0107 w\u00a0formacjach policyjnych wszystkich kraj\u00f3w UE, w\u00a0 zakresie wyposa\u017cenia i\u00a0szkolenia oraz\u00a0dialogu pomi\u0119dzy rz\u0105dami a\u00a0funkcjonariuszami.<\/p>\n<p>W\u00a0konferencji wzi\u0119li udzia\u0142 przedstawiciele Policji kraj\u00f3w europejskich, Europarlamentarzy\u015bci, w\u00a0tym Joachim Brudzi\u0144ski.<\/p>\n<p>Na\u00a0zaproszenie organizator\u00f3w w\u00a0spotkaniu wzi\u0105\u0142 udzia\u0142 przewodnicz\u0105cy Rafa\u0142 Jankowski, kt\u00f3ry jako jeden z\u00a0czterech przedstawicieli policyjnych zwi\u0105zk\u00f3w zawodowych w\u00a0Europie mia\u0142 swoje wyst\u0105pienie.<\/p>\n<p><img loading=\"lazy\" decoding=\"async\" class=\"blazy size-medium wp-image-20611 alignleft\" src=\"http:\/\/nszzp.wroclaw.pl\/wp-content\/themes\/newsmag-pro\/assets\/images\/picture_placeholder_list.jpg\" data-src=\"http:\/\/nszzp.pl\/wp-content\/uploads\/2019\/12\/bruksela_jankowski3-270x193.jpg\" sizes=\"auto, (max-width: 270px) 85vw, 270px\" srcset=\"http:\/\/nszzp.pl\/wp-content\/uploads\/2019\/12\/bruksela_jankowski3-270x193.jpg 270w, http:\/\/nszzp.pl\/wp-content\/uploads\/2019\/12\/bruksela_jankowski3-596x426.jpg 596w, http:\/\/nszzp.pl\/wp-content\/uploads\/2019\/12\/bruksela_jankowski3-768x549.jpg 768w, http:\/\/nszzp.pl\/wp-content\/uploads\/2019\/12\/bruksela_jankowski3.jpg 913w\" alt=\"\" width=\"270\" height=\"193\" \/><noscript><img loading=\"lazy\" decoding=\"async\" class=\"size-medium wp-image-20611 alignleft\" src=\"http:\/\/nszzp.pl\/wp-content\/uploads\/2019\/12\/bruksela_jankowski3-270x193.jpg\" sizes=\"auto, (max-width: 270px) 85vw, 270px\" srcset=\"http:\/\/nszzp.pl\/wp-content\/uploads\/2019\/12\/bruksela_jankowski3-270x193.jpg 270w, http:\/\/nszzp.pl\/wp-content\/uploads\/2019\/12\/bruksela_jankowski3-596x426.jpg 596w, http:\/\/nszzp.pl\/wp-content\/uploads\/2019\/12\/bruksela_jankowski3-768x549.jpg 768w, http:\/\/nszzp.pl\/wp-content\/uploads\/2019\/12\/bruksela_jankowski3.jpg 913w\" alt=\"\" width=\"270\" height=\"193\" \/><\/noscript>Przewodnicz\u0105cy w\u00a0swoim wyst\u0105pieniu wspomnia\u0142 o\u00a0latach braku wsp\u00f3\u0142pracy z\u00a0MSWiA, nawi\u0105za\u0142 do\u00a0protestu polskich policjant\u00f3w i\u00a0wskaza\u0142, \u017ce\u00a0dopiero od podpisania Porozumienia w\u00a0dniu 8 listopada 2018 r. rozpocz\u0105\u0142 si\u0119 dialog pomi\u0119dzy NSZZ Policjant\u00f3w a\u00a0Ministerstwem Spraw Wewn\u0119trznych i\u00a0Administracji, kt\u00f3ry po\u00a0obj\u0119ciu resortu przez\u00a0obecnego ministra Mariusza Kami\u0144skiego nabiera w\u0142a\u015bciwego kszta\u0142tu.<\/p>\n<p>W\u00a0przem\u00f3wieniu Rafa\u0142 Jankowski poruszy\u0142 kwesti\u0119 odebrania \u015bwiadcze\u0144 emerytalnych funkcjonariuszom Policji, kt\u00f3rzy zaczynali s\u0142u\u017cb\u0119 w\u00a0poprzednim systemie bez wzgl\u0119du na\u00a0to, \u017ce\u00a0nara\u017cali przez\u00a0lata swoje \u017cycie i\u00a0zdrowie dla\u00a0zapewnienia bezpiecze\u0144stwa po\u00a01990 roku. Poruszy\u0142 te\u017c spraw\u0119 ustawy, kt\u00f3r\u0105 Prezydent RP bez jakichkolwiek konsultacji i\u00a0oczekiwa\u0144 \u015brodowiska, \u201ewprowadzi\u0142\u201d w\u00a0\u017cycie, na\u00a0zam\u00f3wienie Przewodnicz\u0105cego NSZZ \u201eSolidarno\u015b\u0107\u201d, uniemo\u017cliwiaj\u0105c pe\u0142nienie funkcji zwi\u0105zkowych policjantom wybranym przez\u00a0ich \u015brodowisko. Skierowanej na\u00a0zak\u0142adanie upolitycznionego \u017c\u00f3\u0142tego zwi\u0105zku.<\/p>\n<p>W\u00a0konkluzji wyst\u0105pienia, Rafa\u0142 Jankowski, zwr\u00f3ci\u0142 si\u0119 do\u00a0prowadz\u0105cego konferencj\u0119 Eurodeputowanego Andreia Slabakova i\u00a0szefa EPU Gerrita van de <img loading=\"lazy\" decoding=\"async\" class=\"blazy  wp-image-20612 alignleft\" src=\"http:\/\/nszzp.wroclaw.pl\/wp-content\/themes\/newsmag-pro\/assets\/images\/picture_placeholder_list.jpg\" data-src=\"http:\/\/nszzp.pl\/wp-content\/uploads\/2019\/12\/bruksela_jankowski4-330x179.jpg\" sizes=\"auto, (max-width: 273px) 85vw, 273px\" srcset=\"http:\/\/nszzp.pl\/wp-content\/uploads\/2019\/12\/bruksela_jankowski4-330x179.jpg 330w, http:\/\/nszzp.pl\/wp-content\/uploads\/2019\/12\/bruksela_jankowski4-730x396.jpg 730w, http:\/\/nszzp.pl\/wp-content\/uploads\/2019\/12\/bruksela_jankowski4-768x417.jpg 768w, http:\/\/nszzp.pl\/wp-content\/uploads\/2019\/12\/bruksela_jankowski4.jpg 801w\" alt=\"\" width=\"273\" height=\"148\" \/><noscript><img loading=\"lazy\" decoding=\"async\" class=\" wp-image-20612 alignleft\" src=\"http:\/\/nszzp.pl\/wp-content\/uploads\/2019\/12\/bruksela_jankowski4-330x179.jpg\" sizes=\"auto, (max-width: 273px) 85vw, 273px\" srcset=\"http:\/\/nszzp.pl\/wp-content\/uploads\/2019\/12\/bruksela_jankowski4-330x179.jpg 330w, http:\/\/nszzp.pl\/wp-content\/uploads\/2019\/12\/bruksela_jankowski4-730x396.jpg 730w, http:\/\/nszzp.pl\/wp-content\/uploads\/2019\/12\/bruksela_jankowski4-768x417.jpg 768w, http:\/\/nszzp.pl\/wp-content\/uploads\/2019\/12\/bruksela_jankowski4.jpg 801w\" alt=\"\" width=\"273\" height=\"148\" \/><\/noscript>Kampa, sk\u0142adaj\u0105c wniosek formalny o\u00a0to, by Europarlament przy\u00a0wsp\u00f3\u0142pracy z\u00a0EPU przygotowa\u0142 si\u0119 do\u00a0stworzenia dyrektywy, niejako zmuszaj\u0105cej rz\u0105dy pa\u0144stw zrzeszonych w\u00a0UE do\u00a0finansowania z\u00a0PKB kraj\u00f3w ustalonego procenta przeznaczanego na\u00a0bezpiecze\u0144stwo wewn\u0119trzne na\u00a0wz\u00f3r stosowany przy\u00a0finansowaniu armii. Bo\u00a0bez tego m\u00f3wienie o\u00a0minimalnych standardach w\u00a0Policji pozostanie szlachetn\u0105 utopi\u0105. A\u00a0skoro bezpiecze\u0144stwo wewn\u0119trzne Europy jest priorytetem to nie mo\u017cna na\u00a0nim oszcz\u0119dza\u0107.\u201d<\/p>\n","protected":false},"excerpt":{"rendered":"<p>Wyst\u0105pienie Rafa\u0142a Jankowskiego na\u00a0konferencji Europejskiej Unii Policji w\u00a0Brukseli W\u00a0ubieg\u0142ym tygodniu w\u00a0Brukseli, w\u00a0Parlamencie Europejskim odby\u0142a si\u0119 konferencja zorganizowana we wsp\u00f3\u0142pracy Europejskich Konserwatyst\u00f3w i\u00a0Reformator\u00f3w i\u00a0Europejskiej Unii Policji. Konferencja dotyczy\u0142a zr\u00f3wnania minimalnych standard\u00f3w, kt\u00f3re powinny obowi\u0105zywa\u0107 w\u00a0formacjach policyjnych wszystkich kraj\u00f3w UE, w\u00a0 zakresie wyposa\u017cenia i\u00a0szkolenia oraz\u00a0dialogu pomi\u0119dzy rz\u0105dami a\u00a0funkcjonariuszami. W\u00a0konferencji wzi\u0119li udzia\u0142 przedstawiciele Policji kraj\u00f3w europejskich, Europarlamentarzy\u015bci, w\u00a0tym [&hellip;]<\/p>\n","protected":false},"author":2,"featured_media":66576,"comment_status":"closed","ping_status":"closed","sticky":false,"template":"","format":"standard","meta":{"footnotes":""},"categories":[28,1,446,6],"tags":[],"class_list":["post-66575","post","type-post","status-publish","format-standard","has-post-thumbnail","hentry","category-baner","category-bez-kategorii","category-przeglad","category-kolumna-1"],"_links":{"self":[{"href":"http:\/\/nszzp.wroclaw.pl\/index.php\/wp-json\/wp\/v2\/posts\/66575","targetHints":{"allow":["GET"]}}],"collection":[{"href":"http:\/\/nszzp.wroclaw.pl\/index.php\/wp-json\/wp\/v2\/posts"}],"about":[{"href":"http:\/\/nszzp.wroclaw.pl\/index.php\/wp-json\/wp\/v2\/types\/post"}],"author":[{"embeddable":true,"href":"http:\/\/nszzp.wroclaw.pl\/index.php\/wp-json\/wp\/v2\/users\/2"}],"replies":[{"embeddable":true,"href":"http:\/\/nszzp.wroclaw.pl\/index.php\/wp-json\/wp\/v2\/comments?post=66575"}],"version-history":[{"count":1,"href":"http:\/\/nszzp.wroclaw.pl\/index.php\/wp-json\/wp\/v2\/posts\/66575\/revisions"}],"predecessor-version":[{"id":66577,"href":"http:\/\/nszzp.wroclaw.pl\/index.php\/wp-json\/wp\/v2\/posts\/66575\/revisions\/66577"}],"wp:featuredmedia":[{"embeddable":true,"href":"http:\/\/nszzp.wroclaw.pl\/index.php\/wp-json\/wp\/v2\/media\/66576"}],"wp:attachment":[{"href":"http:\/\/nszzp.wroclaw.pl\/index.php\/wp-json\/wp\/v2\/media?parent=66575"}],"wp:term":[{"taxonomy":"category","embeddable":true,"href":"http:\/\/nszzp.wroclaw.pl\/index.php\/wp-json\/wp\/v2\/categories?post=66575"},{"taxonomy":"post_tag","embeddable":true,"href":"http:\/\/nszzp.wroclaw.pl\/index.php\/wp-json\/wp\/v2\/tags?post=66575"}],"curies":[{"name":"wp","href":"https:\/\/api.w.org\/{rel}","templated":true}]}}