{"id":66585,"date":"2019-12-29T13:45:36","date_gmt":"2019-12-29T12:45:36","guid":{"rendered":"http:\/\/nszzp.wroclaw.pl\/?p=66585"},"modified":"2019-12-29T13:45:36","modified_gmt":"2019-12-29T12:45:36","slug":"rzad-przyjal-projekt-budzetu-na-2020-rok-czy-nastapi-odmrozenie-kwoty-bazowej-dla-funkcjonariuszy","status":"publish","type":"post","link":"http:\/\/nszzp.wroclaw.pl\/index.php\/2019\/12\/29\/rzad-przyjal-projekt-budzetu-na-2020-rok-czy-nastapi-odmrozenie-kwoty-bazowej-dla-funkcjonariuszy\/","title":{"rendered":"Rz\u0105d przyj\u0105\u0142 projekt bud\u017cetu na 2020 rok. Czy nast\u0105pi odmro\u017cenie kwoty bazowej dla funkcjonariuszy?"},"content":{"rendered":"<h4 class=\"entry-title\">Rz\u0105d przyj\u0105\u0142 projekt bud\u017cetu na\u00a02020 rok. Czy\u00a0nast\u0105pi odmro\u017cenie kwoty bazowej dla\u00a0funkcjonariuszy?<\/h4>\n<p><img loading=\"lazy\" decoding=\"async\" class=\"blazy aligncenter size-full wp-image-66586\" src=\"http:\/\/nszzp.wroclaw.pl\/wp-content\/themes\/newsmag-pro\/assets\/images\/picture_placeholder_list.jpg\" data-src=\"http:\/\/nszzp.wroclaw.pl\/wp-content\/uploads\/2019\/12\/a_posiedzenie_rzadu_dpn.jpg\" alt=\"\" width=\"730\" height=\"426\" \/><noscript><img loading=\"lazy\" decoding=\"async\" class=\"aligncenter size-full wp-image-66586\" src=\"http:\/\/nszzp.wroclaw.pl\/wp-content\/uploads\/2019\/12\/a_posiedzenie_rzadu_dpn.jpg\" alt=\"\" width=\"730\" height=\"426\" \/><\/noscript><\/p>\n<div class=\"entry-content\">\n<p>Rada Ministr\u00f3w 23 grudnia br. przyj\u0119\u0142a projekt ustawy bud\u017cetowej na\u00a02020 rok. Jak przekonywa\u0142 premier Mateusz Morawiecki, przysz\u0142oroczny bud\u017cet zapewnia zbilansowanie wydatk\u00f3w i\u00a0dochod\u00f3w pa\u0144stwa, a\u00a0co za\u00a0tym idzie, jak na\u00a0razie, rz\u0105dz\u0105cy nie przewiduj\u0105 deficytu. Powody do\u00a0zadowolenia mog\u0105 mie\u0107 funkcjonariusze s\u0142u\u017cb mundurowych i\u00a0\u017co\u0142nierze. Zgodnie z\u00a0przyj\u0119tym dokumentem, w\u00a0przysz\u0142ym roku, pierwszy raz od lat, wzrosn\u0105\u0107 ma kwota bazowa, kt\u00f3ra ma wp\u0142yw na\u00a0mundurowe pensje. Je\u015bli proponowane przez\u00a0rz\u0105d zapisy nie zostan\u0105 zmienione w\u00a0toku prac parlamentarnych, w\u00a0przysz\u0142ym roku kwota bazowa wzro\u015bnie z\u00a0dotychczasowego poziomu 1523,29 z\u0142otych do\u00a01614,69 z\u0142. \u2013\u00a0 informuje portal Infosecurity24.pl w\u00a0artykule zatytu\u0142owanym: \u201d Odmro\u017cenie kwoty bazowej dla\u00a0funkcjonariuszy coraz bli\u017cej. Projekt bud\u017cetu trafi\u0142 do\u00a0Sejmu\u201d.<\/p>\n<p>Rz\u0105d musia\u0142 zaj\u0105\u0107 si\u0119 projektem bud\u017cetu ju\u017c po\u00a0raz drugi w\u00a0ostatnich miesi\u0105cach. We wrze\u015bniu Rada Ministr\u00f3w przyj\u0119\u0142a projekt ustawy bud\u017cetowej na\u00a0przysz\u0142y rok, jednak\u00a0ze wzgl\u0119du na\u00a0pa\u017adziernikowe wybory i\u00a0parlamentarn\u0105 zasad\u0119 dyskontynuacji, konieczne by\u0142o ponowne procedowanie dokumentu. Pod\u00a0obrady rz\u0105du trafi\u0142 on niemal w\u00a0niezmienionej formie, cho\u0107\u00a0jak podkre\u015blali przedstawiciele ministerstwa finans\u00f3w, niewielkie zmiany zosta\u0142y wprowadzone. Niezmieniona zosta\u0142a jednak\u00a0wysoko\u015b\u0107 kwoty bazowej jak\u0105 rz\u0105dz\u0105cy planuj\u0105 ustali\u0107 na\u00a0przysz\u0142y rok. Zgodnie z\u00a0dokumentem od stycznia 2020 roku ma ona wynie\u015b\u0107 dla\u00a0funkcjonariuszy oraz\u00a0\u017co\u0142nierzy 1614,69 z\u0142, co oznacza, \u017ce\u00a0wzro\u015bnie o\u00a091,4 z\u0142, z\u00a0niezmienianego od 10 lat poziomu 1523,29 z\u0142. Nieco inaczej sprawa wygl\u0105da w\u00a0S\u0142u\u017cbie Celno-Skarbowej. W\u00a0SCS kwota bazowa utrzymuje si\u0119 bowiem na\u00a0poziomie 1701,09 z\u0142, a\u00a0od stycznia wzrosn\u0105\u0107 ma do\u00a01803,16 z\u0142.<\/p>\n<p>Projekt ustawy bud\u017cetowej na\u00a02020 rok do\u00a0Sejmu trafi\u0142 24 grudnia i\u00a0zosta\u0142 skierowany do\u00a0pierwszego czytania. To pocz\u0105tek legislacyjnej drogi najwa\u017cniejszego, z\u00a0finansowego punktu widzenia, dokumentu w\u00a0pa\u0144stwie. I\u00a0o\u00a0ile mo\u017cna si\u0119 spodziewa\u0107, \u017ce\u00a0przez\u00a0Sejm projekt przyj\u0119ty zostanie stosunkowo szybko, to jak zachowa si\u0119 Senat pozostaje wci\u0105\u017c pytaniem otwartym.<\/p>\n<p><strong>Podwy\u017cki tu\u017c tu\u017c<\/strong><\/p>\n<p>Dlaczego podniesienie wysoko\u015bci kwoty bazowej tak elektryzuje mundurowe \u015brodowisko? Po\u00a0pierwsze, nie zmienia\u0142a si\u0119 ona przez\u00a010 ostatnich lat. Po\u00a0drugie, chodzi o\u00a0spos\u00f3b w\u00a0jaki obliczane jest uposa\u017cenie funkcjonariuszy, a\u00a0do wyliczenia jego przeci\u0119tnej wysoko\u015bci u\u017cywa si\u0119 w\u0142a\u015bnie m.in. kwoty bazowej, kt\u00f3ra okre\u015blana jest co roku w\u00a0ustawie bud\u017cetowej. Pytaniem, kt\u00f3re pojawia si\u0119 w\u00a0zwi\u0105zku z\u00a0planowanymi zmianami jest to, jak ta decyzja realnie prze\u0142o\u017cy si\u0119 na\u00a0mundurowe uposa\u017cenia. Odpowied\u017a nie jest jednak\u00a0wcale taka prosta.<\/p>\n<p>Co do\u00a0zasady, wzrost kwoty bazowej powinien prze\u0142o\u017cy\u0107 si\u0119 na\u00a0wy\u017csze pensje dla\u00a0mundurowych. S\u0142owem klucz w\u00a0tym przypadku, jest \u201eco do\u00a0zasady\u201d. Wszystko dlatego, \u017ce\u00a0trudno dzi\u015b przewidywa\u0107 jak odmro\u017cenie niezmienianej od 10 lat kwoty korelowa\u0107 b\u0119dzie z\u00a0podwy\u017ckami, kt\u00f3re obiecano mundurowym w\u00a0przysz\u0142ym roku. Teoretycznie mo\u017cliwych scenariuszy jest co najmniej kilka. Od tego, kt\u00f3ry zak\u0142ada, \u017ce\u00a0wzrost uposa\u017ce\u0144 zwi\u0105zanych z\u00a0podniesieniem kwoty bazowej b\u0119dzie niezale\u017cny od obiecanej 500 z\u0142otowej podwy\u017cki, przez\u00a0rozwi\u0105zania jedynie po\u00a0cz\u0119\u015bci \u201ekonsumuj\u0105ce\u201d zwi\u0119kszenie pensji \u201ez kwoty bazowej\u201d na\u00a0rzecz obiecanego wzrostu wynagrodze\u0144, a\u017c po\u00a0za\u0142o\u017cenie, \u017ce\u00a0wzrost kwoty bazowej, i\u00a0wynikaj\u0105ce z\u00a0tego zwi\u0119kszenie uposa\u017cenia, b\u0119dzie cz\u0119\u015bci\u0105 tego co mundurowi i\u00a0tak mieli otrzyma\u0107. W\u00a0tym ostatnim przypadku, samo podniesienie kwoty bazowej, jak informowa\u0142 InfoSecurity24.pl ju\u017c we wrze\u015bniu, mo\u017ce jednak\u00a0nie wystarczy\u0107 i\u00a0konieczne b\u0119dzie tak\u017ce zwi\u0119kszenie mno\u017cnik\u00f3w w\u00a0poszczeg\u00f3lnych formacjach.<\/p>\n<p>Rozszyfrowanie rz\u0105dowych plan\u00f3w jest tym trudniejsze, \u017ce\u00a0jak na\u00a0razie jednak\u00a0MSWIA nie przygotowa\u0142o specjalnych rozporz\u0105dze\u0144 zwi\u0105zanych z\u00a0podniesieniem wielokrotno\u015bci (mno\u017cnika) kwoty bazowej, a\u00a0to w\u0142a\u015bnie przy\u00a0u\u017cyciu tych dw\u00f3ch zmiennych okre\u015blane s\u0105 przeci\u0119tne uposa\u017cenia w\u00a0ka\u017cdej z\u00a0formacji. Co wi\u0119cej, trzeba te\u017c pami\u0119ta\u0107, \u017ce\u00a0ustawa bud\u017cetowa na\u00a0przysz\u0142y rok to wci\u0105\u017c projekt, w\u00a0kt\u00f3rym pojawi\u0107 mog\u0105 si\u0119 jeszcze zmiany. Te wprowadzi\u0107 mog\u0105 zar\u00f3wno pos\u0142owie na\u00a0etapie prac w\u00a0komisjach, jak i\u00a0senatorowie.<\/p>\n<p>Wydaje si\u0119, \u017ce\u00a0mundurowi mog\u0105 by\u0107 jednak\u00a0spokojni. Podwy\u017cki w\u00a0przysz\u0142ym roku, zgodnie z\u00a0zapowiedziami kierownictwa MSWiA, powinny trafi\u0107 na\u00a0konta funkcjonariuszy. Jak przekonywa\u0142 niedawno podczas posiedzenia sejmowej komisji administracji i\u00a0spraw wewn\u0119trznych szef MSWiA Mariusz Kami\u0144ski, zgodnie z\u00a0podpisanym w\u00a0listopadzie ubieg\u0142ego roku porozumieniem, od stycznia mundurowym wyp\u0142acona zostanie kolejna tura podwy\u017cek w\u00a0wysoko\u015bci 500 z\u0142otych brutto na\u00a0ka\u017cdy etat wraz z\u00a0nagrod\u0105 roczn\u0105. Maciej W\u0105sik doda\u0142, \u017ce\u00a0resortowi zale\u017cy na\u00a0tym, by kwoty te by\u0142y jak najbardziej \u201esp\u0142aszczone\u201d, tzn. by w\u00a0mo\u017cliwie r\u00f3wnej wysoko\u015bci trafia\u0142y do\u00a0wszystkich mundurowych. Jak doda\u0142, mog\u0105 wyst\u0105pi\u0107 rozbie\u017cno\u015bci jednak\u00a0na poziomie kilkudziesi\u0119ciu, a\u00a0nie kilkuset z\u0142otych. \u201eNie b\u0119dzie tak, \u017ce\u00a0na dole policjant dostanie 120 z\u0142, a\u00a0komendant 1200 z\u0142otych\u201d \u2013 zapewnia\u0142 wiceszef MSWiA.<\/p>\n<\/div>\n<div class=\"zroodloBox\"><span class=\"zrodlo\">\u017ar\u00f3d\u0142o:<\/span> <a title=\"https:\/\/infosecurity24.pl\/odmrozenie-kwoty-bazowej-dla-funkcjonariuszy-coraz-blizej-projekt-budzetu-trafil-do-sejmu\" href=\"https:\/\/infosecurity24.pl\/odmrozenie-kwoty-bazowej-dla-funkcjonariuszy-coraz-blizej-projekt-budzetu-trafil-do-sejmu\" target=\"_blank\" rel=\"noopener noreferrer\">https:\/\/infosecurity24.pl\/odmrozenie-kwoty-bazowej-dla-funkcjonariuszy-coraz-blizej-projekt-budzetu-trafil-do-sejmu<\/a> <span class=\"date\">2019.12.27<\/span><\/div>\n","protected":false},"excerpt":{"rendered":"<p>Rz\u0105d przyj\u0105\u0142 projekt bud\u017cetu na\u00a02020 rok. Czy\u00a0nast\u0105pi odmro\u017cenie kwoty bazowej dla\u00a0funkcjonariuszy? Rada Ministr\u00f3w 23 grudnia br. przyj\u0119\u0142a projekt ustawy bud\u017cetowej na\u00a02020 rok. Jak przekonywa\u0142 premier Mateusz Morawiecki, przysz\u0142oroczny bud\u017cet zapewnia zbilansowanie wydatk\u00f3w i\u00a0dochod\u00f3w pa\u0144stwa, a\u00a0co za\u00a0tym idzie, jak na\u00a0razie, rz\u0105dz\u0105cy nie przewiduj\u0105 deficytu. Powody do\u00a0zadowolenia mog\u0105 mie\u0107 funkcjonariusze s\u0142u\u017cb mundurowych i\u00a0\u017co\u0142nierze. Zgodnie z\u00a0przyj\u0119tym dokumentem, w\u00a0przysz\u0142ym [&hellip;]<\/p>\n","protected":false},"author":2,"featured_media":66586,"comment_status":"closed","ping_status":"closed","sticky":false,"template":"","format":"standard","meta":{"footnotes":""},"categories":[8,28,1,446],"tags":[],"class_list":["post-66585","post","type-post","status-publish","format-standard","has-post-thumbnail","hentry","category-kolumna-3","category-baner","category-bez-kategorii","category-przeglad"],"_links":{"self":[{"href":"http:\/\/nszzp.wroclaw.pl\/index.php\/wp-json\/wp\/v2\/posts\/66585","targetHints":{"allow":["GET"]}}],"collection":[{"href":"http:\/\/nszzp.wroclaw.pl\/index.php\/wp-json\/wp\/v2\/posts"}],"about":[{"href":"http:\/\/nszzp.wroclaw.pl\/index.php\/wp-json\/wp\/v2\/types\/post"}],"author":[{"embeddable":true,"href":"http:\/\/nszzp.wroclaw.pl\/index.php\/wp-json\/wp\/v2\/users\/2"}],"replies":[{"embeddable":true,"href":"http:\/\/nszzp.wroclaw.pl\/index.php\/wp-json\/wp\/v2\/comments?post=66585"}],"version-history":[{"count":1,"href":"http:\/\/nszzp.wroclaw.pl\/index.php\/wp-json\/wp\/v2\/posts\/66585\/revisions"}],"predecessor-version":[{"id":66587,"href":"http:\/\/nszzp.wroclaw.pl\/index.php\/wp-json\/wp\/v2\/posts\/66585\/revisions\/66587"}],"wp:featuredmedia":[{"embeddable":true,"href":"http:\/\/nszzp.wroclaw.pl\/index.php\/wp-json\/wp\/v2\/media\/66586"}],"wp:attachment":[{"href":"http:\/\/nszzp.wroclaw.pl\/index.php\/wp-json\/wp\/v2\/media?parent=66585"}],"wp:term":[{"taxonomy":"category","embeddable":true,"href":"http:\/\/nszzp.wroclaw.pl\/index.php\/wp-json\/wp\/v2\/categories?post=66585"},{"taxonomy":"post_tag","embeddable":true,"href":"http:\/\/nszzp.wroclaw.pl\/index.php\/wp-json\/wp\/v2\/tags?post=66585"}],"curies":[{"name":"wp","href":"https:\/\/api.w.org\/{rel}","templated":true}]}}