{"id":66752,"date":"2020-01-30T16:38:29","date_gmt":"2020-01-30T15:38:29","guid":{"rendered":"http:\/\/nszzp.wroclaw.pl\/?p=66752"},"modified":"2020-01-30T16:38:29","modified_gmt":"2020-01-30T15:38:29","slug":"telemark-w-mundurze","status":"publish","type":"post","link":"http:\/\/nszzp.wroclaw.pl\/index.php\/2020\/01\/30\/telemark-w-mundurze\/","title":{"rendered":"Telemark w mundurze?"},"content":{"rendered":"<h1 class=\"entry-title\">Telemark w\u00a0mundurze?<\/h1>\n<p><img loading=\"lazy\" decoding=\"async\" class=\"blazy aligncenter size-full wp-image-66753\" src=\"http:\/\/nszzp.wroclaw.pl\/wp-content\/themes\/newsmag-pro\/assets\/images\/picture_placeholder_list.jpg\" data-src=\"http:\/\/nszzp.wroclaw.pl\/wp-content\/uploads\/2020\/01\/ma\u0142ysz_dpn.jpg\" alt=\"\" width=\"730\" height=\"426\" \/><noscript><img loading=\"lazy\" decoding=\"async\" class=\"aligncenter size-full wp-image-66753\" src=\"http:\/\/nszzp.wroclaw.pl\/wp-content\/uploads\/2020\/01\/ma\u0142ysz_dpn.jpg\" alt=\"\" width=\"730\" height=\"426\" \/><\/noscript><\/p>\n<div class=\"entry-content\">\n<p>Do\u00a0grona sportowc\u00f3w w\u00a0mundurach bardzo chcieliby do\u0142\u0105czy\u0107 skoczkowie narciarscy. Takim pomys\u0142em podzieli\u0142 si\u0119 na\u00a0\u0142amach portalu Onet.pl oraz\u00a0Radio Zet Adam Ma\u0142ysz<\/p>\n<p>(\u2026) Ju\u017c kiedy\u015b m\u00f3wi\u0142o si\u0119 o\u00a0tym, <strong>by spr\u00f3bowa\u0107 zatrudni\u0107 naszych zawodnik\u00f3w w\u00a0wojsku, policji czy\u00a0urz\u0119dach celnych<\/strong>. Takie rozwi\u0105zania s\u0105 w\u00a0Niemczech i\u00a0Austrii. Tam pracuj\u0105, a\u00a0s\u0105 oddelegowani do\u00a0sportu. U\u00a0nas kiedy\u015b te\u017c tak to dzia\u0142a\u0142o, bo\u00a0by\u0142y WKS i\u00a0Gwardia. To zanik\u0142o. To by\u0142y komunistyczne czasy i\u00a0mo\u017ce nie chcieliby\u015bmy by\u0107 kojarzeni z\u00a0nimi, ale\u00a0na\u00a0pewno warto si\u0105\u015b\u0107 i\u00a0rozwi\u0105za\u0107 ten problem. <strong>To\u00a0jest\u00a0jeden z\u00a0pomys\u0142\u00f3w i\u00a0najprostszy do\u00a0zrealizowania w\u00a0tym momencie.<\/strong> Mowa tutaj o\u00a0sprawie finansowej. Dzi\u0119ki temu zatrzymaliby\u015bmy zawodnik\u00f3w \u2013 t\u0142umaczy Adam Ma\u0142ysz.<\/p>\n<p>Zanim przejdziemy na\u00a0nasze policyjne podw\u00f3rko, zajrzyjmy na\u00a0poligon. W\u00a0sumie w\u00a0Wojsku Polskim zatrudnionych jest niemal 200 zawodnik\u00f3w. \u201cS\u0142u\u017c\u0105\u201d g\u0142\u00f3wnie lekkoatleci, medali\u015bci igrzysk olimpijskich i\u00a0mistrzostw \u015bwiata, czy\u00a0Europy.<\/p>\n<p>Do\u00a0wojskowej s\u0142u\u017cby pal\u0105 si\u0119 kolejne wielkie gwiazdy. Typowe obowi\u0105zki wojskowe: s\u0142u\u017cby w\u00a0jednostce i\u00a0musztra ich nie obchodz\u0105. Czasem sportowiec w\u00a0wojsku musi odby\u0107 obowi\u0105zkowe strzelanie, ubra\u0107 si\u0119 w\u00a0mundur podczas uroczysto\u015bci, <strong>a\u00a0przede wszystkim broni\u0107 barw polskiej armii w\u00a0\u015bwiatowych igrzyskach wojskowych.<\/strong><\/p>\n<p><strong>Ale\u00a0wojsko ma sw\u00f3j bud\u017cet z\u00a0odpisu PKB. Policja nie ma i\u00a0mimo wysi\u0142k\u00f3w zwi\u0105zkowc\u00f3w, nie zanosi si\u0119 szybko na\u00a0to. Bud\u017cet Policji uchwala Sejm.<\/strong><\/p>\n<p>To jednak\u00a0nie jedyna przeszkoda. Problem w\u00a0tym, \u017ce\u00a0Ma\u0142ysz uwa\u017ca, i\u017c jest to pomys\u0142 <strong>\u201cnajprostszy do\u00a0zrealizowania w\u00a0tym momencie\u201d. Ot\u00f3\u017c pomys\u0142 ten nie jest ani\u00a0prosty, ani\u00a0spo\u0142ecznie akceptowany.<\/strong><\/p>\n<p>W\u00a0tym miejscu s\u0142usznie zabrzmia\u0142yby nawet s\u0142owa by\u0142ego wiceministra na\u00a0temat etosu s\u0142u\u017cby. To tylko jedna strona problemu, cho\u0107\u00a0trudno j\u0105 zlekcewa\u017cy\u0107. Policjant sk\u0142ada przecie\u017c \u015blubowanie;\u2026 strzec bezpiecze\u0144stwa Pa\u0144stwa i\u00a0jego obywateli, nawet z\u00a0nara\u017ceniem \u017cycia\u2026Niekoniecznie na\u00a0skoczni. Chyba nie trzeba kontynuowa\u0107 tej my\u015bli.<\/p>\n<p>Nasz znakomity skoczek zapewne nie wie te\u017c, jakie elementy wchodz\u0105 w\u00a0sk\u0142ad uposa\u017cenia policjanta. Mamy obawy, \u017ce\u00a0aby sprosta\u0107 oczekiwaniom finansowym sportowc\u00f3w, musieliby oni zacz\u0105\u0107 s\u0142u\u017cb\u0119 od razu od stopnia nadinspektora\u2026<\/p>\n<p>Policja wydaje niema\u0142e kwoty na\u00a0odtwarzanie zlikwidowanych posterunk\u00f3w. Szuka si\u0119 pieni\u0119dzy na\u00a0niedoinwestowan\u0105 przez\u00a0ca\u0142e lata formacj\u0119, na\u00a0gwa\u0142t szuka si\u0119 pieni\u0119dzy na\u00a0wzrost uposa\u017ce\u0144, by powstrzyma\u0107 exodus policjant\u00f3w. Komendanci staj\u0105 na\u00a0g\u0142owie by przy\u00a0rosn\u0105cej liczbie wakat\u00f3w obsadzi\u0107 grafik s\u0142u\u017cb. I\u00a0mieliby jeszcze mie\u0107 w\u00a0jednostce puste etaty sportowc\u00f3w?<\/p>\n<p><strong>Nie jest to takie proste, jak si\u0119 Panu Adamowi wydaje.<\/strong><\/p>\n<p>(\u2026) W\u00a0Polsce tracimy zbyt wielu zawodnik\u00f3w w\u00a0skokach narciarskich. Tylko w\u00a0ostatnich latach kariery zako\u0144czy\u0142o wielu utalentowanych sportowc\u00f3w. Wszystko, jak zwykle w\u00a0takiej sytuacji, rozbija <strong>si\u0119 o\u00a0pieni\u0105dze \u2013 ubolewa Adam Ma\u0142ysz. Problemem nie jest brak \u015brodk\u00f3w w\u00a0zwi\u0105zku, bo\u00a0te s\u0105<\/strong> \u2013 dodaje (\u2026). (Wi\u0119c s\u0105 pieni\u0105dze, czy\u00a0ich nie ma? \u2013 przyp. jp)<\/p>\n<p>\u2013 Na\u00a0szkolenie przeznaczamy du\u017ce \u015brodki i\u00a0s\u0105 tego efekty. Nie ma jednak\u00a0systemowego rozwi\u0105zania w\u00a0polskim sporcie, kt\u00f3re powodowa\u0142oby, \u017ce\u00a0zawodnik b\u0119dzie mia\u0142 zabezpieczenie finansowe i\u00a0dzi\u0119ki temu b\u0119dzie m\u00f3g\u0142 si\u0119 skupi\u0107 tylko i\u00a0wy\u0142\u0105cznie na\u00a0treningu. To dotyczy tych zawodnik\u00f3w, kt\u00f3rzy jeszcze nie s\u0105 na\u00a0tyle dobrzy, by mie\u0107 sponsora i\u00a0stypendium \u2013 powiedzia\u0142 Apoloniusz Tajner, prezes PZN. \u2013 <strong>Szef zwi\u0105zku liczy na\u00a0to, \u017ce\u00a0odpowiednie kroki w\u00a0tym kierunku podejmie Ma\u0142ysz\u2026<\/strong><\/p>\n<p>Nasz by\u0142y znakomity skoczek narciarski, a\u00a0obecnie dyrektor w\u00a0Polskim Zwi\u0105zku Narciarskim, ze swoim pomys\u0142em, na\u00a0zatrudnienie skoczk\u00f3w na\u00a0etatach w\u00a0wojsku, policji i\u00a0s\u0142u\u017cbie celnej zamierza zwr\u00f3ci\u0107 si\u0119 do\u00a0rz\u0105du.<\/p>\n<p>Z\u00a0zacytowanych przez\u00a0onet.pl wypowiedzi Adama Ma\u0142ysza i\u00a0prezesa Tajnera wynika, \u017ce\u00a0<strong>sytuacja finansowa w\u00a0Polskim Zwi\u0105zku Narciarskim nie jest z\u0142a<\/strong>. \u015arodki ze sprzeda\u017cy licencji, praw do\u00a0transmisji, dotacji etc. starczaj\u0105 na\u00a0realizacj\u0119 cel\u00f3w statutowych PZN. W\u015br\u00f3d tych cel\u00f3w statut PZN wymienia mi\u0119dzy innymi:<\/p>\n<p>\u2022 szkolenia zawodnik\u00f3w, szkolenia i\u00a0podnoszenia kwalifikacji instruktor\u00f3w, trener\u00f3w, s\u0119dzi\u00f3w i\u00a0dzia\u0142aczy narciarskich we wsp\u00f3\u0142dzia\u0142aniu z\u00a0odpowiednimi instytucjami i\u00a0organizacjami,<br \/>\n\u2022 zapewnienie warunk\u00f3w organizacyjnych i\u00a0pomocy materialnej dla\u00a0dzia\u0142alno\u015bci sportowej cz\u0142onk\u00f3w zwi\u0105zku, a\u00a0w szczeg\u00f3lno\u015bci kadr narodowych.<\/p>\n<p>Tak bogaty zwi\u0105zek, w\u00a0przeciwie\u0144stwie do\u00a0lekkoatlet\u00f3w s\u0142u\u017c\u0105cych w\u00a0wojsku, mo\u017ce si\u0119 postara\u0107 by rozwi\u0105za\u0107 problem we w\u0142asnym zakresie, bez naginania przepis\u00f3w o\u00a0zatrudnieniu i\u00a0jeszcze kilku ustaw pragmatycznych obowi\u0105zuj\u0105cych w\u00a0s\u0142u\u017cbach mundurowych.<\/p>\n<p>Pragniemy zapewni\u0107, \u017ce\u00a0jeste\u015bmy oddanymi kibicami naszych skoczk\u00f3w, ale\u00a0tym razem nasz mistrz chyba zbyt wcze\u015bnie wyszed\u0142 z\u00a0progu\u2026<\/p>\n<p>(jp)<\/p>\n<p><a href=\"https:\/\/sport.radiozet.pl\/Skoki-narciarskie\/Adam-Malysz-ma-pomysl-na-uratowanie-polskich-skokow.-Wojsko-i-policja-maja-pomoc\"><strong>Materia\u0142 w\u00a0Radiu ZET\u00a0<\/strong><\/a><\/p>\n<\/div>\n<div class=\"zroodloBox\"><span class=\"zrodlo\">\u017ar\u00f3d\u0142o:<\/span> <a title=\"https:\/\/sport.onet.pl\/zimowe\/skoki-narciarskie\/skoki-narciarskie-jest-pomysl-na-to-co-zrobic-by-nie-tracic-zawodnikow\/jw10lb1 \" href=\"https:\/\/sport.onet.pl\/zimowe\/skoki-narciarskie\/skoki-narciarskie-jest-pomysl-na-to-co-zrobic-by-nie-tracic-zawodnikow\/jw10lb1\" target=\"_blank\" rel=\"noopener noreferrer\">https:\/\/sport.onet.pl\/zimowe\/skoki-narciarskie\/skoki-narciarskie-jest-pomysl-na-to-co-zrobic-by-nie-tracic-zawodnikow\/jw10lb1 <\/a> <span class=\"date\">2020.01.29<\/span><\/div>\n","protected":false},"excerpt":{"rendered":"<p>Telemark w\u00a0mundurze? Do\u00a0grona sportowc\u00f3w w\u00a0mundurach bardzo chcieliby do\u0142\u0105czy\u0107 skoczkowie narciarscy. Takim pomys\u0142em podzieli\u0142 si\u0119 na\u00a0\u0142amach portalu Onet.pl oraz\u00a0Radio Zet Adam Ma\u0142ysz (\u2026) Ju\u017c kiedy\u015b m\u00f3wi\u0142o si\u0119 o\u00a0tym, by spr\u00f3bowa\u0107 zatrudni\u0107 naszych zawodnik\u00f3w w\u00a0wojsku, policji czy\u00a0urz\u0119dach celnych. Takie rozwi\u0105zania s\u0105 w\u00a0Niemczech i\u00a0Austrii. Tam pracuj\u0105, a\u00a0s\u0105 oddelegowani do\u00a0sportu. U\u00a0nas kiedy\u015b te\u017c tak to dzia\u0142a\u0142o, bo\u00a0by\u0142y WKS i\u00a0Gwardia. [&hellip;]<\/p>\n","protected":false},"author":2,"featured_media":66753,"comment_status":"closed","ping_status":"closed","sticky":false,"template":"","format":"standard","meta":{"footnotes":""},"categories":[8,28,1,446],"tags":[],"class_list":["post-66752","post","type-post","status-publish","format-standard","has-post-thumbnail","hentry","category-kolumna-3","category-baner","category-bez-kategorii","category-przeglad"],"_links":{"self":[{"href":"http:\/\/nszzp.wroclaw.pl\/index.php\/wp-json\/wp\/v2\/posts\/66752","targetHints":{"allow":["GET"]}}],"collection":[{"href":"http:\/\/nszzp.wroclaw.pl\/index.php\/wp-json\/wp\/v2\/posts"}],"about":[{"href":"http:\/\/nszzp.wroclaw.pl\/index.php\/wp-json\/wp\/v2\/types\/post"}],"author":[{"embeddable":true,"href":"http:\/\/nszzp.wroclaw.pl\/index.php\/wp-json\/wp\/v2\/users\/2"}],"replies":[{"embeddable":true,"href":"http:\/\/nszzp.wroclaw.pl\/index.php\/wp-json\/wp\/v2\/comments?post=66752"}],"version-history":[{"count":1,"href":"http:\/\/nszzp.wroclaw.pl\/index.php\/wp-json\/wp\/v2\/posts\/66752\/revisions"}],"predecessor-version":[{"id":66754,"href":"http:\/\/nszzp.wroclaw.pl\/index.php\/wp-json\/wp\/v2\/posts\/66752\/revisions\/66754"}],"wp:featuredmedia":[{"embeddable":true,"href":"http:\/\/nszzp.wroclaw.pl\/index.php\/wp-json\/wp\/v2\/media\/66753"}],"wp:attachment":[{"href":"http:\/\/nszzp.wroclaw.pl\/index.php\/wp-json\/wp\/v2\/media?parent=66752"}],"wp:term":[{"taxonomy":"category","embeddable":true,"href":"http:\/\/nszzp.wroclaw.pl\/index.php\/wp-json\/wp\/v2\/categories?post=66752"},{"taxonomy":"post_tag","embeddable":true,"href":"http:\/\/nszzp.wroclaw.pl\/index.php\/wp-json\/wp\/v2\/tags?post=66752"}],"curies":[{"name":"wp","href":"https:\/\/api.w.org\/{rel}","templated":true}]}}