{"id":66755,"date":"2020-01-30T16:42:07","date_gmt":"2020-01-30T15:42:07","guid":{"rendered":"http:\/\/nszzp.wroclaw.pl\/?p=66755"},"modified":"2020-01-30T16:42:07","modified_gmt":"2020-01-30T15:42:07","slug":"media-panstwo-w-panstwie","status":"publish","type":"post","link":"http:\/\/nszzp.wroclaw.pl\/index.php\/2020\/01\/30\/media-panstwo-w-panstwie\/","title":{"rendered":"Media \u2013 Pa\u0144stwo w Pa\u0144stwie."},"content":{"rendered":"<h1 class=\"entry-title\">Media \u2013 Pa\u0144stwo w\u00a0Pa\u0144stwie.<\/h1>\n<p><img loading=\"lazy\" decoding=\"async\" class=\"blazy aligncenter size-full wp-image-66756\" src=\"http:\/\/nszzp.wroclaw.pl\/wp-content\/themes\/newsmag-pro\/assets\/images\/picture_placeholder_list.jpg\" data-src=\"http:\/\/nszzp.wroclaw.pl\/wp-content\/uploads\/2020\/01\/jankes_panstwo_w_panstwie_dpn.jpg\" alt=\"\" width=\"730\" height=\"426\" \/><noscript><img loading=\"lazy\" decoding=\"async\" class=\"aligncenter size-full wp-image-66756\" src=\"http:\/\/nszzp.wroclaw.pl\/wp-content\/uploads\/2020\/01\/jankes_panstwo_w_panstwie_dpn.jpg\" alt=\"\" width=\"730\" height=\"426\" \/><\/noscript><\/p>\n<div class=\"entry-content\">\n<p>Program \u201cPa\u0144stwo w\u00a0Pa\u0144stwie\u201d telewizji Polsat News charakteryzuje si\u0119 krytycznym spojrzeniem na\u00a0rol\u0119 Policji i\u00a0Policjant\u00f3w w\u00a0pa\u0144stwie. Napisa\u0107 \u201ckrytycznym\u201d, to jakby nie napisa\u0107 nic. Dziennikarze realizuj\u0105cy ten program najcz\u0119\u015bciej nie czekaj\u0105 na\u00a0ustalenia \u015bledztwa czy\u00a0na\u00a0decyzje prokuratury. Feruj\u0105 swoje w\u0142asne wyroki nie maj\u0105c zupe\u0142nie rozeznania w\u00a0procedurach obowi\u0105zuj\u0105cych policjant\u00f3w, czy\u00a0prokuratur\u0119.<\/p>\n<p>Programy te, pomimo solennych zaprzecze\u0144 prowadz\u0105cych, realizowane s\u0105 pod\u00a0z\u00a0g\u00f3ry przyj\u0119t\u0105 tez\u0119. Oczywi\u015bcie winni s\u0105 zwykle policjanci. Zwr\u00f3ci\u0142 na\u00a0to mi\u0119dzy innymi uwag\u0119 <strong>Rafa\u0142 Jankowski<\/strong> uczestnicz\u0105cy w\u00a0programie \u201cPa\u0144stwo w\u00a0Pa\u0144stwie\u201d, wyemitowanym 2 stycznia 2020\u2032 pod\u00a0tytu\u0142em: <strong>\u201cNiepe\u0142nosprawny pad\u0142 ofiar\u0105 oszust\u00f3w grozi mu wi\u0119zienie\u201d.<\/strong><\/p>\n<p>Nawet w\u00a0samym tytule programu przyj\u0119to a\u00a0priori, i\u017c niepe\u0142nosprawny pracuj\u0105cy bez \u017cadnej umowy jako kurier odbieraj\u0105cy paczki z\u00a0pieni\u0119dzmi od os\u00f3b oszukanych metod\u0105 na\u00a0wnuczka, nie mia\u0142 poj\u0119cia, w\u00a0jakim procederze uczestniczy.<\/p>\n<p>Argumenty dziennikarzy przyjmuj\u0105cych za\u00a0prawd\u0119 objawion\u0105, przerysowane opowie\u015bci o\u00a0ci\u0119\u017ckiej doli niepe\u0142nosprawnego Wojciecha K., kt\u00f3ry nie mog\u0105c si\u0119 utrzyma\u0107 z\u00a0renty (700,-z\u0142) po\u00a0wielu rozczarowaniach w\u00a0podejmowaniu pracy, znalaz\u0142 w\u00a0internecie ofert\u0119 pracy w\u00a0charakterze kuriera odbieraj\u0105cego na\u00a0telefon paczki. Nie zada\u0142 sobie pytania ani\u00a0on, ani\u00a0jego rodzina, czy\u00a0taka praca bez \u017cadnej umowy o\u00a0prac\u0119, z\u00a0p\u0142ac\u0105 (kilkaset z\u0142 na\u00a0tydzie\u0144) i\u00a0bez \u017cadnej dokumentacji po\u015bwiadczaj\u0105cej zarobki, bez podatku i\u00a0sk\u0142adek ZUS \u2013 jest legalna.<\/p>\n<p>Jak \u0142atwo si\u0119 domy\u015bli\u0107 niepe\u0142nosprawny naj\u0105\u0142 si\u0119 jako tzw. \u201codbierak\u201d w\u00a0szajce naci\u0105gaj\u0105cej ludzi metod\u0105 \u201cna wnuczka\u201d. W\u00a0materiale Polsat News aresztowanie Wojciecha K. ukazano jako ogromn\u0105 krzywd\u0119 wyrz\u0105dzon\u0105 przez\u00a0policj\u0119 a\u00a0przede wszystkim zaskoczenie, bo\u00a0ca\u0142a rodzina by\u0142a jakoby przekonana, \u017ce\u00a0to praca legalna.<\/p>\n<figure id=\"attachment_20983\" class=\"wp-caption alignleft\"><img loading=\"lazy\" decoding=\"async\" class=\"blazy wp-image-20983 \" src=\"http:\/\/nszzp.wroclaw.pl\/wp-content\/themes\/newsmag-pro\/assets\/images\/picture_placeholder_list.jpg\" data-src=\"https:\/\/nszzp.pl\/wp-content\/uploads\/2020\/01\/agnieszka_panstwo_panstwie-285x193.jpg\" sizes=\"auto, (max-width: 298px) 85vw, 298px\" srcset=\"https:\/\/nszzp.pl\/wp-content\/uploads\/2020\/01\/agnieszka_panstwo_panstwie-285x193.jpg 285w, https:\/\/nszzp.pl\/wp-content\/uploads\/2020\/01\/agnieszka_panstwo_panstwie.jpg 596w\" alt=\"\" width=\"298\" height=\"202\" \/><noscript><img loading=\"lazy\" decoding=\"async\" class=\"wp-image-20983 \" src=\"https:\/\/nszzp.pl\/wp-content\/uploads\/2020\/01\/agnieszka_panstwo_panstwie-285x193.jpg\" sizes=\"auto, (max-width: 298px) 85vw, 298px\" srcset=\"https:\/\/nszzp.pl\/wp-content\/uploads\/2020\/01\/agnieszka_panstwo_panstwie-285x193.jpg 285w, https:\/\/nszzp.pl\/wp-content\/uploads\/2020\/01\/agnieszka_panstwo_panstwie.jpg 596w\" alt=\"\" width=\"298\" height=\"202\" \/><\/noscript><figcaption id=\"caption-attachment-20983\" class=\"wp-caption-text\">red. Agnieszka Zalewska<\/figcaption><\/figure>\n<p>W\u00a0materiale red. <strong>Agnieszki Zalewskiej<\/strong> policjant\u00f3w pot\u0119pia si\u0119 nie tylko za\u00a0aresztowanie niepe\u0142nosprawnego. Zarzuca im si\u0119 tak\u017ce zaniechanie prowadzenia \u015bledztwa. Zaniechanie polega\u0107 mia\u0142o na\u00a0tym, \u017ce\u00a0gdy Wojciech K. w\u00a0towarzystwie policjant\u00f3w obje\u017cd\u017ca\u0142 miejsca, gdzie dostarcza\u0142 paczki, zadzwoni\u0142 telefon z\u00a0kolejnym zleceniem\u2026 Policjanci mieli nakaza\u0107 mu poinformowanie zlecaj\u0105cego, \u017ce\u00a0jest chory i\u00a0na razie nie mo\u017ce przesy\u0142ki odebra\u0107.<br \/>\nRodzina niepe\u0142nosprawnego, jego pe\u0142nomocnik oraz\u00a0oczywi\u015bcie dziennikarze programu \u201cPa\u0144stwo w\u00a0Pa\u0144stwie\u201d zarzucaj\u0105 policjantom, \u017ce\u00a0nie podj\u0119li pr\u00f3by zastawienia pu\u0142apki, by doprowadzi\u0107 do\u00a0ujawnienia i\u00a0zatrzymania ca\u0142ej szajki.<\/p>\n<p>Uczestnicz\u0105cy w\u00a0roli eksperta \u2013 przedstawiciela Policji, Rafa\u0142 Jankowski stara\u0142 si\u0119 wprowadzi\u0107 elementarn\u0105 logik\u0119 do\u00a0narracji przedstawionej przez\u00a0autork\u0119 programu.<br \/>\n<strong>\u2013 Generalnie wi\u0119kszo\u015b\u0107 zatrzymywanych w\u00a0tym procederze na\u00a0wnuczka s\u0105 to tzw. \u201codbieraki\u201d. Wszyscy wiemy doskonale o\u00a0tym, \u017ce\u00a0m\u00f3zgi tych akcji to ludzie, kt\u00f3rzy rozmowy telefoniczne najcz\u0119\u015bciej wykonuj\u0105 z\u00a0zagranicy. Naprawd\u0119 pro\u015bciej jest z\u0142apa\u0107 z\u0142odzieja rozbojarza. Zatrzymywanie ludzi z\u00a0tych grup to\u00a0jest\u00a0zdecydowanie wy\u017csza szko\u0142a jazdy \u2013 podkre\u015bli\u0142 Rafa\u0142 Jankowski.<\/strong><\/p>\n<p><img loading=\"lazy\" decoding=\"async\" class=\"blazy size-medium wp-image-20986 alignleft\" src=\"http:\/\/nszzp.wroclaw.pl\/wp-content\/themes\/newsmag-pro\/assets\/images\/picture_placeholder_list.jpg\" data-src=\"https:\/\/nszzp.pl\/wp-content\/uploads\/2020\/01\/jankes_panstwo_w_panstwie_0XX-299x193.jpg\" sizes=\"auto, (max-width: 299px) 85vw, 299px\" srcset=\"https:\/\/nszzp.pl\/wp-content\/uploads\/2020\/01\/jankes_panstwo_w_panstwie_0XX-299x193.jpg 299w, https:\/\/nszzp.pl\/wp-content\/uploads\/2020\/01\/jankes_panstwo_w_panstwie_0XX.jpg 622w\" alt=\"\" width=\"299\" height=\"193\" \/><noscript><img loading=\"lazy\" decoding=\"async\" class=\"size-medium wp-image-20986 alignleft\" src=\"https:\/\/nszzp.pl\/wp-content\/uploads\/2020\/01\/jankes_panstwo_w_panstwie_0XX-299x193.jpg\" sizes=\"auto, (max-width: 299px) 85vw, 299px\" srcset=\"https:\/\/nszzp.pl\/wp-content\/uploads\/2020\/01\/jankes_panstwo_w_panstwie_0XX-299x193.jpg 299w, https:\/\/nszzp.pl\/wp-content\/uploads\/2020\/01\/jankes_panstwo_w_panstwie_0XX.jpg 622w\" alt=\"\" width=\"299\" height=\"193\" \/><\/noscript>Po\u00a0zeznaniach przemawiaj\u0105cego z\u00a0tzw. offu przest\u0119pcy ze zmienionym g\u0142osem, kt\u00f3ry sam bra\u0142 udzia\u0142 w\u00a0takim procederze, wywi\u0105za\u0142a si\u0119 dyskusja, w\u00a0kt\u00f3rej r\u00f3wnie\u017c g\u0142os zabra\u0142 Rafa\u0142 Jankowski, gdy\u017c w\u00a0studio wytworzy\u0142a si\u0119 swojego rodzaju nagonka na\u00a0policjant\u00f3w. \u2013 <strong>W\u00a0przypadku Pana Wojtka mam pewne w\u0105tpliwo\u015bci, natomiast\u00a0w przypadku innych kurier\u00f3w \u2013 nie mam w\u0105tpliwo\u015bci, \u017ce\u00a0jest to zorganizowana grupa przest\u0119pcza i\u00a0ten tzw. odbierak pracuje \u015bwiadomie dla\u00a0grupy przest\u0119pczej \u2013 zapewni\u0142 Rafa\u0142 Jankowski.<\/strong><\/p>\n<p>Autorka programu red. Agnieszka Zalewska \u2013 Nie zgadzam si\u0119 z\u00a0panem, w\u00a0tych grupach odbierak\u00f3w byli te\u017c studenci, m\u0142odzi ludzie, kt\u00f3rzy zwyczajnie chcieli sobie dorobi\u0107..<\/p>\n<p>Rafa\u0142 Jankowski \u2013<strong> Ja wiem, \u017ce\u00a0pani zawsze obci\u0105\u017ca policj\u0119 i\u00a0prokuratur\u0119. Ale\u00a0co b\u0119dzie, gdy ci studenci b\u0119d\u0105 bro\u0144 przewozi\u0107\u00a0? B\u0119dziemy ich tak samo t\u0142umaczy\u0107? Jak powiedzia\u0142em, w\u00a0przypadku pana Wojtka mam pewne w\u0105tpliwo\u015bci. Natomiast\u00a0a\u2019propos tego, co powiedzia\u0142 pan z\u00a0offu, chc\u0119 przytoczy\u0107 kilka danych ze statystyki (cho\u0107 nie za\u00a0bardzo przepadam za\u00a0statystyk\u0105 w\u00a0Policji). \u2013 Ot\u00f3\u017c w\u00a0III\u00a0kwartale ubieg\u0142ego roku mia\u0142y miejsce 1543 przypadki usi\u0142owa\u0144 takich przest\u0119pstw \u201cna wnuczka\u201d, a\u00a0dokonano tylko 500, w\u00a0tym zatrzymano 83 osoby i\u00a0to by\u0142a w\u0142a\u015bnie grupa \u201codbierak\u00f3w\u201d. Wi\u0119c\u00a0widzimy, jak to\u00a0jest\u00a0naprawd\u0119 z\u00a0zatrzymaniem ludzi, kt\u00f3rzy trudni\u0105 si\u0119 takim procederem.<\/strong><\/p>\n<p><img loading=\"lazy\" decoding=\"async\" class=\"blazy  wp-image-20984 alignleft\" src=\"http:\/\/nszzp.wroclaw.pl\/wp-content\/themes\/newsmag-pro\/assets\/images\/picture_placeholder_list.jpg\" data-src=\"https:\/\/nszzp.pl\/wp-content\/uploads\/2020\/01\/lidia_1-319x193.jpg\" sizes=\"auto, (max-width: 296px) 85vw, 296px\" srcset=\"https:\/\/nszzp.pl\/wp-content\/uploads\/2020\/01\/lidia_1-319x193.jpg 319w, https:\/\/nszzp.pl\/wp-content\/uploads\/2020\/01\/lidia_1.jpg 593w\" alt=\"\" width=\"296\" height=\"179\" \/><noscript><img loading=\"lazy\" decoding=\"async\" class=\" wp-image-20984 alignleft\" src=\"https:\/\/nszzp.pl\/wp-content\/uploads\/2020\/01\/lidia_1-319x193.jpg\" sizes=\"auto, (max-width: 296px) 85vw, 296px\" srcset=\"https:\/\/nszzp.pl\/wp-content\/uploads\/2020\/01\/lidia_1-319x193.jpg 319w, https:\/\/nszzp.pl\/wp-content\/uploads\/2020\/01\/lidia_1.jpg 593w\" alt=\"\" width=\"296\" height=\"179\" \/><\/noscript><strong>Senator Lidia Staro\u0144<\/strong> \u2013 Gdy zadzwoni\u0142 telefon z\u00a0kolejnym poleceniem odbioru przesy\u0142ki, obecni przy\u00a0tym policjanci powiedzieli Panu Wojtkowi \u2013 powiedz, ze jeste\u015b chory, \u017ce\u00a0odbierzesz p\u00f3\u017aniej. Pan Wojtek wr\u00f3ci\u0142 do\u00a0aresztu a\u00a0p\u00f3\u017aniej prokurator ju\u017c nie zezwoli\u0142 na\u00a0jego wypuszczenie. \u2013 Mo\u017cna by\u0142o zrobi\u0107 jak\u0105\u015b prowokacj\u0119 by namierzy\u0107 pozosta\u0142ych przest\u0119pc\u00f3w, zdoby\u0107 dowody\u2026<\/p>\n<p>Rafa\u0142 Jankowski \u2013 <strong>Zarzucanie policji, \u017ce\u00a0czego\u015b nie robi, bo\u00a0nie chce, to du\u017ce nadu\u017cycie\u2026<\/strong><\/p>\n<p>Red. Przemys\u0142aw Talkowski \u2013 Jakby Pan oceni\u0142 zachowanie policjant\u00f3w, kt\u00f3rzy siedz\u0105 z\u00a0Panem Wojtkiem w\u00a0nieoznakowanym aucie i\u00a0dzwoni szef szajki i\u00a0m\u00f3wi, \u017ce\u00a0trzeba odebra\u0107 kolejn\u0105 przesy\u0142k\u0119\u2026Co by Pan zrobi\u0142?<\/p>\n<p>Rafa\u0142 Jankowski \u2013 P<strong>rzygotowanie zasadzki to nie jest taka prosta rzecz, jak si\u0119 wydaje. Wyobra\u017amy sobie, \u017ce\u00a0tam by\u0142aby jaka\u015b uzbrojona grupa\u2026<\/strong><\/p>\n<p>W\u00a0dyskusji og\u00f3lnej wreszcie pad\u0142o pytanie, dlaczego Wojciech K. zgodzi\u0142 si\u0119 na\u00a0prac\u0119 bez umowy i\u00a0jakiegokolwiek dokumentu o\u00a0zatrudnieniu, i\u00a0ile zarabia\u0142 \u2013 a\u00a0ile zarabiaj\u0105 kurierzy pracuj\u0105cy na\u00a0umow\u0119 o\u00a0prac\u0119? Z\u00a0kolei autorzy programu podali rozczulaj\u0105c\u0105 informacj\u0119, \u017ce\u00a0Wojciech K. kt\u00f3rego\u015b razu po\u00a0paczk\u0119 pojecha\u0142 wraz ze swoj\u0105 babci\u0105, tu\u017c po\u00a0wsp\u00f3lnych zakupach \u2013 czy\u00a0tak czyni przest\u0119pca? Podnosili te\u017c fakt, \u017ce\u00a0Wojciech K. dobrowolnie ujawni\u0142 kilkana\u015bcie adres\u00f3w, nara\u017caj\u0105c si\u0119 na\u00a0zwi\u0119kszenie liczby zarzut\u00f3w w\u00a0stosunku do\u00a0w\u0142asnej osoby.<\/p>\n<p><strong><img loading=\"lazy\" decoding=\"async\" class=\"blazy  wp-image-20985 alignleft\" src=\"http:\/\/nszzp.wroclaw.pl\/wp-content\/themes\/newsmag-pro\/assets\/images\/picture_placeholder_list.jpg\" data-src=\"https:\/\/nszzp.pl\/wp-content\/uploads\/2020\/01\/s\u0119dzia_\u0142\u0105do\u015b-303x193.jpg\" sizes=\"auto, (max-width: 288px) 85vw, 288px\" srcset=\"https:\/\/nszzp.pl\/wp-content\/uploads\/2020\/01\/s\u0119dzia_\u0142\u0105do\u015b-303x193.jpg 303w, https:\/\/nszzp.pl\/wp-content\/uploads\/2020\/01\/s\u0119dzia_\u0142\u0105do\u015b.jpg 593w\" alt=\"\" width=\"288\" height=\"184\" \/><noscript><img loading=\"lazy\" decoding=\"async\" class=\" wp-image-20985 alignleft\" src=\"https:\/\/nszzp.pl\/wp-content\/uploads\/2020\/01\/s\u0119dzia_\u0142\u0105do\u015b-303x193.jpg\" sizes=\"auto, (max-width: 288px) 85vw, 288px\" srcset=\"https:\/\/nszzp.pl\/wp-content\/uploads\/2020\/01\/s\u0119dzia_\u0142\u0105do\u015b-303x193.jpg 303w, https:\/\/nszzp.pl\/wp-content\/uploads\/2020\/01\/s\u0119dzia_\u0142\u0105do\u015b.jpg 593w\" alt=\"\" width=\"288\" height=\"184\" \/><\/noscript>S\u0119dzia Sebastian \u0141ado\u015b<\/strong> \u2013 To, \u017ce\u00a0przest\u0119pca zg\u0142asza kolejne przest\u0119pstwa ze swoim udzia\u0142em to cz\u0119sty przypadek, gdy\u017c liczy on na\u00a0nadzwyczajne z\u0142agodzenie kary. Nie zaproponowano Wojciechowi K. roli tzw. ma\u0142ego \u015bwiadka koronnego. To wynika\u0142o z\u00a0oceny prawnej s\u0105du. Nam zale\u017cy na\u00a0tym, \u017ceby z\u0142apa\u0107 m\u00f3zgi. Podobnie jak Pan Jankowski nie wierz\u0119, \u017ce\u00a0mia\u0142a miejsce taka sytuacja aby\u00a0policjanci nie chcieli zatrzyma\u0107 pozosta\u0142ej cz\u0119\u015bci grupy.<\/p>\n<p>Ko\u0144cowe oceny zdarzenia, dzi\u0119ki wywa\u017conym wypowiedziom Rafa\u0142a Jankowskiego i\u00a0s\u0119dziego Sebastiana \u0141adosia, by\u0142y w\u00a0opiniach dyskutuj\u0105cych zdecydowanie odmienne od pocz\u0105tkowych, sprowokowanych g\u0142\u00f3wnie przez\u00a0tendencyjny materia\u0142 telewizyjny z\u00a0\u201eno\u015bnym\u201d tytu\u0142em, obliczonym na\u00a0przyci\u0105gni\u0119cie wielu widz\u00f3w.<\/p>\n<p>Poni\u017cej link do\u00a0zajawki programu \u201ePa\u0144stwo w\u00a0Pa\u0144stwie\u201d.<\/p>\n<\/div>\n<div class=\"zroodloBox\"><span class=\"zrodlo\">\u017ar\u00f3d\u0142o:<\/span> <a title=\"https:\/\/www.polsatnews.pl\/wiadomosc\/2019-12-29\/niepelnosprawny-padl-ofiara-oszustow-grozi-mu-wiezienie-panstwo-w-panstwie\/ \" href=\"https:\/\/www.polsatnews.pl\/wiadomosc\/2019-12-29\/niepelnosprawny-padl-ofiara-oszustow-grozi-mu-wiezienie-panstwo-w-panstwie\/\" target=\"_blank\" rel=\"noopener noreferrer\">https:\/\/www.polsatnews.pl\/wiadomosc\/2019-12-29\/niepelnosprawny-padl-ofiara-oszustow-grozi-mu-wiezienie-panstwo-w-panstwie\/ <\/a> <span class=\"date\">2020.01.28<\/span><\/div>\n","protected":false},"excerpt":{"rendered":"<p>Media \u2013 Pa\u0144stwo w\u00a0Pa\u0144stwie. Program \u201cPa\u0144stwo w\u00a0Pa\u0144stwie\u201d telewizji Polsat News charakteryzuje si\u0119 krytycznym spojrzeniem na\u00a0rol\u0119 Policji i\u00a0Policjant\u00f3w w\u00a0pa\u0144stwie. Napisa\u0107 \u201ckrytycznym\u201d, to jakby nie napisa\u0107 nic. Dziennikarze realizuj\u0105cy ten program najcz\u0119\u015bciej nie czekaj\u0105 na\u00a0ustalenia \u015bledztwa czy\u00a0na\u00a0decyzje prokuratury. Feruj\u0105 swoje w\u0142asne wyroki nie maj\u0105c zupe\u0142nie rozeznania w\u00a0procedurach obowi\u0105zuj\u0105cych policjant\u00f3w, czy\u00a0prokuratur\u0119. Programy te, pomimo solennych zaprzecze\u0144 prowadz\u0105cych, realizowane [&hellip;]<\/p>\n","protected":false},"author":2,"featured_media":66756,"comment_status":"closed","ping_status":"closed","sticky":false,"template":"","format":"standard","meta":{"footnotes":""},"categories":[28,1,446,6],"tags":[],"class_list":["post-66755","post","type-post","status-publish","format-standard","has-post-thumbnail","hentry","category-baner","category-bez-kategorii","category-przeglad","category-kolumna-1"],"_links":{"self":[{"href":"http:\/\/nszzp.wroclaw.pl\/index.php\/wp-json\/wp\/v2\/posts\/66755","targetHints":{"allow":["GET"]}}],"collection":[{"href":"http:\/\/nszzp.wroclaw.pl\/index.php\/wp-json\/wp\/v2\/posts"}],"about":[{"href":"http:\/\/nszzp.wroclaw.pl\/index.php\/wp-json\/wp\/v2\/types\/post"}],"author":[{"embeddable":true,"href":"http:\/\/nszzp.wroclaw.pl\/index.php\/wp-json\/wp\/v2\/users\/2"}],"replies":[{"embeddable":true,"href":"http:\/\/nszzp.wroclaw.pl\/index.php\/wp-json\/wp\/v2\/comments?post=66755"}],"version-history":[{"count":1,"href":"http:\/\/nszzp.wroclaw.pl\/index.php\/wp-json\/wp\/v2\/posts\/66755\/revisions"}],"predecessor-version":[{"id":66757,"href":"http:\/\/nszzp.wroclaw.pl\/index.php\/wp-json\/wp\/v2\/posts\/66755\/revisions\/66757"}],"wp:featuredmedia":[{"embeddable":true,"href":"http:\/\/nszzp.wroclaw.pl\/index.php\/wp-json\/wp\/v2\/media\/66756"}],"wp:attachment":[{"href":"http:\/\/nszzp.wroclaw.pl\/index.php\/wp-json\/wp\/v2\/media?parent=66755"}],"wp:term":[{"taxonomy":"category","embeddable":true,"href":"http:\/\/nszzp.wroclaw.pl\/index.php\/wp-json\/wp\/v2\/categories?post=66755"},{"taxonomy":"post_tag","embeddable":true,"href":"http:\/\/nszzp.wroclaw.pl\/index.php\/wp-json\/wp\/v2\/tags?post=66755"}],"curies":[{"name":"wp","href":"https:\/\/api.w.org\/{rel}","templated":true}]}}