{"id":66975,"date":"2020-03-03T08:05:34","date_gmt":"2020-03-03T07:05:34","guid":{"rendered":"http:\/\/nszzp.wroclaw.pl\/?p=66975"},"modified":"2020-03-03T08:05:34","modified_gmt":"2020-03-03T07:05:34","slug":"zmiany-w-postepowaniu-kwalifikacyjnym-projekt-rozporzadzenia-mswia-w-ocenie-andrzeja-szarego","status":"publish","type":"post","link":"http:\/\/nszzp.wroclaw.pl\/index.php\/2020\/03\/03\/zmiany-w-postepowaniu-kwalifikacyjnym-projekt-rozporzadzenia-mswia-w-ocenie-andrzeja-szarego\/","title":{"rendered":"Zmiany w post\u0119powaniu kwalifikacyjnym. Projekt rozporz\u0105dzenia MSWiA w ocenie Andrzeja Szarego"},"content":{"rendered":"<div class=\"entry-content\">\n<p>W\u00a0Biuletynie Informacji Publicznej ukaza\u0142o si\u0119\u00a0 rozporz\u0105dzenie Ministra Spraw Wewn\u0119trznych i\u00a0Administracji zmieniaj\u0105ce rozporz\u0105dzenie w\u00a0sprawie post\u0119powania kwalifikacyjnego w\u00a0stosunku<br \/>\ndo\u00a0kandydat\u00f3w ubiegaj\u0105cych si\u0119 o\u00a0przyj\u0119cie do\u00a0s\u0142u\u017cby w\u00a0Policji<\/p>\n<p><img loading=\"lazy\" decoding=\"async\" class=\"blazy aligncenter size-full wp-image-66976\" src=\"http:\/\/nszzp.wroclaw.pl\/wp-content\/themes\/newsmag-pro\/assets\/images\/picture_placeholder_list.jpg\" data-src=\"http:\/\/nszzp.wroclaw.pl\/wp-content\/uploads\/2020\/03\/mswia_skoroszyt_dpn.jpg\" alt=\"\" width=\"730\" height=\"426\" \/><noscript><img loading=\"lazy\" decoding=\"async\" class=\"aligncenter size-full wp-image-66976\" src=\"http:\/\/nszzp.wroclaw.pl\/wp-content\/uploads\/2020\/03\/mswia_skoroszyt_dpn.jpg\" alt=\"\" width=\"730\" height=\"426\" srcset=\"http:\/\/nszzp.wroclaw.pl\/wp-content\/uploads\/2020\/03\/mswia_skoroszyt_dpn.jpg 730w, http:\/\/nszzp.wroclaw.pl\/wp-content\/uploads\/2020\/03\/mswia_skoroszyt_dpn-300x175.jpg 300w\" sizes=\"auto, (max-width: 730px) 100vw, 730px\" \/><\/noscript><\/p>\n<header class=\"entry-header\">\n<h1 class=\"entry-title\">Zmiany w\u00a0post\u0119powaniu kwalifikacyjnym. Projekt rozporz\u0105dzenia MSWiA w\u00a0ocenie Andrzeja Szarego<\/h1>\n<\/header>\n<div class=\"ilustracjaWpisu_duza\"><\/div>\n<p>Wydanie tego rozporz\u0105dzenia MSWiA uzasadnia konieczno\u015bci\u0105 wprowadzenia zmian, kt\u00f3re korzystnie wp\u0142yn\u0105 na\u00a0przebieg i\u00a0dynamik\u0119 prowadzonego post\u0119powania kwalifikacyjnego oraz\u00a0podyktowane jest potrzeb\u0105 jego dostosowania do\u00a0zmian w\u00a0przepisach prawnych.<\/p>\n<p>W\u00a0por\u00f3wnaniu z\u00a0obecnie obowi\u0105zuj\u0105cymi przepisami, w\u00a0projektowanej regulacji zachodz\u0105 istotne zmiany, kt\u00f3re ocenia mi\u0119dzy innymi Andrzej Szary w\u00a0artykule Pauliny Szewio\u0142y w\u00a0Gazecie Prawnej zatytu\u0142owanym: \u201cPolicjant nie musi wiedzie\u0107 za\u00a0du\u017co\u201d.<\/p>\n<figure id=\"attachment_21674\" class=\"wp-caption alignleft\"><img loading=\"lazy\" decoding=\"async\" class=\"blazy wp-image-21674 size-full\" src=\"http:\/\/nszzp.wroclaw.pl\/wp-content\/themes\/newsmag-pro\/assets\/images\/picture_placeholder_list.jpg\" data-src=\"https:\/\/nszzp.pl\/wp-content\/uploads\/2020\/03\/andrzej_szary10.jpg\" sizes=\"auto, (max-width: 388px) 85vw, 388px\" srcset=\"https:\/\/nszzp.pl\/wp-content\/uploads\/2020\/03\/andrzej_szary10.jpg 388w, https:\/\/nszzp.pl\/wp-content\/uploads\/2020\/03\/andrzej_szary10-185x193.jpg 185w\" alt=\"\" width=\"388\" height=\"405\" \/><noscript><img loading=\"lazy\" decoding=\"async\" class=\"wp-image-21674 size-full\" src=\"https:\/\/nszzp.pl\/wp-content\/uploads\/2020\/03\/andrzej_szary10.jpg\" sizes=\"auto, (max-width: 388px) 85vw, 388px\" srcset=\"https:\/\/nszzp.pl\/wp-content\/uploads\/2020\/03\/andrzej_szary10.jpg 388w, https:\/\/nszzp.pl\/wp-content\/uploads\/2020\/03\/andrzej_szary10-185x193.jpg 185w\" alt=\"\" width=\"388\" height=\"405\" \/><\/noscript><figcaption id=\"caption-attachment-21674\" class=\"wp-caption-text\">Andrzej Szary<\/figcaption><\/figure>\n<p>\u2013 <strong>Weryfikowana by\u0142a og\u00f3lna wiedza kandydata na\u00a0temat organ\u00f3w pa\u0144stwa, obowi\u0105zuj\u0105cego ustroju politycznego, ale\u00a0te\u017c np.\u00a0praw cz\u0142owieka. Pytania pr\u00f3cz ustawy o\u00a0Policji, dotyczy\u0142y m.in. znajomo\u015bci konstytucji, ustawy Prawo o\u00a0ruchu drogowym, o\u00a0stra\u017cach gminnych, ochronie os\u00f3b i\u00a0mienia, regulaminu Sejmu czy\u00a0te\u017c regulacji odnosz\u0105cych si\u0119 do\u00a0funkcjonowania samorz\u0105du terytorialnego. To by\u0142a wiedza og\u00f3lna i\u00a0prawna, kt\u00f3r\u0105 powinien posiada\u0107 ka\u017cdy funkcjonariusz.<\/strong><\/p>\n<p>Po\u00a0wej\u015bciu w\u00a0\u017cycie nowych regulacji test b\u0119dzie przeprowadzany z\u00a0zakresu funkcjonowania Policji.<\/p>\n<p>\u2013<strong> To, \u017ce\u00a0kto\u015b jest policjantem i\u00a0wie, jak funkcjonuje jego formacja nie oznacza, \u017ce\u00a0nie musi orientowa\u0107 si\u0119 w\u00a0podstawowych mechanizmach funkcjonowania pa\u0144stwa \u2013 uwa\u017ca Andrzej Szary. W\u00a0jego ocenie takie zaw\u0119\u017cenie odbije si\u0119 niekorzystnie na\u00a0ca\u0142ej formacji. <\/strong><br \/>\n<strong>\u2013 Szerszy wachlarz pyta\u0144 umo\u017cliwia jednak\u00a0lepsz\u0105 weryfikacj\u0119 predyspozycji kandydata. Mo\u017cemy w\u00a0zestawieniu z\u00a0testem psychologicznym wykluczy\u0107 np.\u00a0osoby, kt\u00f3re maj\u0105 radykalne pogl\u0105dy sprzeczne z\u00a0prawami cz\u0142owieka.<\/strong><\/p>\n<p><strong>MSWiA chce otworzy\u0107 mo\u017cliwo\u015b\u0107 przyjmowania do\u00a0policji wi\u0119kszej ilo\u015bci kandydat\u00f3w, jednak\u00a0w ocenie Andrzeja Szarego nie t\u0119dy droga. Problem w\u00a0tym, \u017ce\u00a0jak wskazuje Andrzej Szary, czas szkolenia podstawowego kandydata jest tak kr\u00f3tki, \u017ce\u00a0mo\u017ce nie pozwoli\u0107 na\u00a0rozszerzenie materia\u0142u jeszcze o\u00a0t\u0119 dodatkow\u0105 tematyk\u0119..<\/strong><\/p>\n<p>&nbsp;<\/p>\n<p>Projekt rozporz\u0105dzenia oraz\u00a0uzasadnienie w\u00a0za\u0142\u0105cznikach<\/p>\n<\/div>\n<div class=\"zroodloBox\"><span class=\"zrodlo\">\u017ar\u00f3d\u0142o:<\/span> <a title=\"https:\/\/legislacja.gov.pl\/projekt\/12330653\/katalog\/12665681#12665681\" href=\"https:\/\/legislacja.gov.pl\/projekt\/12330653\/katalog\/12665681#12665681\" target=\"_blank\" rel=\"noopener noreferrer\">https:\/\/legislacja.gov.pl\/projekt\/12330653\/katalog\/12665681#12665681<\/a> <span class=\"date\">2020.03.02<\/span><\/div>\n<div class=\"zalacznikiBox clearfix\">\n<h3>ZA\u0141\u0104CZNIKI<\/h3>\n<ul>\n<li><a href=\"https:\/\/nszzp.pl\/wp-content\/uploads\/2020\/03\/MSWiA_rozp_post\u0119powanie_kwalifikacyjne.docx\">MSWiA_rozp_post\u0119powanie_kwalifikacyjne<\/a><\/li>\n<li><a href=\"https:\/\/nszzp.pl\/wp-content\/uploads\/2020\/03\/MSWiA_rozp_post\u0119powanie_kwalifikacyjne_uzasadnienie.docx\">MSWiA_rozp_post\u0119powanie_kwalifikacyjne_uzasadnienie<\/a><\/li>\n<\/ul>\n<\/div>\n","protected":false},"excerpt":{"rendered":"<p>W\u00a0Biuletynie Informacji Publicznej ukaza\u0142o si\u0119\u00a0 rozporz\u0105dzenie Ministra Spraw Wewn\u0119trznych i\u00a0Administracji zmieniaj\u0105ce rozporz\u0105dzenie w\u00a0sprawie post\u0119powania kwalifikacyjnego w\u00a0stosunku do\u00a0kandydat\u00f3w ubiegaj\u0105cych si\u0119 o\u00a0przyj\u0119cie do\u00a0s\u0142u\u017cby w\u00a0Policji Zmiany w\u00a0post\u0119powaniu kwalifikacyjnym. Projekt rozporz\u0105dzenia MSWiA w\u00a0ocenie Andrzeja Szarego Wydanie tego rozporz\u0105dzenia MSWiA uzasadnia konieczno\u015bci\u0105 wprowadzenia zmian, kt\u00f3re korzystnie wp\u0142yn\u0105 na\u00a0przebieg i\u00a0dynamik\u0119 prowadzonego post\u0119powania kwalifikacyjnego oraz\u00a0podyktowane jest potrzeb\u0105 jego dostosowania do\u00a0zmian w\u00a0przepisach prawnych. [&hellip;]<\/p>\n","protected":false},"author":2,"featured_media":66976,"comment_status":"closed","ping_status":"closed","sticky":false,"template":"","format":"standard","meta":{"footnotes":""},"categories":[28,1,446,6],"tags":[],"class_list":["post-66975","post","type-post","status-publish","format-standard","has-post-thumbnail","hentry","category-baner","category-bez-kategorii","category-przeglad","category-kolumna-1"],"_links":{"self":[{"href":"http:\/\/nszzp.wroclaw.pl\/index.php\/wp-json\/wp\/v2\/posts\/66975","targetHints":{"allow":["GET"]}}],"collection":[{"href":"http:\/\/nszzp.wroclaw.pl\/index.php\/wp-json\/wp\/v2\/posts"}],"about":[{"href":"http:\/\/nszzp.wroclaw.pl\/index.php\/wp-json\/wp\/v2\/types\/post"}],"author":[{"embeddable":true,"href":"http:\/\/nszzp.wroclaw.pl\/index.php\/wp-json\/wp\/v2\/users\/2"}],"replies":[{"embeddable":true,"href":"http:\/\/nszzp.wroclaw.pl\/index.php\/wp-json\/wp\/v2\/comments?post=66975"}],"version-history":[{"count":2,"href":"http:\/\/nszzp.wroclaw.pl\/index.php\/wp-json\/wp\/v2\/posts\/66975\/revisions"}],"predecessor-version":[{"id":66978,"href":"http:\/\/nszzp.wroclaw.pl\/index.php\/wp-json\/wp\/v2\/posts\/66975\/revisions\/66978"}],"wp:featuredmedia":[{"embeddable":true,"href":"http:\/\/nszzp.wroclaw.pl\/index.php\/wp-json\/wp\/v2\/media\/66976"}],"wp:attachment":[{"href":"http:\/\/nszzp.wroclaw.pl\/index.php\/wp-json\/wp\/v2\/media?parent=66975"}],"wp:term":[{"taxonomy":"category","embeddable":true,"href":"http:\/\/nszzp.wroclaw.pl\/index.php\/wp-json\/wp\/v2\/categories?post=66975"},{"taxonomy":"post_tag","embeddable":true,"href":"http:\/\/nszzp.wroclaw.pl\/index.php\/wp-json\/wp\/v2\/tags?post=66975"}],"curies":[{"name":"wp","href":"https:\/\/api.w.org\/{rel}","templated":true}]}}