{"id":67393,"date":"2020-03-24T15:27:57","date_gmt":"2020-03-24T14:27:57","guid":{"rendered":"http:\/\/nszzp.wroclaw.pl\/?p=67393"},"modified":"2020-03-24T15:27:57","modified_gmt":"2020-03-24T14:27:57","slug":"rzad-wprowadzil-ograniczenia-w-przemieszczaniu-sie","status":"publish","type":"post","link":"http:\/\/nszzp.wroclaw.pl\/index.php\/2020\/03\/24\/rzad-wprowadzil-ograniczenia-w-przemieszczaniu-sie\/","title":{"rendered":"Rz\u0105d wprowadzi\u0142 ograniczenia w przemieszczaniu si\u0119"},"content":{"rendered":"\n<figure class=\"wp-block-image size-large\"><img decoding=\"async\" src=\"http:\/\/nszzp.wroclaw.pl\/wp-content\/themes\/newsmag-pro\/assets\/images\/picture_placeholder_list.jpg\" data-src=\"http:\/\/nszzp.wroclaw.pl\/wp-content\/uploads\/2020\/03\/ograniczenia_przemieszczanie_premier_dpn.jpg\" alt=\"\" class=\"blazy wp-image-67394\"\/><noscript><img loading=\"lazy\" decoding=\"async\" width=\"730\" height=\"426\" src=\"http:\/\/nszzp.wroclaw.pl\/wp-content\/uploads\/2020\/03\/ograniczenia_przemieszczanie_premier_dpn.jpg\" alt=\"\" class=\"wp-image-67394\" srcset=\"http:\/\/nszzp.wroclaw.pl\/wp-content\/uploads\/2020\/03\/ograniczenia_przemieszczanie_premier_dpn.jpg 730w, http:\/\/nszzp.wroclaw.pl\/wp-content\/uploads\/2020\/03\/ograniczenia_przemieszczanie_premier_dpn-300x175.jpg 300w\" sizes=\"auto, (max-width: 730px) 100vw, 730px\" \/><\/noscript><\/figure>\n\n\n\n<p>Rz\u0105d w&nbsp;zwi\u0105zku z&nbsp;szerz\u0105c\u0105 si\u0119 epidemi\u0105 wprowadza nowe obostrzenia. \nTo m.in. ograniczenia w&nbsp;przemieszczaniu si\u0119 i&nbsp;w transporcie zbiorowym. \nDecyzj\u0119 og\u0142osi\u0142 na&nbsp;konferencji prasowej premier Mateusz Morawiecki. Jak \nm\u00f3wi\u0142, decyzja zosta\u0142a podj\u0119ta \u201edla ocalenia \u017cycia wielu Polak\u00f3w\u201d. Jak \nm\u00f3wi\u0142 z&nbsp;kolei minister zdrowia \u0141ukasz Szumowski, wprowadzony zostanie \nte\u017c zakaz wychodzenia z&nbsp;domu poza wyj\u0105tkowymi potrzebami \u2014 zakupy, \npraca, wizyta u&nbsp;lekarza. Obostrzenia obowi\u0105zuj\u0105 do&nbsp;dzisiaj do&nbsp;11 \nkwietnia.<\/p>\n\n\n\n<p><strong>Musimy dalej ogranicza\u0107 zgromadzenia do&nbsp;absolutnego minimum. Nie powinny porusza\u0107 si\u0119 wi\u0119cej ni\u017c dwie osoby \u2014 m\u00f3wi\u0142 Morawiecki.<\/strong><\/p>\n\n\n\n<p>\u2014 B\u0119d\u0105 ograniczenia dotycz\u0105ce poruszania si\u0119 w&nbsp;komunikacji publicznej\n \u2014 tylko miejsca siedz\u0105ce, podzielone przez&nbsp;dwa; w&nbsp;tramwaju \nczy&nbsp;autobusie i&nbsp;wszystkich \u015brodkach komunikacji publicznej nie mo\u017ce by\u0107 \nt\u0142oku, musi by\u0107 dystans \u2014 wylicza\u0142.<\/p>\n\n\n\n<p>Minister zdrowia poinformowa\u0142, \u017ce&nbsp;oceny zgodno\u015bci zachowania \nz&nbsp;rozporz\u0105dzeniem b\u0119dzie dokonywa\u0142a policja. Przekaza\u0142, \u017ce&nbsp;zakaz \ngromadzenia si\u0119 wi\u0119cej, ni\u017c dw\u00f3ch os\u00f3b nie dotyczy rodzin. \u2014 Na&nbsp;bie\u017c\u0105co \npolicja b\u0119dzie ocenia\u0107 dzia\u0142ania, czy&nbsp;jest to p\u00f3j\u015bcie na&nbsp;plac w&nbsp;celu \nspotkania towarzyskiego, czy&nbsp;to&nbsp;jest&nbsp;zgromadzenie si\u0119 na&nbsp;placu zabaw \nz&nbsp;dzie\u0107mi \u2014 takie dzia\u0142ania s\u0105 niedopuszczalne, one nara\u017c\u0105 nas \nwszystkich, \u017cycie naszych najbli\u017cszych, ale&nbsp;te\u017c \u017cycie s\u0142u\u017cb \nna&nbsp;zagro\u017cenie \u2014 m\u00f3wi\u0142 Szumowski.<\/p>\n\n\n\n<p>\u015arodki transportu zbiorowego b\u0119d\u0105 dzia\u0142a\u0142y, ale&nbsp;jednorazowo mo\u017ce nimi\n jecha\u0107 nie wi\u0119cej ni\u017c tyle os\u00f3b, ile wynosi liczba miejsc siedz\u0105cych \npodzielona przez&nbsp;dwa.<\/p>\n\n\n\n<p>W&nbsp;wydarzeniach ko\u015bcielnych mo\u017ce bra\u0107 udzia\u0142 jednocze\u015bnie nie wi\u0119cej ni\u017c pi\u0119\u0107 os\u00f3b, nie w\u0142\u0105czaj\u0105c w&nbsp;to pos\u0142uguj\u0105cych.<\/p>\n\n\n\n<p>Ju\u017c wcze\u015bniej rz\u0105d postanowi\u0142 o&nbsp;zamkni\u0119ciu przedszkoli, szk\u00f3\u0142 \ni&nbsp;uczelni wy\u017cszych a&nbsp;tak\u017ce instytucji kulturalnych. Zdecydowa\u0142 si\u0119 te\u017c \nna&nbsp;zamkni\u0119cie granic dla&nbsp;cudzoziemc\u00f3w i&nbsp;skierowaniu na&nbsp;dwutygodniow\u0105 \nkwarantann\u0119 ka\u017cdego Polaka, kt\u00f3ry powr\u00f3ci z&nbsp;zagranicy.<\/p>\n\n\n\n<p>Rz\u0105d wcze\u015bniej zakaza\u0142 tak\u017ce organizowania imprez masowych oraz&nbsp;zgromadze\u0144 publicznych do&nbsp;50 os\u00f3b.<\/p>\n\n\n\n<p>W&nbsp;Polsce wskutek epidemii zmar\u0142o ju\u017c dziewi\u0119\u0107 os\u00f3b. 774 jest zara\u017conych.\n\t\n    \n            \t\t\n            \u017ar\u00f3d\u0142o:\n            <a href=\"https:\/\/www.tvp.info\/47252769\/premier-beda-ograniczenia-w-przemieszczaniu-sie\" target=\"_blank\" rel=\"noreferrer noopener\">https:\/\/www.tvp.info\/47252769\/premier-beda-ograniczenia-w-przemieszczaniu-sie<\/a>\n            2020.03.24        \n        \n\n<\/p>\n","protected":false},"excerpt":{"rendered":"<p>Rz\u0105d w&nbsp;zwi\u0105zku z&nbsp;szerz\u0105c\u0105 si\u0119 epidemi\u0105 wprowadza nowe obostrzenia. To m.in. ograniczenia w&nbsp;przemieszczaniu si\u0119 i&nbsp;w transporcie zbiorowym. Decyzj\u0119 og\u0142osi\u0142 na&nbsp;konferencji prasowej premier Mateusz Morawiecki. Jak m\u00f3wi\u0142, decyzja zosta\u0142a podj\u0119ta \u201edla ocalenia \u017cycia wielu Polak\u00f3w\u201d. Jak m\u00f3wi\u0142 z&nbsp;kolei minister zdrowia \u0141ukasz Szumowski, wprowadzony zostanie te\u017c zakaz wychodzenia z&nbsp;domu poza wyj\u0105tkowymi potrzebami \u2014 zakupy, praca, wizyta u&nbsp;lekarza. Obostrzenia [&hellip;]<\/p>\n","protected":false},"author":2,"featured_media":67394,"comment_status":"closed","ping_status":"closed","sticky":false,"template":"","format":"standard","meta":{"footnotes":""},"categories":[8,28,1,446],"tags":[],"class_list":["post-67393","post","type-post","status-publish","format-standard","has-post-thumbnail","hentry","category-kolumna-3","category-baner","category-bez-kategorii","category-przeglad"],"_links":{"self":[{"href":"http:\/\/nszzp.wroclaw.pl\/index.php\/wp-json\/wp\/v2\/posts\/67393","targetHints":{"allow":["GET"]}}],"collection":[{"href":"http:\/\/nszzp.wroclaw.pl\/index.php\/wp-json\/wp\/v2\/posts"}],"about":[{"href":"http:\/\/nszzp.wroclaw.pl\/index.php\/wp-json\/wp\/v2\/types\/post"}],"author":[{"embeddable":true,"href":"http:\/\/nszzp.wroclaw.pl\/index.php\/wp-json\/wp\/v2\/users\/2"}],"replies":[{"embeddable":true,"href":"http:\/\/nszzp.wroclaw.pl\/index.php\/wp-json\/wp\/v2\/comments?post=67393"}],"version-history":[{"count":1,"href":"http:\/\/nszzp.wroclaw.pl\/index.php\/wp-json\/wp\/v2\/posts\/67393\/revisions"}],"predecessor-version":[{"id":67395,"href":"http:\/\/nszzp.wroclaw.pl\/index.php\/wp-json\/wp\/v2\/posts\/67393\/revisions\/67395"}],"wp:featuredmedia":[{"embeddable":true,"href":"http:\/\/nszzp.wroclaw.pl\/index.php\/wp-json\/wp\/v2\/media\/67394"}],"wp:attachment":[{"href":"http:\/\/nszzp.wroclaw.pl\/index.php\/wp-json\/wp\/v2\/media?parent=67393"}],"wp:term":[{"taxonomy":"category","embeddable":true,"href":"http:\/\/nszzp.wroclaw.pl\/index.php\/wp-json\/wp\/v2\/categories?post=67393"},{"taxonomy":"post_tag","embeddable":true,"href":"http:\/\/nszzp.wroclaw.pl\/index.php\/wp-json\/wp\/v2\/tags?post=67393"}],"curies":[{"name":"wp","href":"https:\/\/api.w.org\/{rel}","templated":true}]}}