{"id":67818,"date":"2020-05-29T10:48:20","date_gmt":"2020-05-29T08:48:20","guid":{"rendered":"http:\/\/nszzp.wroclaw.pl\/?p=67818"},"modified":"2020-05-29T10:48:20","modified_gmt":"2020-05-29T08:48:20","slug":"nie-mamy-watpliwosci-ze-ograniczenia-dotyczace-odpraw-nie-obejma-funkcjonariuszy","status":"publish","type":"post","link":"http:\/\/nszzp.wroclaw.pl\/index.php\/2020\/05\/29\/nie-mamy-watpliwosci-ze-ograniczenia-dotyczace-odpraw-nie-obejma-funkcjonariuszy\/","title":{"rendered":"Nie mamy w\u0105tpliwo\u015bci, \u017ce ograniczenia dotycz\u0105ce odpraw nie obejm\u0105 funkcjonariuszy."},"content":{"rendered":"\n<figure class=\"wp-block-image size-large\"><img decoding=\"async\" src=\"http:\/\/nszzp.wroclaw.pl\/wp-content\/themes\/newsmag-pro\/assets\/images\/picture_placeholder_list.jpg\" data-src=\"http:\/\/nszzp.wroclaw.pl\/wp-content\/uploads\/2020\/05\/antykryzysowa_tarcza_dpn-1.jpg\" alt=\"\" class=\"blazy wp-image-67819\"\/><noscript><img loading=\"lazy\" decoding=\"async\" width=\"730\" height=\"426\" src=\"http:\/\/nszzp.wroclaw.pl\/wp-content\/uploads\/2020\/05\/antykryzysowa_tarcza_dpn-1.jpg\" alt=\"\" class=\"wp-image-67819\" srcset=\"http:\/\/nszzp.wroclaw.pl\/wp-content\/uploads\/2020\/05\/antykryzysowa_tarcza_dpn-1.jpg 730w, http:\/\/nszzp.wroclaw.pl\/wp-content\/uploads\/2020\/05\/antykryzysowa_tarcza_dpn-1-300x175.jpg 300w\" sizes=\"auto, (max-width: 730px) 100vw, 730px\" \/><\/noscript><\/figure>\n\n\n\n<p>Do&nbsp;Biura Zarz\u0105du G\u0142\u00f3wnego NSZZ Policjant\u00f3w nap\u0142ywaj\u0105 pytania \nw&nbsp;sprawie mo\u017cliwo\u015bci obj\u0119cia funkcjonariuszy ograniczeniem wysoko\u015bci \nodpraw wynikaj\u0105cym z&nbsp;projektu, jaki rz\u0105d z\u0142o\u017cy\u0142 w&nbsp;sejmie w&nbsp;ramach tarczy\n antykryzysowej 4.0.<\/p>\n\n\n\n<p>Jakkolwiek Zarz\u0105d G\u0142\u00f3wny nie ma \u017cadnych w\u0105tpliwo\u015bci, \u017ce&nbsp;ograniczenia \nnie obejm\u0105 funkcjonariuszy, Przewodnicz\u0105cy Federacji Zwi\u0105zk\u00f3w Zawodowych\n S\u0142u\u017cb Mundurowych Rafa\u0142 Jankowski skierowa\u0142 pismo do&nbsp;Ministra Spraw \nWewn\u0119trznych i&nbsp;Administracji Mariusza Kami\u0144skiego z&nbsp;pro\u015bb\u0105 \no&nbsp;jednoznaczne potwierdzenie, \u017ce&nbsp;nie s\u0105 obecnie prowadzone lub&nbsp;planowane\n jakiekolwiek prace nad&nbsp;zmian\u0105 zasad naliczania wysoko\u015bci odprawy \ndla&nbsp;funkcjonariuszy podleg\u0142ych MSWiA.<\/p>\n\n\n\n<p>(\u2026) Z&nbsp;uwagi na&nbsp;wag\u0119 problemu, uprzejmie prosz\u0119 o&nbsp;udzielenie \nodpowiedzi w&nbsp;mo\u017cliwie jak kr\u00f3tszym terminie \u2013 napisa\u0142 Rafa\u0142 Jankowski.<\/p>\n\n\n\n<p>O&nbsp;odpowiedzi Ministra niezw\u0142ocznie poinformujemy na&nbsp;naszym portalu.<\/p>\n","protected":false},"excerpt":{"rendered":"<p>Do&nbsp;Biura Zarz\u0105du G\u0142\u00f3wnego NSZZ Policjant\u00f3w nap\u0142ywaj\u0105 pytania w&nbsp;sprawie mo\u017cliwo\u015bci obj\u0119cia funkcjonariuszy ograniczeniem wysoko\u015bci odpraw wynikaj\u0105cym z&nbsp;projektu, jaki rz\u0105d z\u0142o\u017cy\u0142 w&nbsp;sejmie w&nbsp;ramach tarczy antykryzysowej 4.0. Jakkolwiek Zarz\u0105d G\u0142\u00f3wny nie ma \u017cadnych w\u0105tpliwo\u015bci, \u017ce&nbsp;ograniczenia nie obejm\u0105 funkcjonariuszy, Przewodnicz\u0105cy Federacji Zwi\u0105zk\u00f3w Zawodowych S\u0142u\u017cb Mundurowych Rafa\u0142 Jankowski skierowa\u0142 pismo do&nbsp;Ministra Spraw Wewn\u0119trznych i&nbsp;Administracji Mariusza Kami\u0144skiego z&nbsp;pro\u015bb\u0105 o&nbsp;jednoznaczne potwierdzenie, \u017ce&nbsp;nie [&hellip;]<\/p>\n","protected":false},"author":2,"featured_media":67819,"comment_status":"closed","ping_status":"closed","sticky":false,"template":"","format":"standard","meta":{"footnotes":""},"categories":[8,28,1,399,446],"tags":[],"class_list":["post-67818","post","type-post","status-publish","format-standard","has-post-thumbnail","hentry","category-kolumna-3","category-baner","category-bez-kategorii","category-inne","category-przeglad"],"_links":{"self":[{"href":"http:\/\/nszzp.wroclaw.pl\/index.php\/wp-json\/wp\/v2\/posts\/67818","targetHints":{"allow":["GET"]}}],"collection":[{"href":"http:\/\/nszzp.wroclaw.pl\/index.php\/wp-json\/wp\/v2\/posts"}],"about":[{"href":"http:\/\/nszzp.wroclaw.pl\/index.php\/wp-json\/wp\/v2\/types\/post"}],"author":[{"embeddable":true,"href":"http:\/\/nszzp.wroclaw.pl\/index.php\/wp-json\/wp\/v2\/users\/2"}],"replies":[{"embeddable":true,"href":"http:\/\/nszzp.wroclaw.pl\/index.php\/wp-json\/wp\/v2\/comments?post=67818"}],"version-history":[{"count":1,"href":"http:\/\/nszzp.wroclaw.pl\/index.php\/wp-json\/wp\/v2\/posts\/67818\/revisions"}],"predecessor-version":[{"id":67820,"href":"http:\/\/nszzp.wroclaw.pl\/index.php\/wp-json\/wp\/v2\/posts\/67818\/revisions\/67820"}],"wp:featuredmedia":[{"embeddable":true,"href":"http:\/\/nszzp.wroclaw.pl\/index.php\/wp-json\/wp\/v2\/media\/67819"}],"wp:attachment":[{"href":"http:\/\/nszzp.wroclaw.pl\/index.php\/wp-json\/wp\/v2\/media?parent=67818"}],"wp:term":[{"taxonomy":"category","embeddable":true,"href":"http:\/\/nszzp.wroclaw.pl\/index.php\/wp-json\/wp\/v2\/categories?post=67818"},{"taxonomy":"post_tag","embeddable":true,"href":"http:\/\/nszzp.wroclaw.pl\/index.php\/wp-json\/wp\/v2\/tags?post=67818"}],"curies":[{"name":"wp","href":"https:\/\/api.w.org\/{rel}","templated":true}]}}