{"id":68249,"date":"2020-09-29T16:37:09","date_gmt":"2020-09-29T14:37:09","guid":{"rendered":"http:\/\/nszzp.wroclaw.pl\/?p=68249"},"modified":"2020-09-29T16:37:09","modified_gmt":"2020-09-29T14:37:09","slug":"szef-mswia-rozmawial-ze-zwiazkowcami-o-propozycjach-zmiany-art-15a","status":"publish","type":"post","link":"http:\/\/nszzp.wroclaw.pl\/index.php\/2020\/09\/29\/szef-mswia-rozmawial-ze-zwiazkowcami-o-propozycjach-zmiany-art-15a\/","title":{"rendered":"Szef MSWiA rozmawia\u0142 ze zwi\u0105zkowcami o propozycjach zmiany art. 15a"},"content":{"rendered":"\n<figure class=\"wp-block-image size-large\"><img decoding=\"async\" src=\"http:\/\/nszzp.wroclaw.pl\/wp-content\/themes\/newsmag-pro\/assets\/images\/picture_placeholder_list.jpg\" data-src=\"http:\/\/nszzp.wroclaw.pl\/wp-content\/uploads\/2020\/09\/mswia_notatnik_d\u0142ugopis_dpn.jpg\" alt=\"\" class=\"blazy wp-image-68250\"\/><noscript><img loading=\"lazy\" decoding=\"async\" width=\"730\" height=\"426\" src=\"http:\/\/nszzp.wroclaw.pl\/wp-content\/uploads\/2020\/09\/mswia_notatnik_d\u0142ugopis_dpn.jpg\" alt=\"\" class=\"wp-image-68250\" srcset=\"http:\/\/nszzp.wroclaw.pl\/wp-content\/uploads\/2020\/09\/mswia_notatnik_d\u0142ugopis_dpn.jpg 730w, http:\/\/nszzp.wroclaw.pl\/wp-content\/uploads\/2020\/09\/mswia_notatnik_d\u0142ugopis_dpn-300x175.jpg 300w\" sizes=\"auto, (max-width: 730px) 100vw, 730px\" \/><\/noscript><\/figure>\n\n\n\n<p>Minister Mariusz Kami\u0144ski oraz&nbsp;wiceminister Maciej W\u0105sik spotkali \nsi\u0119 z&nbsp;przedstawicielami Federacji Zwi\u0105zk\u00f3w Zawodowych S\u0142u\u017cb Mundurowych.\n G\u0142\u00f3wnym tematem rozmowy by\u0142a propozycja dotycz\u0105ca art. 15a \noraz&nbsp;zwi\u0119kszenia kar za&nbsp;napa\u015b\u0107, naruszenie nietykalno\u015bci cielesnej \ni&nbsp;zniewa\u017cenie funkcjonariuszy oraz&nbsp;ochrony prawnej, czasu s\u0142u\u017cby, \nfunduszu nagrodowego i&nbsp;programu rozwoju s\u0142u\u017cb. O&nbsp;planach zmian w&nbsp;tym \nzakresie minister Mariusz Kami\u0144ski informowa\u0142 podczas niedawnej \nkonferencji z&nbsp;premierem Mateuszem Morawieckim.<\/p>\n\n\n\n<p>Zgodnie z&nbsp;postanowieniami Porozumienia z&nbsp;dnia 8 listopada 2018 r., \nminister Mariusz Kami\u0144ski przedstawi\u0142 propozycje zmian w&nbsp;art. 15a ustawy\n o&nbsp;zaopatrzeniu emerytalnym funkcjonariuszy. Przepis dotyczy emerytury \nos\u00f3b, kt\u00f3re wst\u0105pi\u0142y do&nbsp;s\u0142u\u017cby po&nbsp;1999 r. Zgodnie z&nbsp;propozycj\u0105 szefa \nMSWiA, u&nbsp;os\u00f3b, kt\u00f3re mi\u0119dzy 1 stycznia 1999 r. a&nbsp;1 pa\u017adziernika 2003 r. \nprzesz\u0142y z&nbsp;pracy cywilnej do&nbsp;s\u0142u\u017cby w&nbsp;Policji, okresy sk\u0142adkowe liczone \nby\u0142yby zgodnie z&nbsp;przelicznikiem 1,3% za&nbsp;ka\u017cdy rok pracy w&nbsp;tzw. cywilu, \npod&nbsp;warunkiem, \u017ce&nbsp;zostanie przepracowane minimum 25 lat w&nbsp;s\u0142u\u017cbie. \nPrzelicznik na&nbsp;poziomie 1,3% by\u0142by doliczany do&nbsp;lat po&nbsp;osi\u0105gni\u0119ciu \npodstawowego wieku emerytalnego. Propozycja dotyczy wszystkich s\u0142u\u017cb \npodleg\u0142ych MSWiA. Jak zaznaczono, zmiana przepisu dotyczy\u0142aby ok. 9 \ntysi\u0119cy os\u00f3b s\u0142u\u017c\u0105cych we wszystkich formacjach.<\/p>\n\n\n\n<p><strong>Propozycja utworzenia specjalnego funduszu wsparcia rodzin \npoleg\u0142ych i&nbsp;poszkodowanych funkcjonariuszy oraz&nbsp;zaostrzenia kar \nza&nbsp;napa\u015b\u0107, naruszenie nietykalno\u015bci cielesnej i&nbsp;zniewa\u017cenie \nfunkcjonariusza<\/strong><\/p>\n\n\n\n<p>Szef MSWiA przedstawi\u0142 stronie zwi\u0105zkowej propozycj\u0119, zgodnie z&nbsp;kt\u00f3r\u0105\n podwy\u017cszone zosta\u0142yby kary za&nbsp;przest\u0119pstwa dotycz\u0105ce czynnej napa\u015bci, \nnaruszenia nietykalno\u015bci cielesnej oraz&nbsp;zniewa\u017cenia funkcjonariusza. \nPrzedstawiciele strony zwi\u0105zkowej zaproponowali, aby&nbsp;surowiej karane \nby\u0142o tak\u017ce zmuszanie funkcjonariuszy do&nbsp;odst\u0105pienia od wykonywanych \nprzez&nbsp;nich czynno\u015bci. Zgodnie z&nbsp;propozycj\u0105 ministra, za&nbsp;przest\u0119pstwa \ndotycz\u0105ce czynnej napa\u015bci, naruszenia nietykalno\u015bci cielesnej \nlub&nbsp;zniewa\u017cenia funkcjonariusza, sprawca musia\u0142by wp\u0142aci\u0107 obligatoryjne \n\u015bwiadczenie pieni\u0119\u017cne. \u015arodki pochodz\u0105ce ze wspomnianego \u015bwiadczenia \ntworzy\u0142yby fundusz b\u0119d\u0105cy wsparciem m.in. dla&nbsp;rodzin pokrzywdzonych \nfunkcjonariuszy. Z&nbsp;funduszu by\u0142yby tak\u017ce finansowane \u015bwiadczenia \nmedyczne na&nbsp;rzecz najbardziej potrzebuj\u0105cych funkcjonariuszy. Jak \nzaznaczy\u0142 szef MSWiA, obecnie trwaj\u0105 prace koncepcyjne nad&nbsp;stworzeniem \nfunduszu. \u2013 Zadbanie o&nbsp;bezpiecze\u0144stwo rodzin tych, kt\u00f3rzy ucierpieli, \njest jednym z&nbsp;priorytet\u00f3w MSWiA \u2013 powiedzia\u0142 minister Mariusz Kami\u0144ski.<\/p>\n\n\n\n<p>Wed\u0142ug ministra i&nbsp;strony spo\u0142ecznej konieczne jest r\u00f3wnie\u017c \nwprowadzenie w&nbsp;mo\u017cliwie najszybszym czasie kamer nasobnych, kt\u00f3re \nz&nbsp;jednej strony pozwol\u0105 na&nbsp;rejestracj\u0119 czynno\u015bci s\u0142u\u017cbowych, z&nbsp;drugiej \nza\u015b&nbsp;b\u0119d\u0105 doskona\u0142ym elementem ochrony funkcjonariuszy, bardzo cz\u0119sto \nbezzasadnie pomawianych przez&nbsp;osoby, wobec kt\u00f3rych s\u0105 podejmowane \ninterwencje. Strony uzna\u0142y te\u017c za&nbsp;zasadne rozpatrzenie wprowadzenia, \nw&nbsp;rozporz\u0105dzeniu wykonawczym do&nbsp;ustawy o&nbsp;Policji, zapisu, kt\u00f3ry stworzy \nmo\u017cliwo\u015b\u0107 kierowania wniosk\u00f3w o&nbsp;pokrycie koszt\u00f3w zast\u0119pstwa procesowego \ndo&nbsp;Komendanta G\u0142\u00f3wnego Policji przez&nbsp;w\u0142a\u015bciwe organizacje zwi\u0105zkowe.<\/p>\n\n\n\n<p><strong>Dodatkowe pieni\u0105dze na&nbsp;inwestycje i&nbsp;nowy program rozwoju dla&nbsp;formacji<\/strong><\/p>\n\n\n\n<p>Minister Maciej W\u0105sik powiedzia\u0142, \u017ce&nbsp;MSWiA przeznaczy ok. 1 mld z\u0142 \nna&nbsp;inwestycje w&nbsp;s\u0142u\u017cbach podleg\u0142ych. \u015arodki by\u0142yby mo\u017cliwe \ndo&nbsp;wykorzystania do&nbsp;listopada 2021 r. z&nbsp;przeznaczeniem na&nbsp;doko\u0144czenie \nrozpocz\u0119tych ju\u017c inwestycji. Wiceszef MSWiA podkre\u015bli\u0142, \u017ce&nbsp;intencj\u0105 \nresortu jest wprowadzenie nowego programu rozwoju. Zwi\u0105zkowcy \npodkre\u015blili, \u017ce&nbsp;wprowadzenie programu jest bardzo wa\u017cn\u0105 kwesti\u0105 \ndla&nbsp;wszystkich formacji. Z&nbsp;kolei strona ministerialna podkre\u015bli\u0142a, \n\u017ce&nbsp;liczy na&nbsp;zaanga\u017cowanie i&nbsp;dobr\u0105 wsp\u00f3\u0142prac\u0119 ze zwi\u0105zkami zawodowymi.<\/p>\n\n\n\n<p><strong>Dodatek dla&nbsp;kontrterroryst\u00f3w<\/strong><\/p>\n\n\n\n<p>Minister Mariusz Kami\u0144ski przedstawi\u0142 stronie zwi\u0105zkowej propozycj\u0119 \ndotycz\u0105c\u0105 wprowadzenia specjalnego sta\u0142ego dodatku dla&nbsp;kontrterroryst\u00f3w \noraz&nbsp;funkcjonariuszy oddzia\u0142u specjalnego Stra\u017cy Granicznej. Zmiany \nw&nbsp;tym zakresie zostan\u0105 zaproponowane w&nbsp;rozporz\u0105dzeniu, nad&nbsp;kt\u00f3rym trwaj\u0105\n obecnie prace.<\/p>\n\n\n\n<p><strong>Przywr\u00f3cenie pe\u0142nego uposa\u017cenia za&nbsp;COVID-19 i&nbsp;za&nbsp;kwarantann\u0119<\/strong><\/p>\n\n\n\n<p>Strona zwi\u0105zkowa zaproponowa\u0142a zachowanie pe\u0142nego uposa\u017cenia \nprzez&nbsp;funkcjonariuszy, kt\u00f3rzy w&nbsp;zwi\u0105zku z&nbsp;wykonywaniem swoich obowi\u0105zk\u00f3w\n zachoruj\u0105 na&nbsp;COVID-19 lub&nbsp;poddani zostan\u0105 izolacji b\u0105d\u017a&nbsp;kwarantannie. \nObie strony zgodzi\u0142y si\u0119 z&nbsp;tym, \u017ce&nbsp;problem nale\u017cy rozwi\u0105za\u0107 systemowo \ni&nbsp;zapisa\u0107 to uprawnienie w&nbsp;pragmatyce poszczeg\u00f3lnych s\u0142u\u017cb mundurowych. \nMinister Mariusz Kami\u0144ski wraz z&nbsp;wiceministrem Maciejem W\u0105sikiem \ndostrzegli konieczno\u015b\u0107 pilnego rozwi\u0105zania tej sprawy i&nbsp;poprosili stron\u0119\n zwi\u0105zkow\u0105 o&nbsp;pilne przedstawienie propozycji w&nbsp;tym zakresie.<\/p>\n\n\n\n<p><strong>Wp\u0142yw pandemii na&nbsp;fundusz nagrodowy<\/strong><\/p>\n\n\n\n<p>Strona zwi\u0105zkowa odnios\u0142a si\u0119 do&nbsp;projektu Ministerstwa Finans\u00f3w \nzak\u0142adaj\u0105cego zamro\u017cenie w&nbsp;roku 2021 funduszy nagr\u00f3d \ndla&nbsp;funkcjonariuszy. Minister Mariusz Kami\u0144ski, powo\u0142uj\u0105c si\u0119 \nna&nbsp;kierunki polityki rz\u0105du, zwraca\u0142 uwag\u0119 na&nbsp;konieczno\u015b\u0107 ograniczenia \nwydatk\u00f3w w&nbsp;ca\u0142ej sferze bud\u017cetowej i&nbsp;na kryzys zwi\u0105zany z&nbsp;pandemi\u0105. \nPo&nbsp;obu stronach pada\u0142y propozycje zast\u0105pienia funduszy nagrodowych \n\u015brodkami pozostaj\u0105cymi w&nbsp;dyspozycji poszczeg\u00f3lnych s\u0142u\u017cb mundurowych. \nJednym z&nbsp;takich pomys\u0142\u00f3w, zg\u0142oszonych przez&nbsp;zwi\u0105zkowc\u00f3w, by\u0142o \nprzeznaczenie na&nbsp;ten cel 70 proc. \u015brodk\u00f3w z&nbsp;niepe\u0142nego zatrudnienia \noraz&nbsp;ca\u0142o\u015bci \u015brodk\u00f3w pochodz\u0105cych ze zwolnie\u0144 lekarskich.<\/p>\n\n\n\n<p><strong>Zwrot dni wolnych w&nbsp;zamian za&nbsp;s\u0142u\u017cb\u0119 pe\u0142nion\u0105 w&nbsp;dniach wolnych od s\u0142u\u017cby<\/strong><\/p>\n\n\n\n<p>Problem pojawi\u0142 si\u0119 po&nbsp;ostatniej nowelizacji rozporz\u0105dzenia MSWiA \nw&nbsp;sprawie rozk\u0142adu czasu s\u0142u\u017cby policjant\u00f3w, kt\u00f3ra przy&nbsp;okazji \ndostosowywania do&nbsp;uregulowa\u0144 po\u015bwi\u0119conych odp\u0142atno\u015bci za&nbsp;nadgodziny, \nusun\u0119\u0142a zapis funkcjonuj\u0105cy w&nbsp;starym rozporz\u0105dzeniu (\u00a7 9 ust. 3). Nowy \u00a7\n 8 w&nbsp;og\u00f3le t\u0119 kwesti\u0119 pomija. Minister W\u0105sik przekonywa\u0142, \u017ce&nbsp;na zmian\u0119 \nw&nbsp;tym zakresie zwr\u00f3cili uwag\u0119 prawnicy i&nbsp;\u017ce&nbsp;otrzyma\u0142 w&nbsp;tej sprawie \nstosown\u0105 opini\u0119 prawn\u0105. Strony ustali\u0142y, \u017ce&nbsp;do argument\u00f3w zawartych \nw&nbsp;opinii odnios\u0105 si\u0119 po&nbsp;jej otrzymaniu.<\/p>\n\n\n\n<p>***<\/p>\n\n\n\n<p>W&nbsp;spotkaniu, kt\u00f3re odby\u0142o si\u0119 25 wrze\u015bnia w&nbsp;siedzibie MSWiA, ze \nstrony zwi\u0105zkowej wzi\u0119li udzia\u0142: Rafa\u0142 Jankowski \u2013 Przewodnicz\u0105cy NSZZ \nPolicjant\u00f3w, S\u0142awomir Koniuszy, Andrzej Szary \u2013 cz\u0142onkowie Zarz\u0105du \nG\u0142\u00f3wnego NSZZ Policjant\u00f3w, Marcin Kolasa \u2013 Przewodnicz\u0105cy Zarz\u0105du \nG\u0142\u00f3wnego NSZZ Funkcjonariuszy Stra\u017cy Granicznej, Krzysztof Hetman \u2013 \nPrzewodnicz\u0105cy NSZZ Pracownik\u00f3w Po\u017carnictwa, Krzysztof J\u0119drychowicz \u2013 \nWiceprzewodnicz\u0105cy Zwi\u0105zku Zawodowego Stra\u017cak\u00f3w \u201eFlorian\u201d i&nbsp;Bart\u0142omiej \nMickiewicz \u2013 Przewodnicz\u0105cy Rady Krajowej Sekcji Po\u017carnictwa NSZZ \n\u201eSolidarno\u015b\u0107\u201d\n\n\t\n    \n            \t\t\n            \u017ar\u00f3d\u0142o:\n            <a href=\"https:\/\/www.gov.pl\/web\/mswia\/szef-mswia-rozmawial-ze-zwiazkowcami-o-propozycjach-zmiany-art-15a\" target=\"_blank\" rel=\"noreferrer noopener\">https:\/\/www.gov.pl\/web\/mswia\/szef-mswia-rozmawial-ze-zwiazkowcami-o-propozycjach-zmiany-art-15a<\/a><\/p>\n","protected":false},"excerpt":{"rendered":"<p>Minister Mariusz Kami\u0144ski oraz&nbsp;wiceminister Maciej W\u0105sik spotkali si\u0119 z&nbsp;przedstawicielami Federacji Zwi\u0105zk\u00f3w Zawodowych S\u0142u\u017cb Mundurowych. G\u0142\u00f3wnym tematem rozmowy by\u0142a propozycja dotycz\u0105ca art. 15a oraz&nbsp;zwi\u0119kszenia kar za&nbsp;napa\u015b\u0107, naruszenie nietykalno\u015bci cielesnej i&nbsp;zniewa\u017cenie funkcjonariuszy oraz&nbsp;ochrony prawnej, czasu s\u0142u\u017cby, funduszu nagrodowego i&nbsp;programu rozwoju s\u0142u\u017cb. O&nbsp;planach zmian w&nbsp;tym zakresie minister Mariusz Kami\u0144ski informowa\u0142 podczas niedawnej konferencji z&nbsp;premierem Mateuszem Morawieckim. Zgodnie z&nbsp;postanowieniami [&hellip;]<\/p>\n","protected":false},"author":2,"featured_media":68250,"comment_status":"closed","ping_status":"closed","sticky":false,"template":"","format":"standard","meta":{"footnotes":""},"categories":[28,1,446,7],"tags":[],"class_list":["post-68249","post","type-post","status-publish","format-standard","has-post-thumbnail","hentry","category-baner","category-bez-kategorii","category-przeglad","category-kolumna-2"],"_links":{"self":[{"href":"http:\/\/nszzp.wroclaw.pl\/index.php\/wp-json\/wp\/v2\/posts\/68249","targetHints":{"allow":["GET"]}}],"collection":[{"href":"http:\/\/nszzp.wroclaw.pl\/index.php\/wp-json\/wp\/v2\/posts"}],"about":[{"href":"http:\/\/nszzp.wroclaw.pl\/index.php\/wp-json\/wp\/v2\/types\/post"}],"author":[{"embeddable":true,"href":"http:\/\/nszzp.wroclaw.pl\/index.php\/wp-json\/wp\/v2\/users\/2"}],"replies":[{"embeddable":true,"href":"http:\/\/nszzp.wroclaw.pl\/index.php\/wp-json\/wp\/v2\/comments?post=68249"}],"version-history":[{"count":1,"href":"http:\/\/nszzp.wroclaw.pl\/index.php\/wp-json\/wp\/v2\/posts\/68249\/revisions"}],"predecessor-version":[{"id":68251,"href":"http:\/\/nszzp.wroclaw.pl\/index.php\/wp-json\/wp\/v2\/posts\/68249\/revisions\/68251"}],"wp:featuredmedia":[{"embeddable":true,"href":"http:\/\/nszzp.wroclaw.pl\/index.php\/wp-json\/wp\/v2\/media\/68250"}],"wp:attachment":[{"href":"http:\/\/nszzp.wroclaw.pl\/index.php\/wp-json\/wp\/v2\/media?parent=68249"}],"wp:term":[{"taxonomy":"category","embeddable":true,"href":"http:\/\/nszzp.wroclaw.pl\/index.php\/wp-json\/wp\/v2\/categories?post=68249"},{"taxonomy":"post_tag","embeddable":true,"href":"http:\/\/nszzp.wroclaw.pl\/index.php\/wp-json\/wp\/v2\/tags?post=68249"}],"curies":[{"name":"wp","href":"https:\/\/api.w.org\/{rel}","templated":true}]}}