{"id":68601,"date":"2020-12-21T20:04:03","date_gmt":"2020-12-21T19:04:03","guid":{"rendered":"http:\/\/nszzp.wroclaw.pl\/?p=68601"},"modified":"2020-12-21T20:05:01","modified_gmt":"2020-12-21T19:05:01","slug":"rzecznik-rzadu-policja-bedzie-mogla-wystawiac-mandaty-na-podstawie-rozporzadzenia","status":"publish","type":"post","link":"http:\/\/nszzp.wroclaw.pl\/index.php\/2020\/12\/21\/rzecznik-rzadu-policja-bedzie-mogla-wystawiac-mandaty-na-podstawie-rozporzadzenia\/","title":{"rendered":"Rzecznik rz\u0105du: Policja b\u0119dzie mog\u0142a wystawia\u0107 mandaty na podstawie rozporz\u0105dzenia."},"content":{"rendered":"\n<p>Rzecznik rz\u0105du: Policja b\u0119dzie mog\u0142a wystawia\u0107 mandaty na&nbsp;podstawie rozporz\u0105dzenia.<\/p>\n\n\n\n<figure class=\"wp-block-image size-large\"><img decoding=\"async\" src=\"http:\/\/nszzp.wroclaw.pl\/wp-content\/themes\/newsmag-pro\/assets\/images\/picture_placeholder_list.jpg\" data-src=\"http:\/\/nszzp.wroclaw.pl\/wp-content\/uploads\/2020\/12\/twit_policja_sylwester_dpn.jpg\" alt=\"\" class=\"blazy wp-image-68602\"\/><noscript><img loading=\"lazy\" decoding=\"async\" width=\"730\" height=\"426\" src=\"http:\/\/nszzp.wroclaw.pl\/wp-content\/uploads\/2020\/12\/twit_policja_sylwester_dpn.jpg\" alt=\"\" class=\"wp-image-68602\" srcset=\"http:\/\/nszzp.wroclaw.pl\/wp-content\/uploads\/2020\/12\/twit_policja_sylwester_dpn.jpg 730w, http:\/\/nszzp.wroclaw.pl\/wp-content\/uploads\/2020\/12\/twit_policja_sylwester_dpn-300x175.jpg 300w\" sizes=\"auto, (max-width: 730px) 100vw, 730px\" \/><\/noscript><\/figure>\n\n\n\n<p>Na&nbsp;podstawie rozporz\u0105dzenia w&nbsp;sprawie nowych obostrze\u0144, policja \nb\u0119dzie mia\u0142a mo\u017cliwo\u015b\u0107 wystawiania mandat\u00f3w osobom, kt\u00f3re bez powodu \nuj\u0119tego w&nbsp;rozporz\u0105dzeniu pojawi\u0105 si\u0119 od godz. 19.00 31 grudnia do&nbsp;6.00 \nrano 1 stycznia na&nbsp;ulicach \u2013 przekaza\u0142 w&nbsp;poniedzia\u0142ek rzecznik rz\u0105du \nPiotr M\u00fcller.<\/p>\n\n\n\n<p>Minister zdrowia Adam Niedzielski og\u0142osi\u0142 w&nbsp;czwartek, <strong>\u017ce&nbsp;od \n28 grudnia do&nbsp;17 stycznia 2021 r. (do ko\u0144ca przerwy szkolnej) zostan\u0105 \nwprowadzone dodatkowe obostrzenia m.in. zamkni\u0119cie hoteli, ograniczenie \nw&nbsp;dzia\u0142aniu galerii handlowych; w&nbsp;sylwestrow\u0105 noc b\u0119dzie zakaz \nprzemieszczania si\u0119 od godz. 19.00 31 grudnia do&nbsp;6.00 rano 1 stycznia.<\/strong><\/p>\n\n\n\n<p><strong>Rzecznik rz\u0105du pytany, czy&nbsp;zapowiedziane obostrzenia b\u0119d\u0105 \nobowi\u0105zywa\u0107 w&nbsp;og\u0142oszonej formie, przekaza\u0142, \u017ce&nbsp;\u201enie b\u0119dzie zasadniczych \nzmian w&nbsp;rozporz\u0105dzeniu\u201d. \u2013 S\u0105 tylko doprecyzowania takich sytuacji, jak \ncho\u0107by egzaminy zawodowe, kt\u00f3re odbywaj\u0105 si\u0119 w&nbsp;styczniu. \nAle&nbsp;obostrzenia, kt\u00f3re przekazywali\u015bmy, co do&nbsp;zasady si\u0119 nie zmieniaj\u0105 \u2013\n doda\u0142.<\/strong><\/p>\n\n\n\n<p>M\u00fcller dopytywany, czy&nbsp;policja b\u0119dzie na&nbsp;podstawie rozporz\u0105dzenia \nwystawia\u0107 mandaty osobom, kt\u00f3re bez powodu uj\u0119tego w&nbsp;rozporz\u0105dzeniu \npojawi\u0105 si\u0119 w&nbsp;noc sylwestrow\u0105 na&nbsp;ulicach, podkre\u015bli\u0142, \u017ce<strong> \u201ena podstawie takiego rozporz\u0105dzenia b\u0119dzie mia\u0142a tak\u0105 mo\u017cliwo\u015b\u0107\u201d<\/strong>.\n Wyrazi\u0142 nadziej\u0119, \u017ce&nbsp;\u201enie b\u0119dzie takiej konieczno\u015bci, poniewa\u017c&nbsp;wszyscy \nw&nbsp;poczuciu odpowiedzialno\u015bci dostosujemy si\u0119 do&nbsp;tych zasad\u201d.<\/p>\n\n\n\n<div class=\"wp-block-image\"><figure class=\"alignleft\"><img decoding=\"async\" src=\"http:\/\/nszzp.wroclaw.pl\/wp-content\/themes\/newsmag-pro\/assets\/images\/picture_placeholder_list.jpg\" data-src=\"https:\/\/nszzp.pl\/wp-content\/uploads\/2020\/12\/dodatkowe_zasady_bezp-330x136.jpg\" alt=\"\" class=\"blazy wp-image-27242\"\/><noscript><img decoding=\"async\" src=\"https:\/\/nszzp.pl\/wp-content\/uploads\/2020\/12\/dodatkowe_zasady_bezp-330x136.jpg\" alt=\"\" class=\"wp-image-27242\"\/><\/noscript><\/figure><\/div>\n\n\n\n<p>Przerwanie\n transmisji COVID-19 to jedyny skuteczny spos\u00f3b na&nbsp;zwyci\u0119stwo w&nbsp;walce \nz&nbsp;koronawirusem. Umo\u017cliwi to szczepionka przeciwko COVID-19. Zanim \njednak&nbsp;rozpoczniemy proces szczepie\u0144, musimy by\u0107 szczeg\u00f3lnie ostro\u017cni \ni&nbsp;odpowiedzialni. Do&nbsp;17 stycznia 2021 r. przed\u0142u\u017camy etap \nodpowiedzialno\u015bci, podczas kt\u00f3rego wprowadzamy dodatkowe ograniczenia. \nZamkni\u0119cie stok\u00f3w narciarskich oraz&nbsp;zakaz przemieszczania si\u0119 \nw&nbsp;Sylwestra \u2013 to niekt\u00f3re z&nbsp;nich. Sprawd\u017a, jakie zmiany czekaj\u0105 nas \npo&nbsp;\u015bwi\u0119tach.<\/p>\n\n\n\n<p>Noc sylwestrowa to szczeg\u00f3lny dzie\u0144 w&nbsp;roku. Ka\u017cdy z&nbsp;nas chce go \nsp\u0119dzi\u0107 w&nbsp;gronie przyjaci\u00f3\u0142 i&nbsp;rodziny. W&nbsp;obecnej sytuacji \njednak&nbsp;wszelkiego typu imprezy i&nbsp;zgromadzenia stwarzaj\u0105 niezwykle gro\u017ane\n warunki do&nbsp;dalszej transmisji koronawirusa. A&nbsp;co za&nbsp;tym idzie, s\u0105 \nbardzo niebezpieczne dla&nbsp;nas i&nbsp;naszych bliskich. Dlatego&nbsp;zosta\u0144 w&nbsp;domu \ni&nbsp;nie organizuj imprez i&nbsp;spotka\u0144 towarzyskich poza gronem domownik\u00f3w. \nPodobnie jak inne liczne kraje europejskie, r\u00f3wnie\u017c Polska wprowadza \nograniczenia w&nbsp;tym dniu. Z&nbsp;31 grudnia 2020 r. na&nbsp;1 stycznia 2021 r. \nw&nbsp;godzinach od 19:00 do&nbsp;6:00 w&nbsp;ca\u0142ym kraju obowi\u0105zuje zakaz \nprzemieszczania si\u0119. Wyj\u0105tkiem b\u0119d\u0105 m.in. niezb\u0119dne czynno\u015bci s\u0142u\u017cbowe \noraz&nbsp;inne wskazane w&nbsp;rozporz\u0105dzeniu.<\/p>\n\n\n\n<p><strong>Nowe zasady bezpiecze\u0144stwa \u2013 od 28 grudnia do&nbsp;17 stycznia<\/strong><br>\nPrzed\u0142u\u017camy etap odpowiedzialno\u015bci i&nbsp;wprowadzamy dodatkowe ograniczenia.\n Wszystko po&nbsp;to, aby&nbsp;przerwa\u0107 transmisj\u0119 COVID-19 i&nbsp;jak najszybciej \nwr\u00f3ci\u0107 do&nbsp;normalno\u015bci. Nowe zasady bezpiecze\u0144stwa b\u0119d\u0105 obowi\u0105zywa\u0142y od \n28 grudnia 2020 r. do&nbsp;17 stycznia 2021 r., czyli&nbsp;do ko\u0144ca przerwy \nszkolnej. Co si\u0119 zmieni?<\/p>\n\n\n\n<ul class=\"wp-block-list\"><li>Ponowne ograniczenie funkcjonowania galerii handlowych \u2013 otwarte \npozostaj\u0105 m.in. sklepy spo\u017cywcze, z&nbsp;ksi\u0105\u017ckami i&nbsp;pras\u0105, drogerie, apteki,\n salony fryzjerskie i&nbsp;kosmetyczne, a&nbsp;tak\u017ce wolnostoj\u0105ce \nwielkopowierzchniowe sklepy meblowe<\/li><li>Ograniczenie funkcjonowania hoteli \u2013 dost\u0119pne dla&nbsp;s\u0142u\u017cb mundurowych,\n medyk\u00f3w, pacjent\u00f3w szpitali specjalistycznych, o\u015brodk\u00f3w COS. Wyj\u0105tkiem \ns\u0105 r\u00f3wnie\u017c hotele pracownicze.<\/li><li>Zamkni\u0119te stoki narciarskie<\/li><li>Infrastruktura sportowa dost\u0119pna tylko w&nbsp;ramach sportu zawodowego<\/li><li>10 dniowa kwarantanna dla&nbsp;przyje\u017cd\u017caj\u0105cych do&nbsp;Polski transportem zorganizowanym<\/li><\/ul>\n\n\n\n<p><strong>Przed\u0142u\u017camy dotychczasowe zasady i&nbsp;ograniczenia:<\/strong><\/p>\n\n\n\n<ul class=\"wp-block-list\"><li>Zakaz przemieszczania si\u0119 os\u00f3b poni\u017cej 16. roku \u017cycia bez opieki \nrodzica lub&nbsp;prawnego opiekuna od poniedzia\u0142ku do&nbsp;pi\u0105tku w&nbsp;godzinach 8:00\n -16:00 (wyj\u0105tkiem s\u0105 p\u00f3\u0142kolonie)<br>\nOgraniczenia w&nbsp;transporcie zbiorowym: \u2013 50% liczby miejsc siedz\u0105cych, \nalbo&nbsp;\u2013 30% liczby wszystkich miejsc siedz\u0105cych i&nbsp;stoj\u0105cych, \nprzy&nbsp;jednoczesnym pozostawieniu w&nbsp;poje\u017adzie co najmniej 50% miejsc \nsiedz\u0105cych niezaj\u0119tych.<\/li><li>Ograniczenia w&nbsp;miejscach sprawowania kultu religijnego \u2013 max. 1 os.\/15m2<\/li><li>Udzia\u0142 w&nbsp;zgromadzeniach \u2013 max. 5 os\u00f3b.<\/li><li>Zakaz organizacji wesel, komunii i&nbsp;konsolacji.<\/li><li>Zamkni\u0119te si\u0142ownie, kluby fitness i&nbsp;Aquaparki.<\/li><li>Ograniczenie w&nbsp;sklepach \u2013 max. 1 os.\/15m2.<\/li><li>Godziny dla&nbsp;senior\u00f3w \u2013 od poniedzia\u0142ku do&nbsp;pi\u0105tku w&nbsp;godzinach 10:00-12:00.<\/li><li>Zamkni\u0119te restauracje. Posi\u0142ki wy\u0142\u0105cznie na&nbsp;wynos lub&nbsp;dow\u00f3z.<\/li><li>\u017b\u0142obki i&nbsp;przedszkola funkcjonuj\u0105 bez zmian.<\/li><li>Salony fryzjerskie i&nbsp;kosmetyczne dzia\u0142aj\u0105 w&nbsp;re\u017cimie sanitarnym.<\/li><\/ul>\n\n\n\n<p><strong>Pozosta\u0142e ograniczenia, kt\u00f3re obowi\u0105zywa\u0142y ulegaj\u0105 przed\u0142u\u017ceniu.<\/strong><\/p>\n\n\n\n<p><strong>Zdrowe i&nbsp;bezpieczne \u015bwi\u0119ta Bo\u017cego Narodzenia<\/strong><br>\nPrzed nami \u015bwi\u0119ta Bo\u017cego Narodzenia, kt\u00f3re zawsze by\u0142y czasem spotka\u0144 \nrodzin\u0105 i&nbsp;przyjaci\u00f3\u0142mi. Tegoroczne b\u0119d\u0105 jednak&nbsp;r\u00f3\u017cni\u0142y si\u0119 od tych \nz&nbsp;poprzednich lat. Nadchodz\u0105ce dni to sprawdzian z&nbsp;odpowiedzialno\u015bci \ndla&nbsp;wszystkich Polak\u00f3w. Sprawmy, aby&nbsp;oczekiwanie na&nbsp;szczepienia \nprzeciwko COVID-19 by\u0142o bezpieczne dla&nbsp;nas i&nbsp;naszych bliskich. Zastosuj \nsi\u0119 do&nbsp;obowi\u0105zuj\u0105cych ogranicze\u0144 \u2013 \u015bwi\u0119ta sp\u0119d\u017a w&nbsp;ze swoimi domownikami,\n nie organizuj du\u017cych spotka\u0144. Pami\u0119taj, \u017ce&nbsp;obowi\u0105zuje ograniczenia \nliczby go\u015bci, kt\u00f3rych mo\u017cesz zaprosi\u0107 \u2013 jest to \u0142\u0105cznie maksymalnie 5 \ngo\u015bci poza osobami, kt\u00f3re na&nbsp;sta\u0142e ze sob\u0105 zamieszkuj\u0105.<\/p>\n\n\n\n<figure class=\"wp-block-image\"><img decoding=\"async\" src=\"http:\/\/nszzp.wroclaw.pl\/wp-content\/themes\/newsmag-pro\/assets\/images\/picture_placeholder_list.jpg\" data-src=\"https:\/\/nszzp.pl\/wp-content\/uploads\/2020\/12\/twit_policja_sylwester-241x193.jpg\" alt=\"\" class=\"blazy wp-image-27243\"\/><noscript><img decoding=\"async\" src=\"https:\/\/nszzp.pl\/wp-content\/uploads\/2020\/12\/twit_policja_sylwester-241x193.jpg\" alt=\"\" class=\"wp-image-27243\"\/><\/noscript><\/figure>\n\n\n\n<p>\n\t\n    \n            \t\t\n            \u017ar\u00f3d\u0142o:\n            <a href=\"https:\/\/www.gov.pl\/web\/koronawirus\/przedluzamy-etap-odpowiedzialnosci-i-wprowadzamy-dodatkowe-ograniczenia\" target=\"_blank\" rel=\"noreferrer noopener\">https:\/\/www.gov.pl\/web\/koronawirus\/przedluzamy-etap-odpowiedzialnosci-i-wprowadzamy-dodatkowe-ograniczenia<\/a>\n            2020.12.21        \n        \n\n<\/p>\n","protected":false},"excerpt":{"rendered":"<p>Rzecznik rz\u0105du: Policja b\u0119dzie mog\u0142a wystawia\u0107 mandaty na&nbsp;podstawie rozporz\u0105dzenia. Na&nbsp;podstawie rozporz\u0105dzenia w&nbsp;sprawie nowych obostrze\u0144, policja b\u0119dzie mia\u0142a mo\u017cliwo\u015b\u0107 wystawiania mandat\u00f3w osobom, kt\u00f3re bez powodu uj\u0119tego w&nbsp;rozporz\u0105dzeniu pojawi\u0105 si\u0119 od godz. 19.00 31 grudnia do&nbsp;6.00 rano 1 stycznia na&nbsp;ulicach \u2013 przekaza\u0142 w&nbsp;poniedzia\u0142ek rzecznik rz\u0105du Piotr M\u00fcller. Minister zdrowia Adam Niedzielski og\u0142osi\u0142 w&nbsp;czwartek, \u017ce&nbsp;od 28 grudnia do&nbsp;17 [&hellip;]<\/p>\n","protected":false},"author":2,"featured_media":68602,"comment_status":"closed","ping_status":"closed","sticky":false,"template":"","format":"standard","meta":{"footnotes":""},"categories":[28,1,446,6],"tags":[],"class_list":["post-68601","post","type-post","status-publish","format-standard","has-post-thumbnail","hentry","category-baner","category-bez-kategorii","category-przeglad","category-kolumna-1"],"_links":{"self":[{"href":"http:\/\/nszzp.wroclaw.pl\/index.php\/wp-json\/wp\/v2\/posts\/68601","targetHints":{"allow":["GET"]}}],"collection":[{"href":"http:\/\/nszzp.wroclaw.pl\/index.php\/wp-json\/wp\/v2\/posts"}],"about":[{"href":"http:\/\/nszzp.wroclaw.pl\/index.php\/wp-json\/wp\/v2\/types\/post"}],"author":[{"embeddable":true,"href":"http:\/\/nszzp.wroclaw.pl\/index.php\/wp-json\/wp\/v2\/users\/2"}],"replies":[{"embeddable":true,"href":"http:\/\/nszzp.wroclaw.pl\/index.php\/wp-json\/wp\/v2\/comments?post=68601"}],"version-history":[{"count":2,"href":"http:\/\/nszzp.wroclaw.pl\/index.php\/wp-json\/wp\/v2\/posts\/68601\/revisions"}],"predecessor-version":[{"id":68604,"href":"http:\/\/nszzp.wroclaw.pl\/index.php\/wp-json\/wp\/v2\/posts\/68601\/revisions\/68604"}],"wp:featuredmedia":[{"embeddable":true,"href":"http:\/\/nszzp.wroclaw.pl\/index.php\/wp-json\/wp\/v2\/media\/68602"}],"wp:attachment":[{"href":"http:\/\/nszzp.wroclaw.pl\/index.php\/wp-json\/wp\/v2\/media?parent=68601"}],"wp:term":[{"taxonomy":"category","embeddable":true,"href":"http:\/\/nszzp.wroclaw.pl\/index.php\/wp-json\/wp\/v2\/categories?post=68601"},{"taxonomy":"post_tag","embeddable":true,"href":"http:\/\/nszzp.wroclaw.pl\/index.php\/wp-json\/wp\/v2\/tags?post=68601"}],"curies":[{"name":"wp","href":"https:\/\/api.w.org\/{rel}","templated":true}]}}