{"id":68624,"date":"2020-12-28T14:41:03","date_gmt":"2020-12-28T13:41:03","guid":{"rendered":"http:\/\/nszzp.wroclaw.pl\/?p=68624"},"modified":"2021-01-22T18:10:02","modified_gmt":"2021-01-22T17:10:02","slug":"dodatkowy-zasilek-opiekunczy-wydluzony-do-17-stycznia-2021-r","status":"publish","type":"post","link":"http:\/\/nszzp.wroclaw.pl\/index.php\/2020\/12\/28\/dodatkowy-zasilek-opiekunczy-wydluzony-do-17-stycznia-2021-r\/","title":{"rendered":"Dodatkowy zasi\u0142ek opieku\u0144czy wyd\u0142u\u017cony do 17 stycznia 2021 r."},"content":{"rendered":"\n<p>Dodatkowy zasi\u0142ek opieku\u0144czy wyd\u0142u\u017cony do&nbsp;17 stycznia 2021 r.<\/p>\n\n\n\n<figure class=\"wp-block-image size-large\"><img decoding=\"async\" src=\"http:\/\/nszzp.wroclaw.pl\/wp-content\/themes\/newsmag-pro\/assets\/images\/picture_placeholder_list.jpg\" data-src=\"http:\/\/nszzp.wroclaw.pl\/wp-content\/uploads\/2020\/12\/zasilek_dzieci_dpn.jpg\" alt=\"\" class=\"blazy wp-image-68625\"\/><noscript><img loading=\"lazy\" decoding=\"async\" width=\"730\" height=\"426\" src=\"http:\/\/nszzp.wroclaw.pl\/wp-content\/uploads\/2020\/12\/zasilek_dzieci_dpn.jpg\" alt=\"\" class=\"wp-image-68625\" srcset=\"http:\/\/nszzp.wroclaw.pl\/wp-content\/uploads\/2020\/12\/zasilek_dzieci_dpn.jpg 730w, http:\/\/nszzp.wroclaw.pl\/wp-content\/uploads\/2020\/12\/zasilek_dzieci_dpn-300x175.jpg 300w\" sizes=\"auto, (max-width: 730px) 100vw, 730px\" \/><\/noscript><\/figure>\n\n\n\n<p>Rodzice mog\u0105 by\u0107 spokojni \u2013 dodatkowy zasi\u0142ek opieku\u0144czy zostanie wyd\u0142u\u017cony <strong>do&nbsp;17 stycznia 2021 r.<\/strong>\n \u2013 Sytuacja epidemiczna wci\u0105\u017c jest trudna, dlatego&nbsp;podj\u0119li\u015bmy decyzj\u0119 \no&nbsp;wyd\u0142u\u017ceniu prawa do&nbsp;dodatkowego zasi\u0142ku opieku\u0144czego \u2013 m\u00f3wi minister \nrodziny i&nbsp;polityki spo\u0142ecznej. Wyja\u015bniamy, komu to prawo przys\u0142uguje.<\/p>\n\n\n\n<p>To, czy&nbsp;dziecko b\u0119dzie mog\u0142o p\u00f3j\u015b\u0107 do&nbsp;\u017c\u0142obka czy&nbsp;przedszkola oraz&nbsp;co \nsi\u0119 stanie w&nbsp;przypadku zamkni\u0119cia plac\u00f3wki w&nbsp;zwi\u0105zku z&nbsp;pandemi\u0105 \nkoronawirusa, nurtuje wielu rodzic\u00f3w.<\/p>\n\n\n\n<p><strong>Zdecydowali\u015bmy o&nbsp;wyd\u0142u\u017ceniu dodatkowego zasi\u0142ku opieku\u0144czego \nod 28 grudnia br. do&nbsp;17 stycznia 2021 r. Sytuacja epidemiczna wci\u0105\u017c jest\n trudna, decyzje podejmujemy na&nbsp;bie\u017c\u0105co i&nbsp;w trosce o&nbsp;bezpiecze\u0144stwo \nwszystkich \u2013 zapewni\u0142a minister rodziny i&nbsp;polityki spo\u0142ecznej Marlena \nMal\u0105g.<\/strong><\/p>\n\n\n\n<p>W&nbsp;<strong>jakich przypadkach dodatkowy zasi\u0142ek opieku\u0144czy b\u0119dzie przys\u0142ugiwa\u0142?<\/strong><\/p>\n\n\n\n<ul class=\"wp-block-list\"><li>w&nbsp;przypadku zamkni\u0119cia \u017c\u0142obka, przedszkola, szko\u0142y lub&nbsp;klubu \ndzieci\u0119cego z&nbsp;powodu COVID-19, do&nbsp;kt\u00f3rego dzieci lub&nbsp;osoby doros\u0142e \nniepe\u0142nosprawne ucz\u0119szcza\u0142y, oraz<\/li><li>w&nbsp;przypadku niemo\u017cno\u015bci zapewnienia opieki przez&nbsp;\u017c\u0142obek, klub \ndzieci\u0119cy, przedszkole, plac\u00f3wk\u0119 pobytu dziennego oraz&nbsp;inn\u0105 plac\u00f3wk\u0119 \nlub&nbsp;podmiot zatrudniaj\u0105cy dziennych opiekun\u00f3w z&nbsp;powodu czasowego \nograniczenia funkcjonowania tych plac\u00f3wek w&nbsp;zwi\u0105zku z&nbsp;COVID-19.<\/li><\/ul>\n\n\n\n<p><strong>Kto mo\u017ce liczy\u0107 na&nbsp;prawo do&nbsp;dodatkowego zasi\u0142ku opieku\u0144czego?<\/strong><\/p>\n\n\n\n<p>Tak jak do&nbsp;tej pory dodatkowy zasi\u0142ek opieku\u0144czy w&nbsp;przypadku \nzamkni\u0119cia lub&nbsp;ograniczonego funkcjonowania plac\u00f3wek przys\u0142ugiwa\u0107 \nb\u0119dzie:<\/p>\n\n\n\n<ul class=\"wp-block-list\"><li>rodzicom dzieci w&nbsp;wieku do&nbsp;lat 8,<\/li><li>ubezpieczonym rodzicom dzieci:<\/li><li>do&nbsp;16 lat, kt\u00f3re maj\u0105 orzeczenie o&nbsp;niepe\u0142nosprawno\u015bci,<\/li><li>do&nbsp;18 lat, kt\u00f3re maj\u0105 orzeczenie o&nbsp;znacznym lub&nbsp;umiarkowanym stopniu niepe\u0142nosprawno\u015bci,<\/li><li>do&nbsp;24 lat, kt\u00f3re maj\u0105 orzeczenie o&nbsp;potrzebie kszta\u0142cenia specjalnego.<\/li><li>ubezpieczonym rodzicom lub&nbsp;opiekunom os\u00f3b pe\u0142noletnich \nniepe\u0142nosprawnych, zwolnionym od wykonywania pracy z&nbsp;powodu konieczno\u015bci\n zapewnienia opieki nad&nbsp;tak\u0105 osob\u0105.<\/li><\/ul>\n\n\n\n<p>Z<strong>godnie z&nbsp;rozporz\u0105dzeniem Rady Ministr\u00f3w dodatkowy zasi\u0142ek \nopieku\u0144czy b\u0119dzie przys\u0142ugiwa\u0142 do&nbsp;17 stycznia 2021 r., jednak&nbsp;w razie \nkonieczno\u015bci ten okres mo\u017ce zosta\u0107 wyd\u0142u\u017cony.<\/strong>\n\n\t\n    \n            \t\t\n            \u017ar\u00f3d\u0142o:\n            <a href=\"https:\/\/www.gov.pl\/web\/rodzina\/dodatkowy-zasilek-opiekunczy-wydluzony-do-17-stycznia-2021-r\" target=\"_blank\" rel=\"noreferrer noopener\">https:\/\/www.gov.pl\/web\/rodzina\/dodatkowy-zasilek-opiekunczy-wydluzony-do-17-stycznia-2021-r<\/a>\n            2020.12.28        \n        \n\n<\/p>\n","protected":false},"excerpt":{"rendered":"<p>Dodatkowy zasi\u0142ek opieku\u0144czy wyd\u0142u\u017cony do&nbsp;17 stycznia 2021 r. Rodzice mog\u0105 by\u0107 spokojni \u2013 dodatkowy zasi\u0142ek opieku\u0144czy zostanie wyd\u0142u\u017cony do&nbsp;17 stycznia 2021 r. \u2013 Sytuacja epidemiczna wci\u0105\u017c jest trudna, dlatego&nbsp;podj\u0119li\u015bmy decyzj\u0119 o&nbsp;wyd\u0142u\u017ceniu prawa do&nbsp;dodatkowego zasi\u0142ku opieku\u0144czego \u2013 m\u00f3wi minister rodziny i&nbsp;polityki spo\u0142ecznej. Wyja\u015bniamy, komu to prawo przys\u0142uguje. To, czy&nbsp;dziecko b\u0119dzie mog\u0142o p\u00f3j\u015b\u0107 do&nbsp;\u017c\u0142obka czy&nbsp;przedszkola oraz&nbsp;co si\u0119 [&hellip;]<\/p>\n","protected":false},"author":2,"featured_media":68625,"comment_status":"closed","ping_status":"closed","sticky":false,"template":"","format":"standard","meta":{"footnotes":""},"categories":[1],"tags":[],"class_list":["post-68624","post","type-post","status-publish","format-standard","has-post-thumbnail","hentry","category-bez-kategorii"],"_links":{"self":[{"href":"http:\/\/nszzp.wroclaw.pl\/index.php\/wp-json\/wp\/v2\/posts\/68624","targetHints":{"allow":["GET"]}}],"collection":[{"href":"http:\/\/nszzp.wroclaw.pl\/index.php\/wp-json\/wp\/v2\/posts"}],"about":[{"href":"http:\/\/nszzp.wroclaw.pl\/index.php\/wp-json\/wp\/v2\/types\/post"}],"author":[{"embeddable":true,"href":"http:\/\/nszzp.wroclaw.pl\/index.php\/wp-json\/wp\/v2\/users\/2"}],"replies":[{"embeddable":true,"href":"http:\/\/nszzp.wroclaw.pl\/index.php\/wp-json\/wp\/v2\/comments?post=68624"}],"version-history":[{"count":2,"href":"http:\/\/nszzp.wroclaw.pl\/index.php\/wp-json\/wp\/v2\/posts\/68624\/revisions"}],"predecessor-version":[{"id":68720,"href":"http:\/\/nszzp.wroclaw.pl\/index.php\/wp-json\/wp\/v2\/posts\/68624\/revisions\/68720"}],"wp:featuredmedia":[{"embeddable":true,"href":"http:\/\/nszzp.wroclaw.pl\/index.php\/wp-json\/wp\/v2\/media\/68625"}],"wp:attachment":[{"href":"http:\/\/nszzp.wroclaw.pl\/index.php\/wp-json\/wp\/v2\/media?parent=68624"}],"wp:term":[{"taxonomy":"category","embeddable":true,"href":"http:\/\/nszzp.wroclaw.pl\/index.php\/wp-json\/wp\/v2\/categories?post=68624"},{"taxonomy":"post_tag","embeddable":true,"href":"http:\/\/nszzp.wroclaw.pl\/index.php\/wp-json\/wp\/v2\/tags?post=68624"}],"curies":[{"name":"wp","href":"https:\/\/api.w.org\/{rel}","templated":true}]}}