{"id":68659,"date":"2021-01-07T19:32:43","date_gmt":"2021-01-07T18:32:43","guid":{"rendered":"http:\/\/nszzp.wroclaw.pl\/?p=68659"},"modified":"2021-01-07T19:32:45","modified_gmt":"2021-01-07T18:32:45","slug":"ludzie-chca-by-im-pomoc-w-sprawach-dla-nich-istotnych-by-zapewnic-im-bezpieczenstwo-to-jest-dla-nich-najwazniejsze-rafal-jankowski-dla-onetu","status":"publish","type":"post","link":"http:\/\/nszzp.wroclaw.pl\/index.php\/2021\/01\/07\/ludzie-chca-by-im-pomoc-w-sprawach-dla-nich-istotnych-by-zapewnic-im-bezpieczenstwo-to-jest-dla-nich-najwazniejsze-rafal-jankowski-dla-onetu\/","title":{"rendered":"Ludzie chc\u0105 by im pom\u00f3c w sprawach dla nich istotnych, by zapewni\u0107 im bezpiecze\u0144stwo. To jest dla nich najwa\u017cniejsze \u2013 Rafa\u0142 Jankowski dla Onetu"},"content":{"rendered":"\n<figure class=\"wp-block-image size-large\"><img decoding=\"async\" src=\"http:\/\/nszzp.wroclaw.pl\/wp-content\/themes\/newsmag-pro\/assets\/images\/picture_placeholder_list.jpg\" data-src=\"http:\/\/nszzp.wroclaw.pl\/wp-content\/uploads\/2021\/01\/sondaze_dpn.jpg\" alt=\"\" class=\"blazy wp-image-68660\"\/><noscript><img loading=\"lazy\" decoding=\"async\" width=\"730\" height=\"426\" src=\"http:\/\/nszzp.wroclaw.pl\/wp-content\/uploads\/2021\/01\/sondaze_dpn.jpg\" alt=\"\" class=\"wp-image-68660\" srcset=\"http:\/\/nszzp.wroclaw.pl\/wp-content\/uploads\/2021\/01\/sondaze_dpn.jpg 730w, http:\/\/nszzp.wroclaw.pl\/wp-content\/uploads\/2021\/01\/sondaze_dpn-300x175.jpg 300w\" sizes=\"auto, (max-width: 730px) 100vw, 730px\" \/><\/noscript><\/figure>\n\n\n\n<p>Ludzie chc\u0105 by im pom\u00f3c w\u00a0sprawach dla\u00a0nich  istotnych, by zapewni\u0107 im bezpiecze\u0144stwo. To\u00a0jest\u00a0dla nich najwa\u017cniejsze  \u2013 Rafa\u0142 Jankowski dla\u00a0Onetu<\/p>\n\n\n\n<p>Podsumowania dzia\u0142alno\u015bci Policji w&nbsp;2020 roku podj\u0105\u0142 si\u0119 portal \nOnet.pl. Dokona\u0142 tego pi\u00f3rem Piotra Halickiego w&nbsp;artykule zatytu\u0142owanym:\n \u201cJaki to by\u0142 rok dla&nbsp;policji? \u201cNigdy przed domem polityka nie by\u0142a \nstawiana barykada z&nbsp;setki radiowoz\u00f3w\u201d.<\/p>\n\n\n\n<p>Autor artyku\u0142u pozbiera\u0142 informacje z&nbsp;wcze\u015bniejszych tekst\u00f3w Onetu \nopisuj\u0105ce: \u201cprzypadki nadu\u017cycia uprawnie\u0144 przez&nbsp;Policj\u0119\u201d na&nbsp;przyk\u0142adach \nniejakiej (kiego) Margot, u\u017cycia pa\u0142ek wobec demonstruj\u0105cych kobiet, \nu\u017cycia gazu przeciw pos\u0142ance, z\u0142ego potraktowania dziennikarzy \ni&nbsp;oczywi\u015bcie: strze\u017cenia przez&nbsp;policj\u0119 domu szefa PIS, a&nbsp;przede \nwszystkim: \u201cnadgorliwego egzekwowania\u201d rozporz\u0105dze\u0144 epidemicznych. Te \nprzypadki, mi\u0119dzy innymi, uzna\u0142 za&nbsp;przyczyn\u0119 spadku zaufania do&nbsp;Policji,\n jaki nast\u0105pi\u0142 wed\u0142ug sonda\u017cowni: IBRIS.<\/p>\n\n\n\n<p>Trudno polemizowa\u0107 z&nbsp;t\u0105 tez\u0105. \u017badna formacja nie utrzyma\u0142aby wysokich\n (a takie Policja mia\u0142a od zawsze) ocen wizerunkowych, przy&nbsp;tak \nzmasowanym i&nbsp;nieustaj\u0105cym ataku hejter\u00f3w w&nbsp;mediach spo\u0142eczno\u015bciowych i&nbsp;w\n mediach mainstreamowych.<\/p>\n\n\n\n<p>Najbardziej przykre jest to, \u017ce&nbsp;do rz\u0119du przyczyn spadku zaufania \nzaliczono tak\u017ce wielokrotnie ju\u017c wyja\u015bniane i&nbsp;udowodnione (nawet \nos\u0105dzone) przypadki jaskrawych k\u0142amstw i&nbsp;oszczerstw kierowanych \npod&nbsp;adresem Policji w&nbsp;mediach spo\u0142eczno\u015bciowych na&nbsp;podstawie \nsfingowanych urywk\u00f3w nagra\u0144 rzekomo pokrzywdzonych obywateli.<\/p>\n\n\n\n<p>W&nbsp;ca\u0142ym obszernym artykule na&nbsp;uwag\u0119 zas\u0142uguje, jak zwykle celna \nwypowied\u017a przewodnicz\u0105cego NSZZ Policjant\u00f3w Rafa\u0142a Jankowskiego (kt\u00f3r\u0105 \nautor zamie\u015bci\u0142 zreszt\u0105 w&nbsp;leadzie do&nbsp;artyku\u0142u) oraz&nbsp;O\u015bwiadczenie Komendy\n G\u0142\u00f3wnej Policji, kt\u00f3re zamieszczamy poni\u017cej.<\/p>\n\n\n\n<p>(\u2026) O&nbsp;okre\u015blenie przyczyn spadku zaufania spo\u0142ecznego do&nbsp;policji zapyta\u0142em by\u0142ych i&nbsp;obecnych funkcjonariuszy tej formacji.<strong>\n Rafa\u0142 Jankowski, szef NSZZ Policjant\u00f3w, uwa\u017ca, \u017ce&nbsp;wynik sonda\u017cu IBRiS \njest zwi\u0105zany \u015bci\u015ble z&nbsp;epidemi\u0105 koronawirusa i&nbsp;zabezpieczeniami \nprotest\u00f3w.<\/strong><\/p>\n\n\n\n<p><strong><em>\u2013 Codziennie policjanci przeprowadzaj\u0105 oko\u0142o 16 tys. \ninterwencji i&nbsp;liczba tych zg\u0142osze\u0144, kt\u00f3re trafiaj\u0105 na&nbsp;policj\u0119, nie \nspada. To wyra\u017anie pokazuje, \u017ce&nbsp;to zaufanie do&nbsp;policji nie spad\u0142o. \nI&nbsp;pokazuje, \u017ce&nbsp;ludzie wiedz\u0105, \u017ce&nbsp;to w\u0142a\u015bnie policja im pomo\u017ce wtedy, \nkiedy tego potrzebuj\u0105. Policjanci codziennie w&nbsp;kraju zatrzymuj\u0105 setki \nsprawc\u00f3w przest\u0119pstw, nie dopuszczaj\u0105 do&nbsp;kolejnych i&nbsp;ludzie, kt\u00f3rym \nna&nbsp;co dzie\u0144 pomagamy, maj\u0105 w&nbsp;d\u2026. czy&nbsp;policja pilnuje domu \nprezesa-wicepremiera, sk\u0105d moi koledzy zwin\u0119li \u201cMargot\u201d i&nbsp;kiedy dostali \nna&nbsp;to kwit z&nbsp;s\u0105du \u2013 podkre\u015bla Jankowski.<\/em><\/strong><\/p>\n\n\n\n<p><strong><em>\u2013 Ludzie chc\u0105 by im pom\u00f3c w&nbsp;sprawach dla&nbsp;nich istotnych, \nby zapewni\u0107 im bezpiecze\u0144stwo. To&nbsp;jest&nbsp;dla nich najwa\u017cniejsze. Na&nbsp;sonda\u017c\n IBRiS-u nale\u017cy patrze\u0107 przez&nbsp;pryzmat dzia\u0142a\u0144 policji w&nbsp;zwi\u0105zku \nz&nbsp;ograniczeniami zwi\u0105zanymi z&nbsp;covidem i&nbsp;zabezpieczeniem protest\u00f3w, \ng\u0142\u00f3wnie w&nbsp;Warszawie. Cz\u0119\u015b\u0107 polityk\u00f3w opozycyjnych uzna\u0142a niestety, \n\u017ce&nbsp;jest to doskona\u0142a okazja, by do\u0142o\u017cy\u0107 swoim politycznym oponentom, \nkt\u00f3rzy na&nbsp;co dzie\u0144 ich wci\u0105gaj\u0105 nosem i&nbsp;st\u0105d wzi\u0119\u0142a si\u0119 \u201cpisowska \npolicja\u201d, kt\u00f3ra pa\u0142uje i&nbsp;bije ludzi na&nbsp;polityczne zam\u00f3wienie. To \nnieprawda. Wiedz\u0105 o&nbsp;tym nawet ci, kt\u00f3rzy tak m\u00f3wi\u0105 \u2013 uwa\u017ca szef \npolicyjnych zwi\u0105zkowc\u00f3w.<\/em><\/strong><\/p>\n\n\n\n<p><strong><em>\u2013 Przekroczenia uprawnie\u0144, u\u017cywanie \u015brodk\u00f3w przymusu \nniewsp\u00f3\u0142miernych do&nbsp;sytuacji to tematy tak stare, jak policja, \ntowarzysz\u0105 nam od zawsze, jak ka\u017cdej innej policji na&nbsp;\u015bwiecie. Wystarczy\n umiej\u0119tnie zastosowana socjotechnika, sprzyjaj\u0105ce media i&nbsp;mo\u017cna \npomanipulowa\u0107 opini\u0105 publiczn\u0105. Podwa\u017canie zaufania do&nbsp;formacji \nodpowiedzialnej za&nbsp;bezpiecze\u0144stwo wewn\u0119trzne to niebezpieczna gra. Mo\u017ce \nsi\u0119 \u017ale sko\u0144czy\u0107 \u2013 podsumowuje Rafa\u0142 Jankowski.<\/em><\/strong><\/p>\n\n\n\n<p><a href=\"https:\/\/www.onet.pl\/informacje\/onetwiadomosci\/jaki-to-byl-rok-dla-policji\/x0yvbjq,79cfc278\"><strong>Czytaj wi\u0119cej na&nbsp;portalu Onet.pl\u2026<\/strong><\/a><\/p>\n\n\n\n<p><strong>O\u015bwiadczenie Komendy G\u0142\u00f3wnej Policji<\/strong><br>\n\u201cKieruj\u0105c si\u0119 misj\u0105 \u201ePomagamy i&nbsp;chronimy\u201d policjanci ka\u017cdego dnia \npodejmuj\u0105 16 tys. interwencji ratuj\u0105 zdrowie i&nbsp;\u017cycie ludzkie, pilotuj\u0105 \npojazdy z&nbsp;osobami, kt\u00f3rych \u017cycie jest zagro\u017cone czy&nbsp;zatrzymuj\u0105 \nna&nbsp;gor\u0105cym uczynku sprawc\u00f3w w\u0142ama\u0144, kradzie\u017cy i&nbsp;rozboj\u00f3w. G\u0142\u00f3wnym celem \njest pomoc oraz&nbsp;ochrona zdrowia i&nbsp;\u017cycia ka\u017cdego mieszka\u0144ca Polski.<\/p>\n\n\n\n<p>Niestety, jak wielokrotnie mo\u017cna si\u0119 przekona\u0107, niekt\u00f3re media \nzupe\u0142nie pomijaj\u0105 t\u0105 podstawow\u0105 dzia\u0142alno\u015b\u0107 Policji i&nbsp;policjant\u00f3w, \nskupiaj\u0105c si\u0119 na&nbsp;kontrowersyjnych dzia\u0142aniach, kt\u00f3re stanowi\u0105 zaledwie \nma\u0142y promil naszej s\u0142u\u017cby spo\u0142ecze\u0144stwu. W&nbsp;obecnych czasach przykre jest\n to, jak rzadko informacje i&nbsp;komunikaty z&nbsp;codziennej, oddanej s\u0142u\u017cby \npojawiaj\u0105 si\u0119 w&nbsp;mediach. Artyku\u0142y zwi\u0105zane z&nbsp;ratowaniem zdrowia i&nbsp;\u017cycia \nludzkiego zast\u0119puj\u0105 cz\u0119sto nieprawdziwe informacje, godz\u0105ce w&nbsp;dobre imi\u0119\n ca\u0142ej formacji. Nawet, gdy po&nbsp;pewnym czasie s\u0105d czy&nbsp;prokuratora \nwyja\u015bni\u0105 takie sprawy wskazuj\u0105c na&nbsp;brak winy Policji, takie informacje \nnie docieraj\u0105 ju\u017c do&nbsp;czytelnik\u00f3w.<\/p>\n\n\n\n<p>Na&nbsp;co dzie\u0144 stajemy w&nbsp;obronie s\u0142abszych, \u015bcigamy przest\u0119pc\u00f3w, \nniesiemy pomoc na&nbsp;drodze, odnajdujemy zaginionych, ale&nbsp;czasem zgodnie \nprawem zmuszeni jeste\u015bmy i&nbsp;wypisa\u0107 mandat. Czasem spada na&nbsp;nas hejt, \ncho\u0107&nbsp;zdajemy sobie spraw\u0119, \u017ce&nbsp;w ogromnej mierze nie jest on zas\u0142u\u017cony. \nStaramy si\u0119 zrozumie\u0107, \u017ce&nbsp;kto\u015b mo\u017ce by\u0107 zm\u0119czony, rozdra\u017cniony, \n\u017ce&nbsp;czasem nie radzi sobie z&nbsp;emocjami i&nbsp;tym wszystkim, co go otacza, \nzw\u0142aszcza teraz \u2013 w&nbsp;czasie pandemii. Staramy si\u0119 zrozumie\u0107, ale&nbsp;nie \nusprawiedliwiamy. Tak, jak nie usprawiedliwiamy os\u00f3b, kt\u00f3re kradn\u0105, \na&nbsp;potem t\u0142umacz\u0105, \u017ce&nbsp;tak musieli, bo&nbsp;z&nbsp;tego \u017cyj\u0105, pobili bo&nbsp;byli \nzdenerwowani itp.<\/p>\n\n\n\n<p>Nie jest sprawiedliwe to, \u017ce&nbsp;os\u0105dza si\u0119 Policj\u0119 za&nbsp;to, \u017ce&nbsp;realizuje \nswoje zadania zgodnie z&nbsp;obowi\u0105zuj\u0105cym prawem, a&nbsp;nie \u201cg\u0142aszcze po&nbsp;g\u0142owie\u201d\n tych, kt\u00f3rzy naruszaj\u0105 prawo. Potrafimy tak\u017ce przyzna\u0107 si\u0119 do&nbsp;b\u0142\u0119d\u00f3w \ni&nbsp;rozumiemy rol\u0119 kontroln\u0105 medi\u00f3w, ale&nbsp;cz\u0119sto nieuzasadniona krytyka ze \nstrony prasy nie mo\u017ce parali\u017cowa\u0107 naszej s\u0142u\u017cby spo\u0142ecze\u0144stwu, \nbo&nbsp;zwyczajnie dosz\u0142oby do&nbsp;anarchii. S\u0142u\u017cymy i&nbsp;b\u0119dziemy nadal to robi\u0107.<\/p>\n\n\n\n<p>Nie mo\u017ce by\u0107 jednak&nbsp;tak, \u017ce&nbsp;grupka anonimowych os\u00f3b bezkarnie pisze \nnegatywne komentarze nawo\u0142uj\u0105ce do&nbsp;atak\u00f3w na&nbsp;rodziny policjant\u00f3w, \npublikuje nieprawd\u0119 czy&nbsp;manipuluje informacjami. Czym\u015b innym jest \nrzeczowa krytyka, czym\u015b zupe\u0142nie innym k\u0142amstwo i&nbsp;oszczerstwo. Na&nbsp;to si\u0119\n nie godzimy, poniewa\u017c&nbsp;oczywistym jest, \u017ce&nbsp;nawet nieprawdziwe informacje\n podane w&nbsp;mediach s\u0105 opiniotw\u00f3rcze i&nbsp;maj\u0105 ogromny wp\u0142yw na&nbsp;spos\u00f3b \npostrzegania spraw i&nbsp;zdarze\u0144 przez&nbsp;obywateli.<\/p>\n\n\n\n<p>Policja jako formacja jest apolityczna i&nbsp;realizuje swoje zadania \nprzez&nbsp;lata, niezale\u017cnie od tego, kt\u00f3ra opcja stoi u&nbsp;steru w\u0142adzy. Prawo \nobowi\u0105zuje wszystkich bez wzgl\u0119du na&nbsp;sympatie polityczne, g\u0142oszone \npogl\u0105dy, status materialny, wyznanie czy&nbsp;orientacj\u0119. Dzia\u0142amy stoj\u0105c \nna&nbsp;stra\u017cy tego prawa. Przez&nbsp;lata obserwujemy jak r\u00f3\u017cne osoby, w&nbsp;tym \nr\u00f3wnie\u017c dziennikarze i&nbsp;politycy, niejednokrotnie skrajnie (w zale\u017cno\u015bci \nod sytuacji) oceniaj\u0105 nasze dzia\u0142ania.<\/p>\n\n\n\n<p>Jako formacja przez&nbsp;lata budujemy zaufanie w\u015br\u00f3d obywateli, a&nbsp;robimy \nto przez&nbsp;codzienn\u0105, sumienn\u0105 s\u0142u\u017cb\u0119. Nasi funkcjonariusze w\u0142\u0105czaj\u0105 si\u0119 \nr\u00f3wnie\u017c poza s\u0142u\u017cb\u0105 w&nbsp;akcje pomocowe na&nbsp;rzecz lokalnych spo\u0142eczno\u015bci. \nTak jak prawda zawsze sama si\u0119 obroni, tak jestem przekonany, \n\u017ce&nbsp;historia pozytywnie oceni dzisiejszych policjant\u00f3w jako tych, kt\u00f3rzy \npodczas stanu epidemii mieli ogromny wp\u0142yw na&nbsp;zmniejszenie transmisji \nwirusa i&nbsp;zachorowa\u0144\u201d.<\/p>\n\n\n\n<p>om\u00f3wienie (jp)\n\n\t\n    \n            \t\t\n            \u017ar\u00f3d\u0142o:\n            <a href=\"https:\/\/www.onet.pl\/informacje\/onetwiadomosci\/jaki-to-byl-rok-dla-policji\/x0yvbjq,79cfc278\" target=\"_blank\" rel=\"noreferrer noopener\">https:\/\/www.onet.pl\/informacje\/onetwiadomosci\/jaki-to-byl-rok-dla-policji\/x0yvbjq,79cfc278<\/a>\n            2021.01.03        \n        \n\n<\/p>\n","protected":false},"excerpt":{"rendered":"<p>Ludzie chc\u0105 by im pom\u00f3c w\u00a0sprawach dla\u00a0nich istotnych, by zapewni\u0107 im bezpiecze\u0144stwo. To\u00a0jest\u00a0dla nich najwa\u017cniejsze \u2013 Rafa\u0142 Jankowski dla\u00a0Onetu Podsumowania dzia\u0142alno\u015bci Policji w&nbsp;2020 roku podj\u0105\u0142 si\u0119 portal Onet.pl. Dokona\u0142 tego pi\u00f3rem Piotra Halickiego w&nbsp;artykule zatytu\u0142owanym: \u201cJaki to by\u0142 rok dla&nbsp;policji? \u201cNigdy przed domem polityka nie by\u0142a stawiana barykada z&nbsp;setki radiowoz\u00f3w\u201d. Autor artyku\u0142u pozbiera\u0142 informacje z&nbsp;wcze\u015bniejszych [&hellip;]<\/p>\n","protected":false},"author":2,"featured_media":68660,"comment_status":"closed","ping_status":"closed","sticky":false,"template":"","format":"standard","meta":{"footnotes":""},"categories":[28,1,446,6],"tags":[],"class_list":["post-68659","post","type-post","status-publish","format-standard","has-post-thumbnail","hentry","category-baner","category-bez-kategorii","category-przeglad","category-kolumna-1"],"_links":{"self":[{"href":"http:\/\/nszzp.wroclaw.pl\/index.php\/wp-json\/wp\/v2\/posts\/68659","targetHints":{"allow":["GET"]}}],"collection":[{"href":"http:\/\/nszzp.wroclaw.pl\/index.php\/wp-json\/wp\/v2\/posts"}],"about":[{"href":"http:\/\/nszzp.wroclaw.pl\/index.php\/wp-json\/wp\/v2\/types\/post"}],"author":[{"embeddable":true,"href":"http:\/\/nszzp.wroclaw.pl\/index.php\/wp-json\/wp\/v2\/users\/2"}],"replies":[{"embeddable":true,"href":"http:\/\/nszzp.wroclaw.pl\/index.php\/wp-json\/wp\/v2\/comments?post=68659"}],"version-history":[{"count":1,"href":"http:\/\/nszzp.wroclaw.pl\/index.php\/wp-json\/wp\/v2\/posts\/68659\/revisions"}],"predecessor-version":[{"id":68661,"href":"http:\/\/nszzp.wroclaw.pl\/index.php\/wp-json\/wp\/v2\/posts\/68659\/revisions\/68661"}],"wp:featuredmedia":[{"embeddable":true,"href":"http:\/\/nszzp.wroclaw.pl\/index.php\/wp-json\/wp\/v2\/media\/68660"}],"wp:attachment":[{"href":"http:\/\/nszzp.wroclaw.pl\/index.php\/wp-json\/wp\/v2\/media?parent=68659"}],"wp:term":[{"taxonomy":"category","embeddable":true,"href":"http:\/\/nszzp.wroclaw.pl\/index.php\/wp-json\/wp\/v2\/categories?post=68659"},{"taxonomy":"post_tag","embeddable":true,"href":"http:\/\/nszzp.wroclaw.pl\/index.php\/wp-json\/wp\/v2\/tags?post=68659"}],"curies":[{"name":"wp","href":"https:\/\/api.w.org\/{rel}","templated":true}]}}