{"id":68830,"date":"2021-03-04T16:16:41","date_gmt":"2021-03-04T15:16:41","guid":{"rendered":"http:\/\/nszzp.wroclaw.pl\/?p=68830"},"modified":"2021-03-18T20:38:04","modified_gmt":"2021-03-18T19:38:04","slug":"martwy-przepis-w-ustawie-o-policji-dlaczego-policjanci-nie-korzystaja-ze-swoich-uprawnien","status":"publish","type":"post","link":"http:\/\/nszzp.wroclaw.pl\/index.php\/2021\/03\/04\/martwy-przepis-w-ustawie-o-policji-dlaczego-policjanci-nie-korzystaja-ze-swoich-uprawnien\/","title":{"rendered":"MARTWY PRZEPIS  w USTAWIE o POLICJI..?!  DLACZEGO POLICJANCI NIE KORZYSTAJ\u0104 ZE SWOICH UPRAWNIE\u0143"},"content":{"rendered":"\n<p><strong>KOLEJNY MARTWY PRZEPIS&nbsp; w USTAWIE o POLICJI..?! &nbsp;DLACZEGO POLICJANCI NIE KORZYSTAJ\u0104 ZE SWOICH\nUPRAWNIE\u0143<\/strong><\/p>\n\n\n\n<figure class=\"wp-block-image size-large\"><img decoding=\"async\" src=\"http:\/\/nszzp.wroclaw.pl\/wp-content\/themes\/newsmag-pro\/assets\/images\/picture_placeholder_list.jpg\" data-src=\"http:\/\/nszzp.wroclaw.pl\/wp-content\/uploads\/2021\/03\/DARE132445-1024x321.jpg\" alt=\"\" class=\"blazy wp-image-68831\"\/><noscript><img loading=\"lazy\" decoding=\"async\" width=\"1024\" height=\"321\" src=\"http:\/\/nszzp.wroclaw.pl\/wp-content\/uploads\/2021\/03\/DARE132445-1024x321.jpg\" alt=\"\" class=\"wp-image-68831\" srcset=\"http:\/\/nszzp.wroclaw.pl\/wp-content\/uploads\/2021\/03\/DARE132445-1024x321.jpg 1024w, http:\/\/nszzp.wroclaw.pl\/wp-content\/uploads\/2021\/03\/DARE132445-300x94.jpg 300w, http:\/\/nszzp.wroclaw.pl\/wp-content\/uploads\/2021\/03\/DARE132445-768x241.jpg 768w, http:\/\/nszzp.wroclaw.pl\/wp-content\/uploads\/2021\/03\/DARE132445-1536x481.jpg 1536w, http:\/\/nszzp.wroclaw.pl\/wp-content\/uploads\/2021\/03\/DARE132445.jpg 1899w\" sizes=\"auto, (max-width: 1024px) 100vw, 1024px\" \/><\/noscript><\/figure>\n\n\n\n<p>&nbsp;&nbsp;&nbsp; Z wielk\u0105 nadziej\u0105 jako zwi\u0105zki zawodowe\npolicjant\u00f3w, czekali\u015bmy na zmiany dotycz\u0105ce faktycznej ochrony prawnej\npolicjant\u00f3w. Zreszt\u0105 o te zmiany zabiegali\u015bmy od wielu lat. Wprawdzie przed\nwej\u015bciem z \u017cycie ustawy z dnia 14 sierpnia 2020r. ustawy o szczeg\u00f3lnych\nrozwi\u0105zaniach dotycz\u0105cych wsparcia s\u0142u\u017cb mundurowych (\u2026) zgodnie <strong>z art. 66 ust 1 i 2 ustawy o Policji<\/strong>&nbsp; policjant\npodczas lub w zwi\u0105zku z pe\u0142nieniem obowi\u0105zk\u00f3w s\u0142u\u017cbowych, korzysta\u0142 z ochrony\nprzewidzianej w Kodeksie karnym dla funkcjonariuszy publicznych, jednak w\npraktyce ogranicza\u0142o si\u0119 to tylko do tego, \u017ce sk\u0142ada\u0142 zawiadomienie o podejrzeniu\npope\u0142nienia przest\u0119pstwa <strong>a p\u00f3\u017aniej ze\nspraw\u0105 zostawa\u0142 sam.<\/strong>&nbsp; <\/p>\n\n\n\n<p>&nbsp;&nbsp; Wprowadzenie nowych rozwi\u0105za\u0144 prawnych\nzawartych w art. 66 a i 66 b ustawy z dnia 14 sierpnia 2020r. ustawy o\nszczeg\u00f3lnych rozwi\u0105zaniach dotycz\u0105cych wsparcia s\u0142u\u017cb mundurowych (\u2026) <strong>dawa\u0142o nadziej\u0119 na faktyczne wzmocnienie\nochrony prawnej policjant\u00f3w. <\/strong><\/p>\n\n\n\n<p>&nbsp;\nPrzypominamy. Zgodnie z tre\u015bci\u0105 art. 66 a ust 1 ustawy policjanci\nprzeciwko kt\u00f3rym by\u0142o prowadzone post\u0119powanie karne o przest\u0119pstwo pope\u0142nione w\nzwi\u0105zku z wykonywaniem czynno\u015bci s\u0142u\u017cbowych, kt\u00f3re zosta\u0142o zako\u0144czone\nprawomocnym orzeczeniem o umorzeniu post\u0119powania z powodu braku ustawowych\nznamion czynu zabronionego lub niepope\u0142nienia przest\u0119pstwa albo wyrokiem\nuniewinniaj\u0105cym &nbsp;<strong>mog\u0105 zwraca\u0107 si\u0119 o zwrot koszt\u00f3w poniesionych na ochron\u0119 prawn\u0105<\/strong> . <\/p>\n\n\n\n<p>&nbsp;&nbsp;&nbsp; <strong>A\nczy si\u0119 zwracaj\u0105?<\/strong><\/p>\n\n\n\n<p>&nbsp;&nbsp;\n&nbsp;Ponadto zgodnie z 66 a ust. 3 \u201ew szczeg\u00f3lnie uzasadnionych przypadkach, kieruj\u0105c si\u0119\ndobrem s\u0142u\u017cby, Komendant G\u0142\u00f3wny Policji mo\u017ce zapewni\u0107 policjantowi, przeciwko\nkt\u00f3remu wszcz\u0119to post\u0119powanie karne o przest\u0119pstwo pope\u0142nione w zwi\u0105zku z\nwykonywaniem czynno\u015bci s\u0142u\u017cbowych, ochron\u0119 prawn\u0105 jeszcze przed zako\u0144czeniem\ntego post\u0119powania. Przepis ust. 2 stosuje si\u0119 odpowiednio. Poniesione przez\nPolicj\u0119 koszty ochrony prawnej nie podlegaj\u0105 zwrotowi przez policjanta,\nniezale\u017cnie od wyniku post\u0119powania karnego\u201d&nbsp;\n<\/p>\n\n\n\n<p><strong>Jeste\u015bmy ciekawi, w ilu przypadkach od wej\u015bcia\nw \u017cycie opisywanych przepis\u00f3w, Komendant G\u0142\u00f3wny Policji&nbsp; zapewni\u0142 tak\u0105 ochron\u0119 ?<\/strong><\/p>\n\n\n\n<p>&nbsp;&nbsp;&nbsp;&nbsp; Kolejn\u0105 chyba jeszcze wa\u017cniejsz\u0105 zmian\u0105\nby\u0142o wprowadzenie <strong>art. 66b ustawy<\/strong> z\ndnia 14 sierpnia 2020r. ustawy o szczeg\u00f3lnych rozwi\u0105zaniach dotycz\u0105cych\nwsparcia s\u0142u\u017cb mundurowych (\u2026) na mocy kt\u00f3rego policjanci, kt\u00f3rzy s\u0105\npokrzywdzonymi przest\u0119pstwem, o kt\u00f3rym mowa w art. 222, art. 223 lub art. 226\nKodeksu Karnego, w zwi\u0105zku z wykonywaniem czynno\u015bci s\u0142u\u017cbowych w kt\u00f3rych\nuczestniczyli w charakterze pokrzywdzonego lub oskar\u017cyciela posi\u0142kowego <strong>mog\u0105 korzysta\u0107 z bezp\u0142atnej ochrony prawnej\n<\/strong>a &nbsp;\u201eochron\u0119 prawn\u0105, o kt\u00f3rej mowa w ust. 1, zapewnia\njednostka organizacyjna Policji, w kt\u00f3rej policjant pokrzywdzony przest\u0119pstwem\npe\u0142ni s\u0142u\u017cb\u0119, a je\u017celi jednostka ta nie ma zapewnionej obs\u0142ugi prawnej\nrealizowanej przez radc\u00f3w prawnych lub adwokat\u00f3w,&nbsp;ochron\u0119 prawn\u0105 zapewnia\nw\u0142a\u015bciwa miejscowo komenda wojew\u00f3dzka Policji albo Komenda Sto\u0142eczna Policji. <\/p>\n\n\n\n<p>&nbsp;&nbsp;\nPostanowili\u015bmy zwr\u00f3ci\u0107 si\u0119 do Komendy Wojew\u00f3dzkiej Policji we Wroc\u0142awiu\nz pytaniami, w celu ustalenia ilu policjant\u00f3w i z jakich jednostek korzysta\u0142o z\nmo\u017cliwo\u015bci &nbsp;<strong>zwrotu koszt\u00f3w poniesionych na ochron\u0119 prawn\u0105 \u2013 art. 66 a <\/strong>oraz ilu\npolicjant\u00f3w i jakich jednostek zwraca\u0142o si\u0119 o skorzystanie z <strong>bezp\u0142atnej obs\u0142ugi prawnej w\npost\u0119powaniach, kt\u00f3rych byli pokrzywdzonymi przest\u0119pstwem, o kt\u00f3rym mowa w art.\n222, art. 223 lub art. 226 Kodeksu Karnego art. 66 b . <\/strong><\/p>\n\n\n\n<p><strong>&nbsp; <\/strong>Jakie\u017c by\u0142o nasze\nzdziwienie, gdy otrzymali\u015bmy odpowied\u017a w opisywanej sprawie!<\/p>\n\n\n\n<p>&nbsp;&nbsp;\nOkaza\u0142o si\u0119, \u017ce w przypadku mo\u017cliwo\u015bci&nbsp;\nzwrotu koszt\u00f3w poniesionych na ochron\u0119 prawn\u0105 &nbsp;(art. 66 a), za okres od momentu wej\u015bcia w\n\u017cycie ustawy do dnia 31 grudnia 2020 roku <strong>\u017caden\npolicjant<\/strong> <strong>nie zwr\u00f3ci\u0142 si\u0119 o zwrot\nkoszt\u00f3w w opisywanych sprawach<\/strong>! Czy\u017cby takich spraw nie by\u0142o? Czy mo\u017ce\npolicjanci nie maj\u0105 \u015bwiadomo\u015bci, \u017ce takie uprawnienie im przys\u0142uguje? <\/p>\n\n\n\n<p>&nbsp;&nbsp;&nbsp; Nie mniejszym zaskoczeniem by\u0142a odpowied\u017a\ndotycz\u0105ca ilo\u015bci policjant\u00f3w, kt\u00f3rzy skorzystali z bezp\u0142atnej obs\u0142ugi prawnej wpost\u0119powaniach w kt\u00f3rych byli\npokrzywdzonymi przest\u0119pstwem,<br>\no kt\u00f3rym mowa w art. 222, art. 223 lub art. 226 Kodeksu Karnego (art. 66 b).<\/p>\n\n\n\n<p><strong>Na 289 post\u0119powa\u0144 karnych w kt\u00f3rych policjanci byli pokrzywdzonymi &nbsp;(w okresie od wej\u015bcia w \u017cycie ustawy do dnia 31 grudnia 2020 r . ) tylko w dw\u00f3ch przypadkach policjanci zwr\u00f3ci\u0142o si\u0119 o bezp\u0142atn\u0105 obs\u0142ug\u0119 prawn\u0105 adwokat\u00f3w czy radc\u00f3w prawnych, kt\u00f3rzy mogliby w takich post\u0119powaniach wyst\u0119powa\u0107 jako pe\u0142nomocnicy!<\/strong><\/p>\n\n\n\n<p>Od razu nasuwa si\u0119 pytanie,\ndlaczego tak si\u0119 dzieje? Dlaczego policjanci nie korzystaj\u0105 z takiej\nmo\u017cliwo\u015bci, skoro jak wida\u0107, takich post\u0119powa\u0144 jest ca\u0142kiem sporo? Czy\npolicjanci pomimo wej\u015bcia w \u017cycie opisywanych zmian wiedz\u0105 o tych regulacjach?\nCzy prze\u0142o\u017ceni policjant\u00f3w informuj\u0105 ich o takim prawie? Czy osoby kieruj\u0105ce\nw\u0142a\u015bciwymi kom\u00f3rkami dochodzeniowo- \u015bledczymi pouczaj\u0105 pokrzywdzonych\npolicjant\u00f3w, \u017ce mog\u0105 z opisywanego uprawnienia skorzysta\u0107? &nbsp;Mamy nadziej\u0119, \u017ce poruszony przez nasz problem\nwynika z pewnej nowo\u015bci i za jaki\u015b czas uzyskamy lepsze dane. My ze swojej\nstrony w kolejnym artykule poka\u017cemy jakie mo\u017cliwo\u015bci prawne daje udzia\u0142\npe\u0142nomocnika w post\u0119powaniu w kt\u00f3rym policjant jest osob\u0105 pokrzywdzon\u0105. <\/p>\n\n\n\n<p>&nbsp;&nbsp;&nbsp; Przy tej okazji przypominamy o naszym Funduszu Ochrony Prawnej a w szczeg\u00f3lno\u015bci o mo\u017cliwo\u015bci skorzystania z naszych prawnik\u00f3w w przypadku, gdy dosz\u0142o do zako\u0144czenia post\u0119powania, kt\u00f3re zako\u0144czy\u0142o si\u0119 prawomocnym orzeczeniem o umorzeniu post\u0119powania z powodu braku ustawowych znamion czynu zabronionego lub niepope\u0142nienia przest\u0119pstwa albo wyrokiem uniewinniaj\u0105cym.&nbsp; <br> &nbsp;&nbsp;&nbsp; W post\u0119powaniach w kt\u00f3rych przeciwko policjantom by\u0142o prowadzone post\u0119powanie karne o przest\u0119pstwo pope\u0142nione w zwi\u0105zku z wykonywaniem czynno\u015bci s\u0142u\u017cbowych a kt\u00f3re zosta\u0142o zako\u0144czone j.w. mo\u017cna wyst\u0119powa\u0107 do Prokuratury z wnioskiem o wszcz\u0119cie post\u0119powania z art. 212 par 1 kk &nbsp;(Kto pomawia inn\u0105 osob\u0119, grup\u0119 os\u00f3b, instytucj\u0119, osob\u0119 prawn\u0105 lub jednostk\u0119 organizacyjn\u0105 niemaj\u0105c\u0105 osobowo\u015bci prawnej o takie post\u0119powanie lub w\u0142a\u015bciwo\u015bci, kt\u00f3re mog\u0105 poni\u017cy\u0107 j\u0105 w opinii publicznej lub narazi\u0107 na utrat\u0119 zaufania potrzebnego dla danego stanowiska, zawodu lub rodzaju dzia\u0142alno\u015bci, podlega grzywnie albo karze ograniczenia wolno\u015bci.<br> \u00a7 2. Je\u017celi sprawca dopuszcza si\u0119 czynu okre\u015blonego w \u00a7 1 za pomoc\u0105 \u015brodk\u00f3w masowego komunikowania, podlega grzywnie, karze ograniczenia wolno\u015bci albo pozbawienia wolno\u015bci do roku) <\/p>\n\n\n\n<div class=\"wp-block-image\"><figure class=\"aligncenter size-large\"><img decoding=\"async\" src=\"http:\/\/nszzp.wroclaw.pl\/wp-content\/themes\/newsmag-pro\/assets\/images\/picture_placeholder_list.jpg\" data-src=\"http:\/\/nszzp.wroclaw.pl\/wp-content\/uploads\/2021\/03\/fop.png\" alt=\"\" class=\"blazy wp-image-68834\"\/><noscript><img decoding=\"async\" src=\"http:\/\/nszzp.wroclaw.pl\/wp-content\/uploads\/2021\/03\/fop.png\" alt=\"\" class=\"wp-image-68834\"\/><\/noscript><figcaption>Fundusz Ochrony Prawnej Policjant\u00f3w woj. dolno\u015bl\u0105skiego<\/figcaption><\/figure><\/div>\n\n\n\n<div class=\"wp-block-image\"><figure class=\"aligncenter size-large is-resized\"><img loading=\"lazy\" decoding=\"async\" src=\"http:\/\/nszzp.wroclaw.pl\/wp-content\/themes\/newsmag-pro\/assets\/images\/picture_placeholder_list.jpg\" data-src=\"http:\/\/nszzp.wroclaw.pl\/wp-content\/uploads\/2017\/01\/hamuda-robert.jpg\" alt=\"\" class=\"blazy wp-image-1858\" width=\"386\" height=\"484\"\/><noscript><img loading=\"lazy\" decoding=\"async\" src=\"http:\/\/nszzp.wroclaw.pl\/wp-content\/uploads\/2017\/01\/hamuda-robert.jpg\" alt=\"\" class=\"wp-image-1858\" width=\"386\" height=\"484\" srcset=\"http:\/\/nszzp.wroclaw.pl\/wp-content\/uploads\/2017\/01\/hamuda-robert.jpg 584w, http:\/\/nszzp.wroclaw.pl\/wp-content\/uploads\/2017\/01\/hamuda-robert-239x300.jpg 239w\" sizes=\"auto, (max-width: 386px) 100vw, 386px\" \/><\/noscript><figcaption>Wiceprzewodnicz\u0105cy Sekretarz <br>Zarz\u0105du Wojew\u00f3dzkiego  NSZZ Policjant\u00f3w woj. dolno\u015bl\u0105skiego <br>podinsp. Robert Hamuda <\/figcaption><\/figure><\/div>\n\n\n\n<div class=\"wp-block-file\"><a href=\"http:\/\/nszzp.wroclaw.pl\/wp-content\/uploads\/2021\/03\/Korespondencja-z-KWP-Wroc\u0142aw.pdf\">Korespondencja-z-KWP-Wroc\u0142aw<\/a><a href=\"http:\/\/nszzp.wroclaw.pl\/wp-content\/uploads\/2021\/03\/Korespondencja-z-KWP-Wroc\u0142aw.pdf\" class=\"wp-block-file__button\" download>Pobierz<\/a><\/div>\n","protected":false},"excerpt":{"rendered":"<p>KOLEJNY MARTWY PRZEPIS&nbsp; w USTAWIE o POLICJI..?! &nbsp;DLACZEGO POLICJANCI NIE KORZYSTAJ\u0104 ZE SWOICH UPRAWNIE\u0143 &nbsp;&nbsp;&nbsp; Z wielk\u0105 nadziej\u0105 jako zwi\u0105zki zawodowe policjant\u00f3w, czekali\u015bmy na zmiany dotycz\u0105ce faktycznej ochrony prawnej policjant\u00f3w. Zreszt\u0105 o te zmiany zabiegali\u015bmy od wielu lat. Wprawdzie przed wej\u015bciem z \u017cycie ustawy z dnia 14 sierpnia 2020r. ustawy o szczeg\u00f3lnych rozwi\u0105zaniach dotycz\u0105cych wsparcia [&hellip;]<\/p>\n","protected":false},"author":2,"featured_media":68831,"comment_status":"closed","ping_status":"closed","sticky":false,"template":"","format":"standard","meta":{"footnotes":""},"categories":[8,28,1,555,446],"tags":[],"class_list":["post-68830","post","type-post","status-publish","format-standard","has-post-thumbnail","hentry","category-kolumna-3","category-baner","category-bez-kategorii","category-opinie-nszzp","category-przeglad"],"_links":{"self":[{"href":"http:\/\/nszzp.wroclaw.pl\/index.php\/wp-json\/wp\/v2\/posts\/68830","targetHints":{"allow":["GET"]}}],"collection":[{"href":"http:\/\/nszzp.wroclaw.pl\/index.php\/wp-json\/wp\/v2\/posts"}],"about":[{"href":"http:\/\/nszzp.wroclaw.pl\/index.php\/wp-json\/wp\/v2\/types\/post"}],"author":[{"embeddable":true,"href":"http:\/\/nszzp.wroclaw.pl\/index.php\/wp-json\/wp\/v2\/users\/2"}],"replies":[{"embeddable":true,"href":"http:\/\/nszzp.wroclaw.pl\/index.php\/wp-json\/wp\/v2\/comments?post=68830"}],"version-history":[{"count":4,"href":"http:\/\/nszzp.wroclaw.pl\/index.php\/wp-json\/wp\/v2\/posts\/68830\/revisions"}],"predecessor-version":[{"id":68837,"href":"http:\/\/nszzp.wroclaw.pl\/index.php\/wp-json\/wp\/v2\/posts\/68830\/revisions\/68837"}],"wp:featuredmedia":[{"embeddable":true,"href":"http:\/\/nszzp.wroclaw.pl\/index.php\/wp-json\/wp\/v2\/media\/68831"}],"wp:attachment":[{"href":"http:\/\/nszzp.wroclaw.pl\/index.php\/wp-json\/wp\/v2\/media?parent=68830"}],"wp:term":[{"taxonomy":"category","embeddable":true,"href":"http:\/\/nszzp.wroclaw.pl\/index.php\/wp-json\/wp\/v2\/categories?post=68830"},{"taxonomy":"post_tag","embeddable":true,"href":"http:\/\/nszzp.wroclaw.pl\/index.php\/wp-json\/wp\/v2\/tags?post=68830"}],"curies":[{"name":"wp","href":"https:\/\/api.w.org\/{rel}","templated":true}]}}